{"id":36059,"date":"2026-07-13T16:33:25","date_gmt":"2026-07-13T19:33:25","guid":{"rendered":"https:\/\/grandepremio.com\/es\/?p=36059"},"modified":"2026-07-13T16:33:26","modified_gmt":"2026-07-13T19:33:26","slug":"f1-abandona-reprogramar-gp-bahrein-alerta-ultimas-2026","status":"publish","type":"post","link":"https:\/\/grandepremio.com\/es\/f1\/f1-abandona-reprogramar-gp-bahrein-alerta-ultimas-2026\/","title":{"rendered":"La F1 abandona los planes para reprogramar el GP de Bahr\u00e9in y queda en alerta sobre las \u00faltimas carreras de 2026"},"content":{"rendered":"\n<p class=\"wp-block-paragraph\">De acuerdo con informaciones del sitio web italiano de <em>Motorsport.com<\/em>, la <strong>F\u00f3rmula 1 <\/strong>habr\u00eda abandonado sus planes para intentar correr el <strong>GP de Bahrein<\/strong> debido a <em>la reanudaci\u00f3n del conflicto b\u00e9lico entre Estados Unidos e Ir\u00e1n<\/em>, con ataques a diversos objetivos militares. Hay que recordar que <strong>Bahrein <\/strong>y <strong>Qatar <\/strong>tienen en sus pa\u00edses bases militares estadounidenses, por lo que estaban en alerta sobre posibles ataques.<\/p>\n\n\n\n<p class=\"wp-block-paragraph\">\ud83d\udfe5&nbsp;<strong><em>\u00a1Todas las novedades te esperan en el canal de&nbsp;<\/em><\/strong><a href=\"https:\/\/www.youtube.com\/@GrandePremioES\"><em>YouTube<\/em><\/a><strong><em>&nbsp;de Grande Pr\u00eamio en Espa\u00f1ol!<\/em><\/strong>&nbsp;\ud83d\udfe8<\/p>\n\n\n\n<p class=\"wp-block-paragraph\">Originalmente, la F1 quer\u00eda incluir la carrera de Bahrein entre los<strong> GP de Singapur<\/strong> y de <strong>Azerbaiy\u00e1n<\/strong>, por lo que han quedado en extrema alerta para resolver la cuesti\u00f3n del calendario, porque <strong>Liberty Media<\/strong> garantiz\u00f3 a las televisiones y los sponsors por lo menos 22 eventos. Los equipos no quieren m\u00e1s de una carrera en el mismo circuito, pero se eval\u00faan diferentes opciones para completar el calendario, dado que Qatar y <strong>Abu Dhabi<\/strong> son las carreras del final de la temporada.<\/p>\n\n\n\n<p class=\"wp-block-paragraph\">Aunque se baraj\u00f3 la chance de regresar a Europa para correr en <strong>Portimao <\/strong>y en <strong>\u00cdmola<\/strong>, la realidad es que toda la estructura de la categor\u00eda abandonar\u00e1 el viejo continente despu\u00e9s de la disputa del <strong>GP de Espa\u00f1a<\/strong> en <strong>Madrid <\/strong>el 13 de septiembre, lo que generar\u00eda enormes problemas log\u00edsticos si se programaran estas carreras. Turqu\u00eda se ofreci\u00f3 a albergar una carrera este a\u00f1o, pero necesitan reparaciones en los pianos y barreras de neum\u00e1ticos.<\/p>\n\n\n\n<figure class=\"wp-block-embed is-type-video is-provider-youtube wp-block-embed-youtube wp-embed-aspect-16-9 wp-has-aspect-ratio\"><div class=\"wp-block-embed__wrapper\">\n<iframe loading=\"lazy\" title=\"\u00bfSE ROMPE EL MERCADO DE PILOTOS DE LA F1?\" width=\"500\" height=\"281\" src=\"https:\/\/www.youtube.com\/embed\/cPJ4b39m74k?feature=oembed\" frameborder=\"0\" allow=\"accelerometer; autoplay; clipboard-write; encrypted-media; gyroscope; picture-in-picture; web-share\" referrerpolicy=\"strict-origin-when-cross-origin\" allowfullscreen><\/iframe>\n<\/div><\/figure>\n\n\n\n<p class=\"wp-block-paragraph\">Mientras tanto, la F1 quiere mantener las carreras en <strong>Lusail <\/strong>y <strong>Yas Marina<\/strong> pese a los conflictos en la zona. Estas carreras se pactaron para el fin de semana del 29 de noviembre y el 6 de diciembre. La categor\u00eda fij\u00f3 un plazo definitivo para el 23 de agosto, cuando se corra el <strong>GP de Pa\u00edses Bajos<\/strong>, que ser\u00e1 la reanudaci\u00f3n del campeonato despu\u00e9s del parate de verano.<\/p>\n\n\n\n<p class=\"wp-block-paragraph\">\u23e9&nbsp;<strong><em>\u00a1Seguinos en redes por&nbsp;<\/em><\/strong><a href=\"https:\/\/twitter.com\/grandepremioES\"><em>Twitter&nbsp;<\/em><\/a><strong><em>e&nbsp;<\/em><\/strong><a href=\"https:\/\/www.instagram.com\/grandepremioes\/\"><em>Instagram!<br><\/em><\/a>\u23e9&nbsp;<strong><em>Adem\u00e1s, tenemos nuestro&nbsp;<\/em><\/strong><a href=\"https:\/\/whatsapp.com\/channel\/0029VaDZ5zb0gcfDxuwxBM05\"><em>canal de Whatsapp<\/em><\/a><strong><em>&nbsp;con toda la informaci\u00f3n al instante<\/em><\/strong>&nbsp;\ud83c\udfc1<\/p>\n\n\n\n<p class=\"wp-block-paragraph\">La F\u00f3rmula 1 regresa del 17 al 19 de julio con el Gran Premio de B\u00e9lgica en Spa-Francorchamps, la d\u00e9cima carrera de la temporada 2026 y la cobertura de GRANDE PREMIO en espa\u00f1ol.<\/p>\n","protected":false},"excerpt":{"rendered":"<p>La reanudaci\u00f3n de los conflictos entre Estados Unidos e Ir\u00e1n lleva a la F\u00f3rmula 1 a abandonar los planes para incluir el GP de Bahr\u00e9in en el calendario de 2026 y queda en alerta por la realizaci\u00f3n de las carreras en Qatar y Abu Dhabi. <\/p>\n","protected":false},"author":31,"featured_media":1020308904,"comment_status":"closed","ping_status":"closed","sticky":false,"template":"","format":"standard","meta":{"42wp_featured_image_caption":"F1 Grand Prix of Great Britain - Sprint &amp; Qualifying","42wp_featured_image_credits":"","42wp_featured_video":"","42wp_featured_image_hidden":false,"42wp_authors_list":[],"footnotes":""},"categories":[5],"tags":[1179,1385,1092,179,2315,588,1574,493,7223,624,2307,1638,455,1410,1184],"42wp_author":[14237],"class_list":["post-36059","post","type-post","status-publish","format-standard","has-post-thumbnail","hentry","category-f1","tag-abu-dhabi","tag-azerbaiyan","tag-bahrein","tag-formula-1","tag-gp-de-bahrein-2","tag-gp-de-espana","tag-gp-de-paises-bajos","tag-gp-de-singapur","tag-imola-3","tag-liberty-media","tag-lusail","tag-madrid","tag-portimao","tag-qatar","tag-yas-marina","42wp_author-gabriel-garcia"],"_links":{"self":[{"href":"https:\/\/grandepremio.com\/es\/wp-json\/wp\/v2\/posts\/36059","targetHints":{"allow":["GET"]}}],"collection":[{"href":"https:\/\/grandepremio.com\/es\/wp-json\/wp\/v2\/posts"}],"about":[{"href":"https:\/\/grandepremio.com\/es\/wp-json\/wp\/v2\/types\/post"}],"author":[{"embeddable":true,"href":"https:\/\/grandepremio.com\/es\/wp-json\/wp\/v2\/users\/31"}],"replies":[{"embeddable":true,"href":"https:\/\/grandepremio.com\/es\/wp-json\/wp\/v2\/comments?post=36059"}],"version-history":[{"count":3,"href":"https:\/\/grandepremio.com\/es\/wp-json\/wp\/v2\/posts\/36059\/revisions"}],"predecessor-version":[{"id":36062,"href":"https:\/\/grandepremio.com\/es\/wp-json\/wp\/v2\/posts\/36059\/revisions\/36062"}],"wp:featuredmedia":[{"embeddable":true,"href":"https:\/\/grandepremio.com\/es\/wp-json\/wp\/v2\/media\/1020308904"}],"wp:attachment":[{"href":"https:\/\/grandepremio.com\/es\/wp-json\/wp\/v2\/media?parent=36059"}],"wp:term":[{"taxonomy":"category","embeddable":true,"href":"https:\/\/grandepremio.com\/es\/wp-json\/wp\/v2\/categories?post=36059"},{"taxonomy":"post_tag","embeddable":true,"href":"https:\/\/grandepremio.com\/es\/wp-json\/wp\/v2\/tags?post=36059"},{"taxonomy":"42wp_author","embeddable":true,"href":"https:\/\/grandepremio.com\/es\/wp-json\/wp\/v2\/42wp_author?post=36059"}],"curies":[{"name":"wp","href":"https:\/\/api.w.org\/{rel}","templated":true}]}}