{"id":3606,"date":"2025-12-18T16:43:53","date_gmt":"2025-12-18T19:43:53","guid":{"rendered":"https:\/\/grandepremio.com\/es\/2025\/12\/18\/fia-publica-primeras-imagenes-wrc-2027\/"},"modified":"2025-12-18T16:43:57","modified_gmt":"2025-12-18T19:43:57","slug":"fia-publica-primeras-imagenes-wrc-2027","status":"publish","type":"post","link":"https:\/\/grandepremio.com\/es\/rally\/fia-publica-primeras-imagenes-wrc-2027\/","title":{"rendered":"La FIA publica las primeras im\u00e1genes del nuevo auto del WRC para 2027"},"content":{"rendered":"\n<p class=\"wp-block-paragraph\">Una nueva era se confirm\u00f3 para el <strong>WRC <\/strong>desde la temporada 2027, dejando de lado los motores h\u00edbridos que supo tener, y que tendr\u00e1 una vigencia de 10 a\u00f1os, con la idea de que sea sostenible para fabricantes y equipos, adem\u00e1s de atraer nuevas marcas, escuder\u00edas y pilotos al <strong>Mundial de Rally<\/strong>.<\/p>\n\n\n\n<p class=\"wp-block-paragraph\">\ud83d\udfe5&nbsp;<strong><em>\u00a1Todas las novedades te esperan en el canal de&nbsp;<\/em><\/strong><a href=\"https:\/\/www.youtube.com\/@GrandePremioES\"><em>YouTube<\/em><\/a><strong><em>&nbsp;de Grande Pr\u00eamio en Espa\u00f1ol!<\/em><\/strong>&nbsp;\ud83d\udfe8<\/p>\n\n\n\n<p class=\"wp-block-paragraph\">Los coches se desarrollar\u00e1n con un precio m\u00e1ximo de 345.000 euros, con 290 CV y \u200b\u200bconstruidos sobre un chasis tubular, con una longitud m\u00ednima de 4100 mm y una m\u00e1xima de 4300 mm. La anchura m\u00e1xima es de 1875 mm, la distancia entre ejes es de un m\u00ednimo de 2600 mm y la altura m\u00ednima de 1270 mm.<\/p>\n\n\n\n<p class=\"wp-block-paragraph\">El nuevo modelo tambi\u00e9n estar\u00e1 equipado con un motor de combusti\u00f3n interna turboalimentado de 1.6L, acoplado a un sistema de tracci\u00f3n 4&#215;4 y una caja de cambios de cinco velocidades. La suspensi\u00f3n es de doble horquilla, con sistemas de freno y direcci\u00f3n derivados de las especificaciones actuales de <strong>Rally2<\/strong>.<\/p>\n\n\n\n<figure class=\"wp-block-embed is-type-video is-provider-youtube wp-block-embed-youtube wp-embed-aspect-16-9 wp-has-aspect-ratio\"><div class=\"wp-block-embed__wrapper\">\n<iframe loading=\"lazy\" title=\"\u00bfFRACASO O EVOLUCI\u00d3N? EL BALANCE DE LA TEMPORADA 2025 DE COLAPINTO EN F1\" width=\"500\" height=\"281\" src=\"https:\/\/www.youtube.com\/embed\/SvfHenCafu8?feature=oembed\" frameborder=\"0\" allow=\"accelerometer; autoplay; clipboard-write; encrypted-media; gyroscope; picture-in-picture; web-share\" referrerpolicy=\"strict-origin-when-cross-origin\" allowfullscreen><\/iframe>\n<\/div><\/figure>\n\n\n\n<p class=\"wp-block-paragraph\">Inicialmente, la categor\u00eda competir\u00e1 junto a la principal en 2027, y la <strong>FIA<\/strong> garantizar\u00e1 el equilibrio entre los coches e incluso ajustar\u00e1 el peso si es necesario. La configuraci\u00f3n para el primer ciclo de este nuevo reglamento es un motor de combusti\u00f3n interna turboalimentado de 1.6L alimentado por combustible sostenible, pero la estructura tambi\u00e9n permite la introducci\u00f3n de sistemas de propulsi\u00f3n alternativos en el futuro.<\/p>\n\n\n\n<p class=\"wp-block-paragraph\">De cara al<strong> WRC 2026<\/strong>, <strong>Toyota<\/strong>, <strong>Hyundai<\/strong> y <strong>Ford <\/strong>estar\u00e1n con autos en la clase principal, mientras que, para 2027, el equipo<strong> Project Rally One<\/strong>, liderado por el ingeniero Lionel Hansen y el exdirector de Citro\u00ebn, <strong>Yves Matton<\/strong>, ya ha anunciado su participaci\u00f3n y el martes 23 se aguarda por el ingreso de una nueva marca.<\/p>\n\n\n\n<p class=\"wp-block-paragraph\">\u23e9&nbsp;<strong><em>\u00a1Seguinos en redes por&nbsp;<\/em><\/strong><a href=\"https:\/\/twitter.com\/grandepremioES\"><em>Twitter&nbsp;<\/em><\/a><strong><em>e&nbsp;<\/em><\/strong><a href=\"https:\/\/www.instagram.com\/grandepremioes\/\"><em>Instagram!<br><\/em><\/a>\u23e9&nbsp;<strong><em>Adem\u00e1s, tenemos nuestro&nbsp;<\/em><\/strong><a href=\"https:\/\/whatsapp.com\/channel\/0029VaDZ5zb0gcfDxuwxBM05\"><em>canal de Whatsapp<\/em><\/a><strong><em>&nbsp;con toda la informaci\u00f3n al instante<\/em><\/strong>&nbsp;\ud83c\udfc1<\/p>\n\n\n\n<p class=\"wp-block-paragraph\">La temporada 2026 del WRC comenzar\u00e1 del 22 al 25 de enero con el Rally de Montecarlo en M\u00f3naco. El actual campe\u00f3n es el franc\u00e9s S\u00e9bastien Ogier, de Toyota, quien logr\u00f3 su noveno t\u00edtulo mundial.<\/p>\n","protected":false},"excerpt":{"rendered":"<p>La FIA ha publicado el primer boceto de los coches que se utilizar\u00e1n bajo el nuevo reglamento del Campeonato Mundial de Rally a partir de 2027. El campeonato introducir\u00e1 un l\u00edmite de gasto para atraer nuevos fabricantes.<\/p>\n","protected":false},"author":0,"featured_media":1010384535,"comment_status":"closed","ping_status":"closed","sticky":false,"template":"","format":"standard","meta":{"42wp_featured_image_caption":"","42wp_featured_image_credits":"","42wp_featured_video":"","42wp_featured_image_hidden":false,"42wp_authors_list":[],"footnotes":""},"categories":[9],"tags":[263,2111,1542,3471,13433,9789,206,312,1226,13432,13434],"42wp_author":[14237],"class_list":["post-3606","post","type-post","status-publish","format-standard","has-post-thumbnail","hentry","category-rally","tag-fia","tag-ford","tag-hyundai","tag-mundial-de-rally","tag-project-rally-one","tag-rally2","tag-red-bull","tag-toyota","tag-wrc","tag-wrc-2026","tag-yves-matton","42wp_author-gabriel-garcia"],"_links":{"self":[{"href":"https:\/\/grandepremio.com\/es\/wp-json\/wp\/v2\/posts\/3606","targetHints":{"allow":["GET"]}}],"collection":[{"href":"https:\/\/grandepremio.com\/es\/wp-json\/wp\/v2\/posts"}],"about":[{"href":"https:\/\/grandepremio.com\/es\/wp-json\/wp\/v2\/types\/post"}],"replies":[{"embeddable":true,"href":"https:\/\/grandepremio.com\/es\/wp-json\/wp\/v2\/comments?post=3606"}],"version-history":[{"count":0,"href":"https:\/\/grandepremio.com\/es\/wp-json\/wp\/v2\/posts\/3606\/revisions"}],"wp:featuredmedia":[{"embeddable":true,"href":"https:\/\/grandepremio.com\/es\/wp-json\/wp\/v2\/media\/1010384535"}],"wp:attachment":[{"href":"https:\/\/grandepremio.com\/es\/wp-json\/wp\/v2\/media?parent=3606"}],"wp:term":[{"taxonomy":"category","embeddable":true,"href":"https:\/\/grandepremio.com\/es\/wp-json\/wp\/v2\/categories?post=3606"},{"taxonomy":"post_tag","embeddable":true,"href":"https:\/\/grandepremio.com\/es\/wp-json\/wp\/v2\/tags?post=3606"},{"taxonomy":"42wp_author","embeddable":true,"href":"https:\/\/grandepremio.com\/es\/wp-json\/wp\/v2\/42wp_author?post=3606"}],"curies":[{"name":"wp","href":"https:\/\/api.w.org\/{rel}","templated":true}]}}