{"id":3637,"date":"2025-12-16T16:24:40","date_gmt":"2025-12-16T19:24:40","guid":{"rendered":"https:\/\/grandepremio.com\/es\/2025\/12\/16\/honda-planifica-primera-prueba-motor-850-cc-malasia\/"},"modified":"2025-12-16T16:24:45","modified_gmt":"2025-12-16T19:24:45","slug":"honda-planifica-primera-prueba-motor-850-cc-malasia","status":"publish","type":"post","link":"https:\/\/grandepremio.com\/es\/motogp\/honda-planifica-primera-prueba-motor-850-cc-malasia\/","title":{"rendered":"Honda imita a KTM y planifica su primera prueba con el motor de 850 cc en Malasia"},"content":{"rendered":"\n<p class=\"wp-block-paragraph\">Una semana despu\u00e9s de que <strong>KTM <\/strong>pusiera en pista por primera vez el motor de 850 cc en el circuito de <strong>Jerez<\/strong>, un segundo fabricante, en este caso <strong>Honda<\/strong>, anunci\u00f3 que aprovechar\u00e1 los \u00faltimos d\u00edas del a\u00f1o para probar el motor de <strong>MotoGP 2027<\/strong> en el circuito de <strong>Sepang<\/strong>, seg\u00fan el sitio en espa\u00f1ol de<em> Motosport.com<\/em>.<\/p>\n\n\n\n<p class=\"wp-block-paragraph\">\ud83d\udfe5&nbsp;<strong><em>\u00a1Todas las novedades te esperan en el canal de&nbsp;<\/em><\/strong><a href=\"https:\/\/www.youtube.com\/@GrandePremioES\"><em>YouTube<\/em><\/a><strong><em>&nbsp;de Grande Pr\u00eamio en Espa\u00f1ol!<\/em><\/strong>&nbsp;\ud83d\udfe8<\/p>\n\n\n\n<p class=\"wp-block-paragraph\">El cambio de motor para la temporada 2027 ser\u00e1 el primero en la categor\u00eda desde 2012, cuando se adoptaron los motores de 1000 cc. Los nuevos motores tambi\u00e9n funcionar\u00e1n \u00edntegramente con biocombustible. Se espera que <strong>Takaaki Nakagami<\/strong>, probador de la casa del ala, saldr\u00e1 a pista con una moto del a\u00f1o que viene, pero con los dispositivos de altura desactivados, dado que no se usar\u00e1n en dos a\u00f1os.<\/p>\n\n\n\n<p class=\"wp-block-paragraph\">De cara a la temporada que viene, las motos del <strong>Mundial de Motociclismo<\/strong> ser\u00e1n las mismas, pero los equipos ya trabajan en los prototipos del 2027, que ver\u00e1n cambios en los motores y en la aerodin\u00e1mica. La nueva generaci\u00f3n de motos ya no contar\u00e1 con dispositivos de ajuste de altura de la suspensi\u00f3n, adem\u00e1s de una aerodin\u00e1mica simplificada.<\/p>\n\n\n\n<figure class=\"wp-block-embed is-type-video is-provider-youtube wp-block-embed-youtube wp-embed-aspect-16-9 wp-has-aspect-ratio\"><div class=\"wp-block-embed__wrapper\">\n<iframe loading=\"lazy\" title=\"NORRIS RATIFICA DOMINIO DE MCLAREN; RED BULL SE RECONSTRUYE: RADIOGRAF\u00cdA DE LA F1 2025\" width=\"500\" height=\"281\" src=\"https:\/\/www.youtube.com\/embed\/Rw2G_UVaEfU?feature=oembed\" frameborder=\"0\" allow=\"accelerometer; autoplay; clipboard-write; encrypted-media; gyroscope; picture-in-picture; web-share\" referrerpolicy=\"strict-origin-when-cross-origin\" allowfullscreen><\/iframe>\n<\/div><\/figure>\n\n\n\n<p class=\"wp-block-paragraph\">La idea es mejorar la seguridad del piloto y aumentar la lucha por las posiciones en la pista. Aparte de esto, el campeonato tendr\u00e1 un nuevo proveedor de neum\u00e1ticos en <strong>Pirelli<\/strong>, ya que se acaba el v\u00ednculo en 2026 con <strong>Michelin<\/strong>, que trajo muchos problemas con las presiones de las gomas en las carreras, con sanciones de recargo en segundos para los pilotos.<\/p>\n\n\n\n<p class=\"wp-block-paragraph\">\u23e9&nbsp;<strong><em>\u00a1Seguinos en redes por&nbsp;<\/em><\/strong><a href=\"https:\/\/twitter.com\/grandepremioES\"><em>Twitter&nbsp;<\/em><\/a><strong><em>e&nbsp;<\/em><\/strong><a href=\"https:\/\/www.instagram.com\/grandepremioes\/\"><em>Instagram!<br><\/em><\/a>\u23e9&nbsp;<strong><em>Adem\u00e1s, tenemos nuestro&nbsp;<\/em><\/strong><a href=\"https:\/\/whatsapp.com\/channel\/0029VaDZ5zb0gcfDxuwxBM05\"><em>canal de Whatsapp<\/em><\/a><strong><em>&nbsp;con toda la informaci\u00f3n al instante<\/em><\/strong>&nbsp;\ud83c\udfc1<\/p>\n\n\n\n<p class=\"wp-block-paragraph\">MotoGP regresar\u00e1 a las actividades entre el 29 y el 31 de enero con el shakedown de tres d\u00edas en el circuito de Sepang, en Malasia.<\/p>\n","protected":false},"excerpt":{"rendered":"<p>Takaaki Nakagami probar\u00e1 el nuevo motor de Honda durante esta semana en el circuito de Sepang. Los fabricantes de MotoGP siguen trabajando con la vista puesta en el nuevo reglamento de 2027.<\/p>\n","protected":false},"author":0,"featured_media":1010384318,"comment_status":"closed","ping_status":"closed","sticky":false,"template":"","format":"standard","meta":{"42wp_featured_image_caption":"","42wp_featured_image_credits":"","42wp_featured_video":"","42wp_featured_image_hidden":false,"42wp_authors_list":[],"footnotes":""},"categories":[8],"tags":[11894,221,1381,6216,10078,1764,520,2077,1520],"42wp_author":[14237],"class_list":["post-3637","post","type-post","status-publish","format-standard","has-post-thumbnail","hentry","category-motogp","tag-circuito-de-jerez","tag-honda","tag-ktm","tag-michelin","tag-motogp-2027","tag-mundial-de-motociclismo","tag-pirelli","tag-sepang","tag-takaaki-nakagami","42wp_author-gabriel-garcia"],"_links":{"self":[{"href":"https:\/\/grandepremio.com\/es\/wp-json\/wp\/v2\/posts\/3637","targetHints":{"allow":["GET"]}}],"collection":[{"href":"https:\/\/grandepremio.com\/es\/wp-json\/wp\/v2\/posts"}],"about":[{"href":"https:\/\/grandepremio.com\/es\/wp-json\/wp\/v2\/types\/post"}],"replies":[{"embeddable":true,"href":"https:\/\/grandepremio.com\/es\/wp-json\/wp\/v2\/comments?post=3637"}],"version-history":[{"count":0,"href":"https:\/\/grandepremio.com\/es\/wp-json\/wp\/v2\/posts\/3637\/revisions"}],"wp:featuredmedia":[{"embeddable":true,"href":"https:\/\/grandepremio.com\/es\/wp-json\/wp\/v2\/media\/1010384318"}],"wp:attachment":[{"href":"https:\/\/grandepremio.com\/es\/wp-json\/wp\/v2\/media?parent=3637"}],"wp:term":[{"taxonomy":"category","embeddable":true,"href":"https:\/\/grandepremio.com\/es\/wp-json\/wp\/v2\/categories?post=3637"},{"taxonomy":"post_tag","embeddable":true,"href":"https:\/\/grandepremio.com\/es\/wp-json\/wp\/v2\/tags?post=3637"},{"taxonomy":"42wp_author","embeddable":true,"href":"https:\/\/grandepremio.com\/es\/wp-json\/wp\/v2\/42wp_author?post=3637"}],"curies":[{"name":"wp","href":"https:\/\/api.w.org\/{rel}","templated":true}]}}