{"id":3683,"date":"2025-12-13T08:05:00","date_gmt":"2025-12-13T11:05:00","guid":{"rendered":"https:\/\/grandepremio.com\/es\/2025\/12\/13\/mercedes-evalua-impacto-techo-gasto-f1-2025\/"},"modified":"2025-12-12T16:52:58","modified_gmt":"2025-12-12T19:52:58","slug":"mercedes-evalua-impacto-techo-gasto-f1-2025","status":"publish","type":"post","link":"https:\/\/grandepremio.com\/es\/f1\/mercedes-evalua-impacto-techo-gasto-f1-2025\/","title":{"rendered":"Mercedes eval\u00faa impacto de techo de gasto en F1 2025: &#8220;McLaren podr\u00eda no estar a la altura&#8221;"},"content":{"rendered":"\n<p class=\"wp-block-paragraph\">Uno de los elementos que m\u00e1s pol\u00e9mica ha tra\u00eddo a la<strong> F\u00f3rmula 1<\/strong> es la implementaci\u00f3n del techo de gasto a los equipos, con la intenci\u00f3n de limitar el dominio como el que <strong>Mercedes <\/strong>tuvo en la categor\u00eda entre 2014 y 2020, ganando todos los campeonatos de pilotos y de constructores.<\/p>\n\n\n\n<p class=\"wp-block-paragraph\">\ud83d\udfe5&nbsp;<strong><em>\u00a1Todas las novedades te esperan en el canal de&nbsp;<\/em><\/strong><a href=\"https:\/\/www.youtube.com\/@GrandePremioES\"><em>YouTube<\/em><\/a><strong><em>&nbsp;de Grande Pr\u00eamio en Espa\u00f1ol!<\/em><\/strong>&nbsp;\ud83d\udfe8<\/p>\n\n\n\n<p class=\"wp-block-paragraph\">La F1 y la <strong>FOM <\/strong>quisieron cortar lo ocurrido con el equipo comandado por <strong>Toto Wolff<\/strong>, pero surgi\u00f3 primero el dominio de <strong>Max Verstappen<\/strong> desde 2022 a 2024 y McLaren gan\u00f3 el t\u00edtulo de este a\u00f1o con <strong>Lando Norris<\/strong> y su segundo <strong>Mundial de Constructores <\/strong>consecutivos.<\/p>\n\n\n\n<p class=\"wp-block-paragraph\">Wolff se\u00f1al\u00f3 que el equipo de <strong>Woking <\/strong>pudo resurgir en la F1 por el techo de gasto, que les permiti\u00f3 un mayor desarrollo de su coche y poder actualizar su f\u00e1brica. Para el directivo, se cumpli\u00f3 con el objetivo de que los <em>&#8220;mismos sospechosos de siempre&#8221; <\/em>dominaban porque ten\u00edan mayor capacidad de gastar el dinero disponible.<\/p>\n\n\n\n<p class=\"wp-block-paragraph\"><strong>\u201cSab\u00edamos muy bien cu\u00e1ndo se implement\u00f3 el l\u00edmite presupuestario, no solo desde un punto de vista comercial, sino tambi\u00e9n para crear una mayor igualdad de condiciones entre los equipos. Se acabaron los mismos problemas de siempre gastando m\u00e1s que los dem\u00e1s\u201d<\/strong>, coment\u00f3 Wolff.<\/p>\n\n\n\n<figure class=\"wp-block-embed is-type-video is-provider-youtube wp-block-embed-youtube wp-embed-aspect-16-9 wp-has-aspect-ratio\"><div class=\"wp-block-embed__wrapper\">\n<iframe loading=\"lazy\" title=\"NORRIS RATIFICA DOMINIO DE MCLAREN; RED BULL SE RECONSTRUYE: RADIOGRAF\u00cdA DE LA F1 2025\" width=\"500\" height=\"281\" src=\"https:\/\/www.youtube.com\/embed\/Rw2G_UVaEfU?feature=oembed\" frameborder=\"0\" allow=\"accelerometer; autoplay; clipboard-write; encrypted-media; gyroscope; picture-in-picture; web-share\" referrerpolicy=\"strict-origin-when-cross-origin\" allowfullscreen><\/iframe>\n<\/div><\/figure>\n\n\n\n<p class=\"wp-block-paragraph\">En este caso, Wolff se refiere a Mercedes, Red Bull y <strong>Ferrari<\/strong>, que se encontraban entre los equipos que gastaron entre 400 y 500 millones de d\u00f3lares antes de la implementaci\u00f3n del l\u00edmite de presupuesto. Actualmente, se ha limitado el dispendio de dinero a 135 millones de d\u00f3lares por temporada.<\/p>\n\n\n\n<p class=\"wp-block-paragraph\">Por esto, el austr\u00edaco elogi\u00f3 la medida y puso de ejemplo a McLaren: <strong>\u201cEntonces, \u00bfhabr\u00edamos podido salir de esta situaci\u00f3n con dinero? F\u00edjate en Red Bull o Ferrari: tienen las mismas oportunidades o posibilidades financieras que nosotros. Por lo tanto, esto habr\u00eda terminado en una carrera armament\u00edstica de nuevo\u201d.<\/strong><\/p>\n\n\n\n<p class=\"wp-block-paragraph\"><strong>\u201cY quiz\u00e1s McLaren no estar\u00eda luchando por el t\u00edtulo con nosotros en la cima. Sin embargo, esto es meritocracia. El mejor piloto en el mejor coche gana. Y no fuimos nosotros\u201d<\/strong>, concluy\u00f3 el jefe del equipo anglo-alem\u00e1n.<\/p>\n\n\n\n<p class=\"wp-block-paragraph\">\u23e9&nbsp;<strong><em>\u00a1Seguinos en redes por&nbsp;<\/em><\/strong><a href=\"https:\/\/twitter.com\/grandepremioES\"><em>Twitter&nbsp;<\/em><\/a><strong><em>e&nbsp;<\/em><\/strong><a href=\"https:\/\/www.instagram.com\/grandepremioes\/\"><em>Instagram!<br><\/em><\/a>\u23e9&nbsp;<strong><em>Adem\u00e1s, tenemos nuestro&nbsp;<\/em><\/strong><a href=\"https:\/\/whatsapp.com\/channel\/0029VaDZ5zb0gcfDxuwxBM05\"><em>canal de Whatsapp<\/em><\/a><strong><em>&nbsp;con toda la informaci\u00f3n al instante<\/em><\/strong>&nbsp;\ud83c\udfc1<\/p>\n\n\n\n<p class=\"wp-block-paragraph\">La F\u00f3rmula 1 volver\u00e1 a las pistas en 2026, del 26 al 30 de enero, para la primera tanda de test de pretemporada en el circuito de Barcelona, que no ser\u00e1 emitido por televisi\u00f3n ni tendr\u00e1 cobertura de prensa in situ.<\/p>\n","protected":false},"excerpt":{"rendered":"<p>Toto Wolff, director del equipo Mercedes, afirm\u00f3 que el l\u00edmite de gasto en la F\u00f3rmula 1 surgi\u00f3 para evitar que los &#8220;de siempre&#8221; dominaran el deporte al poder gastar m\u00e1s que otros, lo que los incluye y apunt\u00f3 contra McLaren. <\/p>\n","protected":false},"author":0,"featured_media":1010383877,"comment_status":"closed","ping_status":"closed","sticky":false,"template":"","format":"standard","meta":{"42wp_featured_image_caption":"","42wp_featured_image_credits":"","42wp_featured_video":"","42wp_featured_image_hidden":false,"42wp_authors_list":[],"footnotes":""},"categories":[5],"tags":[1710,185,7251,179,268,249,197,1203,206,569,2646],"42wp_author":[14237],"class_list":["post-3683","post","type-post","status-publish","format-standard","has-post-thumbnail","hentry","category-f1","tag-f1-2025","tag-ferrari","tag-fom","tag-formula-1","tag-lando-norris","tag-max-verstappen","tag-mercedes","tag-mundial-de-constructores","tag-red-bull","tag-toto-wolff","tag-woking","42wp_author-gabriel-garcia"],"_links":{"self":[{"href":"https:\/\/grandepremio.com\/es\/wp-json\/wp\/v2\/posts\/3683","targetHints":{"allow":["GET"]}}],"collection":[{"href":"https:\/\/grandepremio.com\/es\/wp-json\/wp\/v2\/posts"}],"about":[{"href":"https:\/\/grandepremio.com\/es\/wp-json\/wp\/v2\/types\/post"}],"replies":[{"embeddable":true,"href":"https:\/\/grandepremio.com\/es\/wp-json\/wp\/v2\/comments?post=3683"}],"version-history":[{"count":0,"href":"https:\/\/grandepremio.com\/es\/wp-json\/wp\/v2\/posts\/3683\/revisions"}],"wp:featuredmedia":[{"embeddable":true,"href":"https:\/\/grandepremio.com\/es\/wp-json\/wp\/v2\/media\/1010383877"}],"wp:attachment":[{"href":"https:\/\/grandepremio.com\/es\/wp-json\/wp\/v2\/media?parent=3683"}],"wp:term":[{"taxonomy":"category","embeddable":true,"href":"https:\/\/grandepremio.com\/es\/wp-json\/wp\/v2\/categories?post=3683"},{"taxonomy":"post_tag","embeddable":true,"href":"https:\/\/grandepremio.com\/es\/wp-json\/wp\/v2\/tags?post=3683"},{"taxonomy":"42wp_author","embeddable":true,"href":"https:\/\/grandepremio.com\/es\/wp-json\/wp\/v2\/42wp_author?post=3683"}],"curies":[{"name":"wp","href":"https:\/\/api.w.org\/{rel}","templated":true}]}}