{"id":3690,"date":"2025-12-12T12:04:02","date_gmt":"2025-12-12T15:04:02","guid":{"rendered":"https:\/\/grandepremio.com\/es\/2025\/12\/12\/ben-sulayem-reelecto-presidente-fia-pesar-acciones-legales\/"},"modified":"2025-12-12T12:04:07","modified_gmt":"2025-12-12T15:04:07","slug":"ben-sulayem-reelecto-presidente-fia-pesar-acciones-legales","status":"publish","type":"post","link":"https:\/\/grandepremio.com\/es\/f1\/ben-sulayem-reelecto-presidente-fia-pesar-acciones-legales\/","title":{"rendered":"Ben Sulayem es reelecto como presidente de la FIA a pesar de las acciones legales"},"content":{"rendered":"\n<p class=\"wp-block-paragraph\">No es ninguna sorpresa que la Federaci\u00f3n Internacional del Autom\u00f3vil (<strong>FIA<\/strong>) confirmara este viernes que <strong>Mohammed Ben Sulayem<\/strong> fuera reelecto por otros cuatro a\u00f1os, ya que no hab\u00eda candidatos opositores que pudieran disputar la presidencia por la necesidad de contar con un candidato al <strong>Consejo Mundial de Deporte Motor <\/strong>por Sudam\u00e9rica, que apoya al actual mandatario.<\/p>\n\n\n\n<p class=\"wp-block-paragraph\">\ud83d\udfe5&nbsp;<strong><em>\u00a1Todas las novedades te esperan en el canal de&nbsp;<\/em><\/strong><a href=\"https:\/\/www.youtube.com\/@GrandePremioES\"><em>YouTube<\/em><\/a><strong><em>&nbsp;de Grande Pr\u00eamio en Espa\u00f1ol!<\/em><\/strong>&nbsp;\ud83d\udfe8<\/p>\n\n\n\n<p class=\"wp-block-paragraph\">Hay que recordar que <strong>Fabiana Ecclestone<\/strong>, la esposa de <strong>Bernie Ecclestone<\/strong>, el ex jefe de la <strong>F\u00f3rmula 1<\/strong>, es la persona delegada de la regi\u00f3n sudamericana en la entidad y ya brind\u00f3 su apoyo al emirat\u00ed, dejando fuera de juego al resto de candidatos. Por esto, <strong>Tim Mayer<\/strong> ya hab\u00eda declinado de participar en las elecciones. <strong>Laura Villars<\/strong> sigui\u00f3 por la v\u00eda judicial, pero no pudo suspender el proceso electoral y el <strong>Tribunal de Par\u00eds<\/strong> albergar\u00e1 una audiencia el 16 de febrero.<\/p>\n\n\n\n<p class=\"wp-block-paragraph\"><strong>&#8220;Agradezco a todos los miembros de la FIA la memorable cantidad de votos y su confianza depositada nuevamente en m\u00ed. Hemos superado muchos obst\u00e1culos hoy y, juntos, somos m\u00e1s fuertes que nunca. Es un verdadero honor ser presidente de la FIA y me comprometo a seguir d\u00e1ndolo todo por la FIA, el automovilismo, la movilidad y nuestros Clubes Miembros en todas las regiones del mundo&#8221;<\/strong>, declar\u00f3 Ben Sulayem tras las elecciones.<\/p>\n\n\n\n<figure class=\"wp-block-embed is-type-video is-provider-youtube wp-block-embed-youtube wp-embed-aspect-16-9 wp-has-aspect-ratio\"><div class=\"wp-block-embed__wrapper\">\n<iframe loading=\"lazy\" title=\"NORRIS RATIFICA DOMINIO DE MCLAREN; RED BULL SE RECONSTRUYE: RADIOGRAF\u00cdA DE LA F1 2025\" width=\"500\" height=\"281\" src=\"https:\/\/www.youtube.com\/embed\/Rw2G_UVaEfU?feature=oembed\" frameborder=\"0\" allow=\"accelerometer; autoplay; clipboard-write; encrypted-media; gyroscope; picture-in-picture; web-share\" referrerpolicy=\"strict-origin-when-cross-origin\" allowfullscreen><\/iframe>\n<\/div><\/figure>\n\n\n\n<p class=\"wp-block-paragraph\">Inicialmente, el tribunal franc\u00e9s program\u00f3 la primera audiencia para el 3 de diciembre, pero finalmente cambi\u00f3 la fecha, ya que, seg\u00fan el tribunal, el caso<strong> &#8220;debe ser examinado en profundidad por los magistrados&#8221;<\/strong>. Esta situaci\u00f3n le dio luz verde a Ben Sulayem para ser reelecto, algo que ocurri\u00f3 finalmente hoy. Se debe se\u00f1alar que el estatuto de la FIA obliga a los candidatos a presentar un representante por regi\u00f3n mundial, lo que no era posible por Sudam\u00e9rica.<\/p>\n\n\n\n<p class=\"wp-block-paragraph\">Villars le hab\u00eda pedido al Tribunal de Primera Instancia de Par\u00eds que <strong>&#8220;ordenara la suspensi\u00f3n de las elecciones presidenciales de la FIA hasta que se resolviera el fondo de la controversia<\/strong>&#8220;. Finalmente, se ha publicado la lista completa para el segundo mandato de Ben Sulayem al frente de la FIA. Fabiana Ecclestone fue designada como representante para Sudam\u00e9rica, mientras que Abdulla al-Khalifa, Rodrigo Rocha, Daniel Coen, Lung-Nien Lee, <strong>Manuel Avi\u00f1\u00f3<\/strong> y Anna Nordkvist fueron elegidos vicepresidentes para las dem\u00e1s regiones.<\/p>\n\n\n\n<p class=\"wp-block-paragraph\">\u23e9&nbsp;<strong><em>\u00a1Seguinos en redes por&nbsp;<\/em><\/strong><a href=\"https:\/\/twitter.com\/grandepremioES\"><em>Twitter&nbsp;<\/em><\/a><strong><em>e&nbsp;<\/em><\/strong><a href=\"https:\/\/www.instagram.com\/grandepremioes\/\"><em>Instagram!<br><\/em><\/a>\u23e9&nbsp;<strong><em>Adem\u00e1s, tenemos nuestro&nbsp;<\/em><\/strong><a href=\"https:\/\/whatsapp.com\/channel\/0029VaDZ5zb0gcfDxuwxBM05\"><em>canal de Whatsapp<\/em><\/a><strong><em>&nbsp;con toda la informaci\u00f3n al instante<\/em><\/strong>&nbsp;\ud83c\udfc1<\/p>\n\n\n\n<p class=\"wp-block-paragraph\">La F\u00f3rmula 1 volver\u00e1 a las pistas en 2026, del 26 al 30 de enero, para la primera tanda de test de pretemporada en el circuito de Barcelona, que no ser\u00e1 emitido por televisi\u00f3n ni tendr\u00e1 cobertura de prensa in situ.<\/p>\n","protected":false},"excerpt":{"rendered":"<p>La Federaci\u00f3n Internacional del Autom\u00f3vil (FIA) confirm\u00f3 este viernes la reelecci\u00f3n de Mohammed Ben Sulayem como presidente de la entidad para su segundo mandato de cuatro a\u00f1os, a pesar de que Laura Villars, candidata a presidente, contin\u00faa con su demanda en la justicia. <\/p>\n","protected":false},"author":0,"featured_media":1010383836,"comment_status":"closed","ping_status":"closed","sticky":false,"template":"","format":"standard","meta":{"42wp_featured_image_caption":"","42wp_featured_image_credits":"","42wp_featured_video":"","42wp_featured_image_hidden":false,"42wp_authors_list":[],"footnotes":""},"categories":[5],"tags":[202,9596,4513,263,179,12932,13245,1930,11149,13244],"42wp_author":[14237],"class_list":["post-3690","post","type-post","status-publish","format-standard","has-post-thumbnail","hentry","category-f1","tag-bernie-ecclestone","tag-consejo-mundial-de-deporte-motor","tag-fabiana-ecclestone","tag-fia","tag-formula-1","tag-laura-villars","tag-manuel-avino","tag-mohammed-ben-sulayem","tag-tim-mayer","tag-tribunales-de-paris","42wp_author-gabriel-garcia"],"_links":{"self":[{"href":"https:\/\/grandepremio.com\/es\/wp-json\/wp\/v2\/posts\/3690","targetHints":{"allow":["GET"]}}],"collection":[{"href":"https:\/\/grandepremio.com\/es\/wp-json\/wp\/v2\/posts"}],"about":[{"href":"https:\/\/grandepremio.com\/es\/wp-json\/wp\/v2\/types\/post"}],"replies":[{"embeddable":true,"href":"https:\/\/grandepremio.com\/es\/wp-json\/wp\/v2\/comments?post=3690"}],"version-history":[{"count":0,"href":"https:\/\/grandepremio.com\/es\/wp-json\/wp\/v2\/posts\/3690\/revisions"}],"wp:featuredmedia":[{"embeddable":true,"href":"https:\/\/grandepremio.com\/es\/wp-json\/wp\/v2\/media\/1010383836"}],"wp:attachment":[{"href":"https:\/\/grandepremio.com\/es\/wp-json\/wp\/v2\/media?parent=3690"}],"wp:term":[{"taxonomy":"category","embeddable":true,"href":"https:\/\/grandepremio.com\/es\/wp-json\/wp\/v2\/categories?post=3690"},{"taxonomy":"post_tag","embeddable":true,"href":"https:\/\/grandepremio.com\/es\/wp-json\/wp\/v2\/tags?post=3690"},{"taxonomy":"42wp_author","embeddable":true,"href":"https:\/\/grandepremio.com\/es\/wp-json\/wp\/v2\/42wp_author?post=3690"}],"curies":[{"name":"wp","href":"https:\/\/api.w.org\/{rel}","templated":true}]}}