{"id":3752,"date":"2025-12-08T12:13:49","date_gmt":"2025-12-08T15:13:49","guid":{"rendered":"https:\/\/grandepremio.com\/es\/2025\/12\/08\/policia-detiene-sospechoso-robar-martin-valencia\/"},"modified":"2025-12-08T12:13:53","modified_gmt":"2025-12-08T15:13:53","slug":"policia-detiene-sospechoso-robar-martin-valencia","status":"publish","type":"post","link":"https:\/\/grandepremio.com\/es\/motogp\/policia-detiene-sospechoso-robar-martin-valencia\/","title":{"rendered":"Polic\u00eda detiene a sospechoso de robar una bicicleta a Mart\u00edn en el paddock de Valencia"},"content":{"rendered":"\n<p class=\"wp-block-paragraph\">La polic\u00eda espa\u00f1ola, la <strong>Guardia Civil<\/strong>, anunci\u00f3 ayer que detuvo a un hombre de 44 a\u00f1os acusado de robar una bicicleta de <strong>Jorge Mart\u00edn<\/strong> durante el desarrollo del <strong>GP de Valencia<\/strong> del mes pasado, que fue la \u00faltima carrera del a\u00f1o de <strong>MotoGP<\/strong>.<\/p>\n\n\n\n<p class=\"wp-block-paragraph\">\ud83d\udfe5&nbsp;<strong><em>\u00a1Todas las novedades te esperan en el canal de&nbsp;<\/em><\/strong><a href=\"https:\/\/www.youtube.com\/@GrandePremioES\"><em>YouTube<\/em><\/a><strong><em>&nbsp;de Grande Pr\u00eamio en Espa\u00f1ol!<\/em><\/strong>&nbsp;\ud83d\udfe8<\/p>\n\n\n\n<p class=\"wp-block-paragraph\">Hasta el momento, no se pudo recuperar la bicicleta de Mart\u00edn, que fue sustra\u00edda del <em>motorhome,<\/em> ubicado en el <em>paddock<\/em> del <strong>Mundial de Motociclismo<\/strong>, y que est\u00e1 valuada entre 15 mil y 20 mil euros. Seg\u00fan el sitio <em>Crash.net<\/em>, hay dudas en los pilotos y equipos sobre la seguridad que hay en los eventos, ya que el hombre entr\u00f3 con ropa de <strong>KTM <\/strong>y que varias personas fueron robadas en los circuitos, sobre todo en salas de prensa y estacionamientos.<\/p>\n\n\n\n<p class=\"wp-block-paragraph\">En un comunicado de prensa, la Guardia Civil explica que <strong>\u201cdurante la investigaci\u00f3n, [los agentes] analizaron im\u00e1genes de seguridad no solo del circuito, sino tambi\u00e9n de instalaciones cercanas. Entre ellas, las c\u00e1maras de vigilancia de una estaci\u00f3n de servicio cercana al circuito, donde la persona entr\u00f3 con la bicicleta haci\u00e9ndose pasar por miembro de uno de los equipos de la competici\u00f3n\u201d.<\/strong><\/p>\n\n\n\n<figure class=\"wp-block-embed is-type-video is-provider-youtube wp-block-embed-youtube wp-embed-aspect-16-9 wp-has-aspect-ratio\"><div class=\"wp-block-embed__wrapper\">\n<iframe loading=\"lazy\" title=\"NORRIS SE CONSAGRA CAMPE\u00d3N DE F\u00d3RMULA 1 EN ABU DHABI\" width=\"500\" height=\"281\" src=\"https:\/\/www.youtube.com\/embed\/2I_cqeu6FI4?feature=oembed\" frameborder=\"0\" allow=\"accelerometer; autoplay; clipboard-write; encrypted-media; gyroscope; picture-in-picture; web-share\" referrerpolicy=\"strict-origin-when-cross-origin\" allowfullscreen><\/iframe>\n<\/div><\/figure>\n\n\n\n<p class=\"wp-block-paragraph\"><strong>\u201cLos agentes localizaron al posible autor del robo, un hombre residente en Madrid. Tiene antecedentes por otros delitos contra la propiedad. Adem\u00e1s, se encontraba en libertad condicional. El mismo hombre estaba siendo investigado por varios delitos de hurto y por el robo de un veh\u00edculo a motor en un concesionario\u201d<\/strong>, detallaron. <\/p>\n\n\n\n<p class=\"wp-block-paragraph\"><strong>\u00c1ngel Mart\u00edn<\/strong>, padre de Jorge, respondi\u00f3 a la publicaci\u00f3n de la Guardia Civil y confirm\u00f3 que la bicicleta no se pudo recuperar al momento: <strong>\u201cLa bicicleta, lamentablemente, a\u00fan no ha podido ser recuperada\u201d<\/strong>. MotoGP no se ha pronunciado sobre el caso en el momento de redacci\u00f3n de este art\u00edculo.<\/p>\n\n\n\n<p class=\"wp-block-paragraph\">\u23e9&nbsp;<strong><em>\u00a1Seguinos en redes por&nbsp;<\/em><\/strong><a href=\"https:\/\/twitter.com\/grandepremioES\"><em>Twitter&nbsp;<\/em><\/a><strong><em>e&nbsp;<\/em><\/strong><a href=\"https:\/\/www.instagram.com\/grandepremioes\/\"><em>Instagram!<br><\/em><\/a>\u23e9&nbsp;<strong><em>Adem\u00e1s, tenemos nuestro&nbsp;<\/em><\/strong><a href=\"https:\/\/whatsapp.com\/channel\/0029VaDZ5zb0gcfDxuwxBM05\"><em>canal de Whatsapp<\/em><\/a><strong><em>&nbsp;con toda la informaci\u00f3n al instante<\/em><\/strong>&nbsp;\ud83c\udfc1<\/p>\n\n\n\n<p class=\"wp-block-paragraph\">MotoGP regresar\u00e1 a las actividades entre el 29 y el 31 de enero con el shakedown de tres d\u00edas en el circuito de Sepang, en Malasia.<\/p>\n","protected":false},"excerpt":{"rendered":"<p>La Guardia Civil, polic\u00eda de Espa\u00f1a, anunci\u00f3 ayer la detenci\u00f3n de un hombre de 44 a\u00f1os sospechoso de robarle una bicicleta valuada en 20 mil euros a Jorge Mart\u00edn en el paddock del circuito Ricardo Tormo durante el Gran Premio de la Comunidad Valenciana hace un mes. <\/p>\n","protected":false},"author":0,"featured_media":1010383192,"comment_status":"closed","ping_status":"closed","sticky":false,"template":"","format":"standard","meta":{"42wp_featured_image_caption":"","42wp_featured_image_credits":"","42wp_featured_video":"","42wp_featured_image_hidden":false,"42wp_authors_list":[],"footnotes":""},"categories":[8],"tags":[13382,1741,13381,1526,1381,1293,1764],"42wp_author":[14237],"class_list":["post-3752","post","type-post","status-publish","format-standard","has-post-thumbnail","hentry","category-motogp","tag-angel-martin","tag-gp-de-valencia","tag-guardia-civil","tag-jorge-martin","tag-ktm","tag-motogp","tag-mundial-de-motociclismo","42wp_author-gabriel-garcia"],"_links":{"self":[{"href":"https:\/\/grandepremio.com\/es\/wp-json\/wp\/v2\/posts\/3752","targetHints":{"allow":["GET"]}}],"collection":[{"href":"https:\/\/grandepremio.com\/es\/wp-json\/wp\/v2\/posts"}],"about":[{"href":"https:\/\/grandepremio.com\/es\/wp-json\/wp\/v2\/types\/post"}],"replies":[{"embeddable":true,"href":"https:\/\/grandepremio.com\/es\/wp-json\/wp\/v2\/comments?post=3752"}],"version-history":[{"count":0,"href":"https:\/\/grandepremio.com\/es\/wp-json\/wp\/v2\/posts\/3752\/revisions"}],"wp:featuredmedia":[{"embeddable":true,"href":"https:\/\/grandepremio.com\/es\/wp-json\/wp\/v2\/media\/1010383192"}],"wp:attachment":[{"href":"https:\/\/grandepremio.com\/es\/wp-json\/wp\/v2\/media?parent=3752"}],"wp:term":[{"taxonomy":"category","embeddable":true,"href":"https:\/\/grandepremio.com\/es\/wp-json\/wp\/v2\/categories?post=3752"},{"taxonomy":"post_tag","embeddable":true,"href":"https:\/\/grandepremio.com\/es\/wp-json\/wp\/v2\/tags?post=3752"},{"taxonomy":"42wp_author","embeddable":true,"href":"https:\/\/grandepremio.com\/es\/wp-json\/wp\/v2\/42wp_author?post=3752"}],"curies":[{"name":"wp","href":"https:\/\/api.w.org\/{rel}","templated":true}]}}