{"id":3755,"date":"2025-12-08T10:39:00","date_gmt":"2025-12-08T13:39:00","guid":{"rendered":"https:\/\/grandepremio.com\/es\/2025\/12\/08\/akkodis-confirma-continuidad-lopez-temporada-2026-wec-lmgt3\/"},"modified":"2025-12-08T10:39:05","modified_gmt":"2025-12-08T13:39:05","slug":"akkodis-confirma-continuidad-lopez-temporada-2026-wec-lmgt3","status":"publish","type":"post","link":"https:\/\/grandepremio.com\/es\/resistencia\/akkodis-confirma-continuidad-lopez-temporada-2026-wec-lmgt3\/","title":{"rendered":"Akkodis confirma la continuidad de L\u00f3pez para la temporada 2026 del WEC en LMGT3"},"content":{"rendered":"\n<p class=\"wp-block-paragraph\">Luego de terminar su a\u00f1o m\u00e1s exitoso dentro de la clase <strong>LMGT3<\/strong>, <strong>Jos\u00e9 Mar\u00eda L\u00f3pez<\/strong> fue confirmado por <strong>Akkodis<\/strong> para continuar pilotando el <strong>Lexus RC F GT3<\/strong> en la <strong>temporada 2026<\/strong> del <strong>Campeonato Mundial de Resistencia (WEC)<\/strong> y afrontar\u00e1 su tercer a\u00f1o en la especialidad.<\/p>\n\n\n\n<p class=\"wp-block-paragraph\">Pechito integr\u00f3 la tripulaci\u00f3n del <strong>Lexus #87<\/strong> de la escuder\u00eda francesa ligada a <strong>Toyota Gazoo Racing<\/strong> junto a <strong>Clemens Schmid<\/strong> y <strong>Petru Umbrarescu<\/strong>. Despu\u00e9s de un a\u00f1o con resultados discretos, en <strong>2025<\/strong> lograron vicotrias en las <strong>6 Horas de Sao Paulo<\/strong> y las <strong>8 Horas de Bahr\u00e9in<\/strong>, y junto a un cuarto puesto en las <strong>6 Horas de Imola<\/strong> y un quinto lugar en las <strong>24 Horas de Le Mans<\/strong>, consiguieron el tercer lugar en la clasificaci\u00f3n final de la clase LGMT3.<\/p>\n\n\n\n<p class=\"wp-block-paragraph\">\ud83d\udfe5&nbsp;<strong><em>\u00a1Todas las novedades te esperan en el canal de&nbsp;<\/em><\/strong><a href=\"https:\/\/www.youtube.com\/@GrandePremioES\"><em>YouTube<\/em><\/a><strong><em>&nbsp;de Grande Pr\u00eamio en Espa\u00f1ol!<\/em><\/strong>&nbsp;\ud83d\udfe8<\/p>\n\n\n\n<figure class=\"wp-block-image size-large\"><img decoding=\"async\" src=\"https:\/\/grandepremio.com\/es\/wp-content\/uploads\/2025\/12\/G7ZIzqmWkAAl-X7-1024x576.jpeg\" alt=\"\" class=\"wp-image-383168\"\/><figcaption class=\"wp-element-caption\">Akkodis aguarda el estreno del nuevo Toyota GR GT3 para la temporada 2027. (Foto: Toyota)<\/figcaption><\/figure>\n\n\n\n<p class=\"wp-block-paragraph\">\u23e9&nbsp;<strong><em>\u00a1Seguinos en redes por&nbsp;<\/em><\/strong><a href=\"https:\/\/twitter.com\/grandepremioES\"><em>Twitter&nbsp;<\/em><\/a><strong><em>e&nbsp;<\/em><\/strong><a href=\"https:\/\/www.instagram.com\/grandepremioes\/\"><em>Instagram!<br><\/em><\/a>\u23e9&nbsp;<strong><em>Adem\u00e1s, tenemos nuestro&nbsp;<\/em><\/strong><a href=\"https:\/\/whatsapp.com\/channel\/0029VaDZ5zb0gcfDxuwxBM05\"><em>canal de Whatsapp<\/em><\/a><strong><em>&nbsp;con toda la informaci\u00f3n al instante<\/em><\/strong>&nbsp;\ud83c\udfc1<\/p>\n\n\n\n<p class=\"wp-block-paragraph\">El argentino fue designado por Toyota para liderar el equipo de los <strong>GT3<\/strong> y desarrollar el modelo RC F GT3 de Lexus, la marca de lujo de la automotriz japonesa. Por segundo a\u00f1o consecutivo, L\u00f3pez se ausent\u00f3 en una fecha, en la <strong>Lone Star Le Mans<\/strong> de <strong>Austin<\/strong> para reemplazar al lesionado <strong>Mike Conway<\/strong> en el <strong>Hypercar #7<\/strong> tras haber sustituido al mismo piloto en 2024 en <strong>Le Mans<\/strong>, finalizando 2\u00b0 en la general.<\/p>\n\n\n\n<p class=\"wp-block-paragraph\">De esta forma, el oriundo de <strong>R\u00edo Tercero<\/strong> disputar\u00e1 su novena temporada en el <strong>WEC<\/strong>, tras haber debutado en <strong>2017<\/strong> con Toyota en la a\u00fan llamada clase <strong>LMP1<\/strong>. Desde entonces, logr\u00f3 17 victorias (15 en la clase mayor), el triunfo en las 24 Horas de Le Mans de <strong>2021<\/strong> ya con los modelos Hypercar y los t\u00edtulos de pilotos de las <strong>temporadas 2019\/20<\/strong> y <strong>2021<\/strong>.<\/p>\n\n\n\n<p class=\"wp-block-paragraph\">De cara al futuro de Akkodis, el equipo tendr\u00e1 un \u00faltimo a\u00f1o con el Lexus, ya que Toyota present\u00f3 el pasado jueves el <strong>GR GT3<\/strong> con el que afrontar\u00e1 la segunda clase del WEC a partir de <strong>2027<\/strong>, sustituyendo al actual modelo de su divisi\u00f3n de lujo.<\/p>\n\n\n\n<p class=\"wp-block-paragraph\">La primera ronda de la <strong>temporada 2026<\/strong> est\u00e1 programada para los d\u00edas 26, 27 y 28 de marzo en <strong>Qatar<\/strong>. Una semana antes, tambi\u00e9n en <strong>Lusail<\/strong>, se celebra el pr\u00f3logo del <strong>WEC<\/strong>.<\/p>\n\n\n\n<figure class=\"wp-block-embed is-type-video is-provider-youtube wp-block-embed-youtube wp-embed-aspect-16-9 wp-has-aspect-ratio\"><div class=\"wp-block-embed__wrapper\">\n<iframe loading=\"lazy\" title=\"NORRIS SE CONSAGRA CAMPE\u00d3N DE F\u00d3RMULA 1 EN ABU DHABI\" width=\"500\" height=\"281\" src=\"https:\/\/www.youtube.com\/embed\/2I_cqeu6FI4?feature=oembed\" frameborder=\"0\" allow=\"accelerometer; autoplay; clipboard-write; encrypted-media; gyroscope; picture-in-picture; web-share\" referrerpolicy=\"strict-origin-when-cross-origin\" allowfullscreen><\/iframe>\n<\/div><\/figure>\n","protected":false},"excerpt":{"rendered":"<p>El argentino afrontar\u00e1 su novena temporada en el Campeonato Mundial de Resistencia y la tercera en la clase LMGT3. En 2026, tendr\u00e1n un \u00faltimo a\u00f1o con el modelo de Lexus antes del estreno del Toyota GR GT3 en 2027.<\/p>\n","protected":false},"author":0,"featured_media":1010383169,"comment_status":"closed","ping_status":"closed","sticky":false,"template":"","format":"standard","meta":{"42wp_featured_image_caption":"","42wp_featured_image_credits":"","42wp_featured_video":"","42wp_featured_image_hidden":false,"42wp_authors_list":[],"footnotes":""},"categories":[19],"tags":[320,12495,1553,5561,312,311,10241],"42wp_author":[14240],"class_list":["post-3755","post","type-post","status-publish","format-standard","has-post-thumbnail","hentry","category-resistencia","tag-24-horas-de-le-mans","tag-akkodis","tag-jose-maria-lopez","tag-lexus","tag-toyota","tag-wec","tag-wec-2026","42wp_author-ignacio-bogado"],"_links":{"self":[{"href":"https:\/\/grandepremio.com\/es\/wp-json\/wp\/v2\/posts\/3755","targetHints":{"allow":["GET"]}}],"collection":[{"href":"https:\/\/grandepremio.com\/es\/wp-json\/wp\/v2\/posts"}],"about":[{"href":"https:\/\/grandepremio.com\/es\/wp-json\/wp\/v2\/types\/post"}],"replies":[{"embeddable":true,"href":"https:\/\/grandepremio.com\/es\/wp-json\/wp\/v2\/comments?post=3755"}],"version-history":[{"count":0,"href":"https:\/\/grandepremio.com\/es\/wp-json\/wp\/v2\/posts\/3755\/revisions"}],"wp:featuredmedia":[{"embeddable":true,"href":"https:\/\/grandepremio.com\/es\/wp-json\/wp\/v2\/media\/1010383169"}],"wp:attachment":[{"href":"https:\/\/grandepremio.com\/es\/wp-json\/wp\/v2\/media?parent=3755"}],"wp:term":[{"taxonomy":"category","embeddable":true,"href":"https:\/\/grandepremio.com\/es\/wp-json\/wp\/v2\/categories?post=3755"},{"taxonomy":"post_tag","embeddable":true,"href":"https:\/\/grandepremio.com\/es\/wp-json\/wp\/v2\/tags?post=3755"},{"taxonomy":"42wp_author","embeddable":true,"href":"https:\/\/grandepremio.com\/es\/wp-json\/wp\/v2\/42wp_author?post=3755"}],"curies":[{"name":"wp","href":"https:\/\/api.w.org\/{rel}","templated":true}]}}