{"id":3765,"date":"2025-12-07T16:06:39","date_gmt":"2025-12-07T19:06:39","guid":{"rendered":"https:\/\/grandepremio.com\/es\/2025\/12\/07\/verstappen-red-bull-ocon-hulkenberg-sauber-colapinto-alpine-semaforo-gp-abu-dhabi\/"},"modified":"2025-12-07T16:26:18","modified_gmt":"2025-12-07T19:26:18","slug":"verstappen-red-bull-ocon-hulkenberg-sauber-colapinto-alpine-semaforo-gp-abu-dhabi","status":"publish","type":"post","link":"https:\/\/grandepremio.com\/es\/f1\/verstappen-red-bull-ocon-hulkenberg-sauber-colapinto-alpine-semaforo-gp-abu-dhabi\/","title":{"rendered":"Verstappen vence en el final de 2025 y Alpine se hunde: el sem\u00e1foro del GP de Abu Dhabi"},"content":{"rendered":"\n<p class=\"wp-block-paragraph\">La temporada 2025 de <strong>F\u00f3rmula 1<\/strong> lleg\u00f3 a su fin este fin de semana, con la celebraci\u00f3n del <strong>GP de Abu Dhabi<\/strong> en el <strong>Circuito de Yas Marina<\/strong>. <\/p>\n\n\n\n<p class=\"wp-block-paragraph\">\ud83d\udfe5&nbsp;<strong><em>\u00a1Todas las novedades te esperan en el canal de&nbsp;<\/em><\/strong><a href=\"https:\/\/www.youtube.com\/@GrandePremioES\"><em>YouTube<\/em><\/a><strong><em>&nbsp;de Grande Pr\u00eamio en Espa\u00f1ol!<\/em><\/strong>&nbsp;\ud83d\udfe8<\/p>\n\n\n\n<p class=\"wp-block-paragraph\">La vigesimocuarta fecha se vivi\u00f3 con grandes expectativas ante la disputa de <strong>Lando Norris, Max<\/strong> <strong>Verstappen<\/strong> y <strong>Oscar Piastri<\/strong> por el <strong>Campeonato de Pilotos<\/strong>. En la semana previa a la competencia, al igual que en las primeras sesiones del fin de semana, se esperaba un duelo re\u00f1ido por el t\u00edtulo en la carrera del domingo.<\/p>\n\n\n\n<p class=\"wp-block-paragraph\">Con <strong>Norris <\/strong>puntero, <strong>Verstappen <\/strong>segundo y <strong>Piastri<\/strong> tercero en la tabla de posiciones, el neerland\u00e9s se posicionaba como la gran amenaza para las aspiraciones de los pilotos papaya, pero depend\u00eda no solo de obtener una victoria propia, sino de que el #4 finalice en cuarto puesto o peor en <strong>Yas Marina. Norris<\/strong>, en cambio, solo necesitaba ocupar alguno de los puestos del top-3 para asegurar el t\u00edtulo, sin importar el resultado final de <strong>Verstappen<\/strong>. <\/p>\n\n\n\n<p class=\"wp-block-paragraph\">La competencia tuvo un desarrollo lineal y sin incidencias, teniendo como ganador a <strong>Verstappen<\/strong>, escoltado por <strong>Piastri <\/strong>y <strong>Norris<\/strong>, quien se mantuvo en la parte alta de la grilla durante toda la carrera, asegur\u00f3 el tercer lugar tras adelantar a <strong>Yuki Tsunoda<\/strong> luego de su parada en boxes y conquist\u00f3 el t\u00edtulo con 423 puntos, con solo dos de diferencia a favor sobre el tetracampe\u00f3n neerland\u00e9s.<\/p>\n\n\n\n<p class=\"wp-block-paragraph\">\u23e9&nbsp;<strong><em>\u00a1Seguinos en redes por&nbsp;<\/em><\/strong><a href=\"https:\/\/twitter.com\/grandepremioES\"><em>Twitter&nbsp;<\/em><\/a><strong><em>e&nbsp;<\/em><\/strong><a href=\"https:\/\/www.instagram.com\/grandepremioes\/\"><em>Instagram!<\/em><\/a><br>\u23e9&nbsp;<strong><em>Adem\u00e1s, tenemos nuestro&nbsp;<\/em><\/strong><a href=\"https:\/\/whatsapp.com\/channel\/0029VaDZ5zb0gcfDxuwxBM05\"><em>canal de Whatsapp<\/em><\/a><strong><em>&nbsp;con toda la informaci\u00f3n al instante<\/em><\/strong>&nbsp;\ud83c\udfc1<\/p>\n\n\n\n<figure class=\"wp-block-image size-full\"><img decoding=\"async\" src=\"https:\/\/grandepremio.com\/es\/wp-content\/uploads\/..\/gp_br_uploads\/2025\/12\/abu-dhabi-2025-f1-corrida-mclaren-lando-norris-afp-09.jpg\" alt=\"\" class=\"wp-image-382961\"\/><figcaption class=\"wp-element-caption\">Lando Norris se consagr\u00f3 campe\u00f3n de F1 2025 (Foto: AFP) <\/figcaption><\/figure>\n\n\n\n<p class=\"wp-block-paragraph\">Detr\u00e1s de <strong>Verstappen<\/strong>, el ganador de la prueba, se ubicaron <strong>Piastri <\/strong>y <strong>Norris<\/strong>, seguidos por <strong>Charles Leclerc, George Russell, Fernando Alonso, Esteban Ocon, Lewis Hamilton, Nico H\u00fclkenberg<\/strong> y <strong>Lance Stroll<\/strong> completando el top-3. El espa\u00f1ol <strong>Carlos Sainz<\/strong> fue decimotercero, mientras que <strong>Franco Colapinto<\/strong> finaliz\u00f3 \u00faltimo.<\/p>\n\n\n\n<p class=\"wp-block-paragraph\"><strong>En \u00abEl Sem\u00e1foro\u00bb analizaremos qui\u00e9nes se destacaron, pasaron desapercibidos o decepcionaron en el GP de Abu Dhabi, \u00faltima fecha de la temporada 2025 de F1.<\/strong><\/p>\n\n\n\n<p class=\"has-medium-font-size wp-block-paragraph\"><strong>Luz verde &#8211; Max Verstappen:<\/strong><\/p>\n\n\n\n<p class=\"wp-block-paragraph\"><strong>Max Verstappen<\/strong> no se consagr\u00f3 campe\u00f3n, pero finaliz\u00f3 la temporada 2025 con una actuaci\u00f3n superlativa en el <strong>GP de Abu Dhabi<\/strong>. El piloto neerland\u00e9s explot\u00f3 su potencial en la clasificaci\u00f3n del s\u00e1bado y logr\u00f3 la pole position, venciendo al binomio de <strong>McLaren <\/strong>y reafirmando su posici\u00f3n de amenaza para las aspiraciones de campeonato del conjunto de <strong>Woking<\/strong>.<\/p>\n\n\n\n<p class=\"wp-block-paragraph\">En la carrera del domingo, realiz\u00f3 una buena salida y mantuvo una buena distancia con sus perseguidores, ejecutando adem\u00e1s una acertada estrategia que le permiti\u00f3 conseguir la victoria por 12 segundos de diferencia sobre su escolta <strong>Piastri<\/strong>. <\/p>\n\n\n\n<p class=\"wp-block-paragraph\">Aunque el resultado no fue suficiente para lograr el t\u00edtulo, sirvi\u00f3 para posicionarlo como el piloto m\u00e1s vencedor de la temporada, le quit\u00f3 la segunda posici\u00f3n al australiano en el <strong>Mundial <\/strong>y reafirm\u00f3 su posici\u00f3n de protagonista, a pesar de los altibajos de Red Bull en 2025.<\/p>\n\n\n\n<p class=\"has-medium-font-size wp-block-paragraph\"><strong>Luz amarilla &#8211; Nico H\u00fclkenberg<\/strong><\/p>\n\n\n\n<p class=\"wp-block-paragraph\"><strong>Nico H\u00fclkenberg<\/strong> despidi\u00f3 la temporada 2025 y al equipo <strong>Sauber <\/strong>con una remontada en el <strong>GP de Abu Dhabi<\/strong>, mostrando una notoria recuperaci\u00f3n en la carrera del domingo. El alem\u00e1n comenz\u00f3 el fin de semana con una dura ca\u00edda en la Q1 del s\u00e1bado, finalizando 18\u00b0 en la clasificaci\u00f3n y contrastando notablemente con el debutante brasile\u00f1o, que avanz\u00f3 a Q3 y fue s\u00e9ptimo en la sesi\u00f3n.<\/p>\n\n\n\n<p class=\"wp-block-paragraph\">Sin embargo, <strong>H\u00fclkenberg<\/strong> revirti\u00f3 la situaci\u00f3n, avanz\u00f3 varios puestos en la carrera con una buena estrategia y escal\u00f3 hasta la novena posici\u00f3n final, sumando dos puntos para <strong>Sauber<\/strong> en su \u00faltima carrera en la <strong>F1<\/strong>. Aunque qued\u00f3 dos puestos detr\u00e1s de su compa\u00f1ero, logr\u00f3 salir del fondo de la tabla y colabor\u00f3 con un buen resultado para el equipo suizo, yendo de menos a m\u00e1s en <strong>Yas Marina<\/strong>. <\/p>\n\n\n\n<figure class=\"wp-block-image size-full\"><img decoding=\"async\" src=\"https:\/\/grandepremio.com\/es\/wp-content\/uploads\/..\/gp_br_uploads\/2025\/12\/afp-abu-dhabi-2025-f1-treino-livre-alpine-franco-colapinto-01.jpg\" alt=\"\" class=\"wp-image-382522\"\/><figcaption class=\"wp-element-caption\">Alpine tuvo un complicado cierre de la temporada 2025 de F1 (Foto: AFP)<\/figcaption><\/figure>\n\n\n\n<p class=\"has-medium-font-size wp-block-paragraph\"><strong>Luz roja &#8211; Alpine:<\/strong><\/p>\n\n\n\n<p class=\"wp-block-paragraph\">El <strong>GP de Abu Dhabi<\/strong> fue un fiel reflejo del rendimiento general que mostr\u00f3 <strong>Alpine <\/strong>a lo largo de la temporada 2025 de <strong>F1<\/strong>. El equipo franc\u00e9s tuvo un fin de semana donde pas\u00f3 totalmente inadvertido, no pudo luchar por ingresar a la zona de puntos en la carrera, y estuvo muy lejos de acercarse o igualar el desempe\u00f1o en pista de sus rivales, siendo incluso doblados por los punteros en el final de la carrera. <\/p>\n\n\n\n<p class=\"wp-block-paragraph\">Con una doble ca\u00edda en Q1, tanto <strong>Pierre Gasly<\/strong> como <strong>Franco Colapinto<\/strong> repitieron, en carrera, el resultado de la clasificaci\u00f3n y finalizaron 19\u00b0 y 20\u00b0, respectivamente. Con el <strong>A525 <\/strong>ocupando los \u00faltimos dos puestos del clasificador, <strong>Alpine <\/strong>se despide de una compleja temporada 2025 y centra todos sus esfuerzos en 2026, donde aspiran a convertirse en protagonistas del campeonato con el estreno del nuevo reglamento t\u00e9cnico, adem\u00e1s del inicio de su etapa con <strong>Mercedes <\/strong>como proveedor de motores.<\/p>\n\n\n\n<figure class=\"wp-block-embed is-type-video is-provider-youtube wp-block-embed-youtube wp-embed-aspect-16-9 wp-has-aspect-ratio\"><div class=\"wp-block-embed__wrapper\">\n<iframe loading=\"lazy\" title=\"NORRIS SE CONSAGRA CAMPE\u00d3N DE F\u00d3RMULA 1 EN ABU DHABI\" width=\"500\" height=\"281\" src=\"https:\/\/www.youtube.com\/embed\/2I_cqeu6FI4?feature=oembed\" frameborder=\"0\" allow=\"accelerometer; autoplay; clipboard-write; encrypted-media; gyroscope; picture-in-picture; web-share\" referrerpolicy=\"strict-origin-when-cross-origin\" allowfullscreen><\/iframe>\n<\/div><\/figure>\n","protected":false},"excerpt":{"rendered":"<p>El GP de Abu Dhabi fue escenario de la vigesimocuarta y \u00faltima fecha de la temporada 2025 de F1. \u00bfQu\u00e9 pilotos se destacaron, pasaron desapercibidos o decepcionaron en Yas Marina?<\/p>\n","protected":false},"author":0,"featured_media":1010383074,"comment_status":"closed","ping_status":"closed","sticky":false,"template":"","format":"standard","meta":{"42wp_featured_image_caption":"","42wp_featured_image_credits":"","42wp_featured_video":"","42wp_featured_image_hidden":false,"42wp_authors_list":[],"footnotes":""},"categories":[5],"tags":[678,181,1710,185,179,8059,12810,1488,249,8588,427,206,497,9647],"42wp_author":[14239],"class_list":["post-3765","post","type-post","status-publish","format-standard","has-post-thumbnail","hentry","category-f1","tag-alpine","tag-f1","tag-f1-2025","tag-ferrari","tag-formula-1","tag-formula-1-2025","tag-gp-de-abu-dhabi-2025","tag-grande-premio","tag-max-verstappen","tag-nico-hlkenberg","tag-pierre-gasly","tag-red-bull","tag-sauber","tag-temporada-2025-f1","42wp_author-jp-otrosky"],"_links":{"self":[{"href":"https:\/\/grandepremio.com\/es\/wp-json\/wp\/v2\/posts\/3765","targetHints":{"allow":["GET"]}}],"collection":[{"href":"https:\/\/grandepremio.com\/es\/wp-json\/wp\/v2\/posts"}],"about":[{"href":"https:\/\/grandepremio.com\/es\/wp-json\/wp\/v2\/types\/post"}],"replies":[{"embeddable":true,"href":"https:\/\/grandepremio.com\/es\/wp-json\/wp\/v2\/comments?post=3765"}],"version-history":[{"count":0,"href":"https:\/\/grandepremio.com\/es\/wp-json\/wp\/v2\/posts\/3765\/revisions"}],"wp:featuredmedia":[{"embeddable":true,"href":"https:\/\/grandepremio.com\/es\/wp-json\/wp\/v2\/media\/1010383074"}],"wp:attachment":[{"href":"https:\/\/grandepremio.com\/es\/wp-json\/wp\/v2\/media?parent=3765"}],"wp:term":[{"taxonomy":"category","embeddable":true,"href":"https:\/\/grandepremio.com\/es\/wp-json\/wp\/v2\/categories?post=3765"},{"taxonomy":"post_tag","embeddable":true,"href":"https:\/\/grandepremio.com\/es\/wp-json\/wp\/v2\/tags?post=3765"},{"taxonomy":"42wp_author","embeddable":true,"href":"https:\/\/grandepremio.com\/es\/wp-json\/wp\/v2\/42wp_author?post=3765"}],"curies":[{"name":"wp","href":"https:\/\/api.w.org\/{rel}","templated":true}]}}