{"id":3768,"date":"2025-12-07T14:56:39","date_gmt":"2025-12-07T17:56:39","guid":{"rendered":"https:\/\/grandepremio.com\/es\/2025\/12\/07\/jefe-mercedes-celebra-fin-efecto-suelo-f1-2025\/"},"modified":"2025-12-07T14:56:43","modified_gmt":"2025-12-07T17:56:43","slug":"jefe-mercedes-celebra-fin-efecto-suelo-f1-2025","status":"publish","type":"post","link":"https:\/\/grandepremio.com\/es\/f1\/jefe-mercedes-celebra-fin-efecto-suelo-f1-2025\/","title":{"rendered":"Jefe de Mercedes celebra el fin de efecto suelo y revela: &#8220;No quer\u00eda estar aqu\u00ed hoy&#8221;"},"content":{"rendered":"\n<p class=\"wp-block-paragraph\">A pesar de haber terminado segundos en el <strong>Mundial de Constructores<\/strong> de la <strong>F1 2025<\/strong>, el jefe de Mercedes, <strong>Toto Wolff<\/strong>, reconoci\u00f3 que estaba cansado del efecto suelo que impuso la<strong> F\u00f3rmula 1 <\/strong>en 2022 y agradeci\u00f3 que se acabara tras el <strong>GP de Abu Dhabi<\/strong>, adem\u00e1s de decir que ni ganas ten\u00eda de estar en <strong>Yas Marina<\/strong>.<\/p>\n\n\n\n<p class=\"wp-block-paragraph\">\ud83d\udfe5&nbsp;<strong><em>\u00a1Todas las novedades te esperan en el canal de&nbsp;<\/em><\/strong><a href=\"https:\/\/www.youtube.com\/@GrandePremioES\"><em>YouTube<\/em><\/a><strong><em>&nbsp;de Grande Pr\u00eamio en Espa\u00f1ol!<\/em><\/strong>&nbsp;\ud83d\udfe8<\/p>\n\n\n\n<p class=\"wp-block-paragraph\">En la \u00faltima carrera del a\u00f1o, <strong>George Russell<\/strong> termin\u00f3 quinto, superado por el <strong>Ferrari <\/strong>de <strong>Charles Leclerc<\/strong>, y <strong>Andrea Kimi Antonelli<\/strong> apenas acab\u00f3 15\u00b0, en una prueba muy irregular por parte de ambos. Wolff aprovech\u00f3 la entrevista en rueda de prensa para felicitar a <strong>Lando Norris<\/strong> y a <strong>McLaren <\/strong>por los t\u00edtulos de pilotos y constructores, aliviado por el fin de la era t\u00e9cnica actual.<\/p>\n\n\n\n<p class=\"wp-block-paragraph\"><strong>&#8220;Felicidades a McLaren, Lando, Zak y a todo el equipo. Se lo merecen. Hicieron un trabajo excepcional durante los \u00faltimos dos a\u00f1os. Me alegro por ellos. Y, por supuesto, tener un motor Mercedes tambi\u00e9n es genial. Terminamos segundos en el Campeonato Mundial, y eso es respetable. Pero terminar con una carrera mediocre pesa mucho. Esa es la sensaci\u00f3n general hoy&#8221;,<\/strong> expres\u00f3 el austr\u00edaco, muy fastidiado por las circunstancias.<\/p>\n\n\n\n<figure class=\"wp-block-embed is-type-video is-provider-youtube wp-block-embed-youtube wp-embed-aspect-16-9 wp-has-aspect-ratio\"><div class=\"wp-block-embed__wrapper\">\n<iframe loading=\"lazy\" title=\"NORRIS SE CONSAGRA CAMPE\u00d3N DE F\u00d3RMULA 1 EN ABU DHABI\" width=\"500\" height=\"281\" src=\"https:\/\/www.youtube.com\/embed\/2I_cqeu6FI4?feature=oembed\" frameborder=\"0\" allow=\"accelerometer; autoplay; clipboard-write; encrypted-media; gyroscope; picture-in-picture; web-share\" referrerpolicy=\"strict-origin-when-cross-origin\" allowfullscreen><\/iframe>\n<\/div><\/figure>\n\n\n\n<p class=\"wp-block-paragraph\">Wolff tambi\u00e9n destac\u00f3 que el <strong>W16 <\/strong>continu\u00f3 la l\u00ednea de impredecibilidad de sus antecesores y los intentos de <strong>Mercedes <\/strong>por corregir el rumbo y ser m\u00e1s regulares: <strong>\u201cEstos coches a\u00fan no nos convencen. Hemos tenido fines de semana excelentes, pero hoy simplemente no conseguimos que el coche funcionara. El tren delantero sufri\u00f3 mucho. Por eso nos alegra que la era del efecto suelo haya terminado. Estamos listos para algo nuevo. Hoy fue la primera vez que sent\u00ed que no quer\u00eda ir a un circuito\u201d.<\/strong><\/p>\n\n\n\n<p class=\"wp-block-paragraph\">Con el cambio radical de normativa para la<strong> F1 2026<\/strong>, los rivales se\u00f1alan a Mercedes como el favorito natural, aunque Toto evit\u00f3 entusiasmarse: <strong>\u201cEs muy dif\u00edcil de predecir. Nos hemos fijado objetivos internos y vamos por buen camino para cumplirlos. Pero si fueron lo suficientemente ambiciosos, si fueron las prioridades correctas, solo lo sabremos cuando el coche est\u00e9 en la pista. Quedan ocho semanas\u201d.<\/strong><\/p>\n\n\n\n<p class=\"wp-block-paragraph\">\u23e9&nbsp;<strong><em>\u00a1Seguinos en redes por&nbsp;<\/em><\/strong><a href=\"https:\/\/twitter.com\/grandepremioES\"><em>Twitter&nbsp;<\/em><\/a><strong><em>e&nbsp;<\/em><\/strong><a href=\"https:\/\/www.instagram.com\/grandepremioes\/\"><em>Instagram!<br><\/em><\/a>\u23e9&nbsp;<strong><em>Adem\u00e1s, tenemos nuestro&nbsp;<\/em><\/strong><a href=\"https:\/\/whatsapp.com\/channel\/0029VaDZ5zb0gcfDxuwxBM05\"><em>canal de Whatsapp<\/em><\/a><strong><em>&nbsp;con toda la informaci\u00f3n al instante<\/em><\/strong>&nbsp;\ud83c\udfc1<\/p>\n\n\n\n<p class=\"wp-block-paragraph\">La F\u00f3rmula 1 regresa el 9 de diciembre con los entrenamientos colectivos de postemporada en Abu Dhabi, que ser\u00e1 la \u00faltima actividad del a\u00f1o.<\/p>\n","protected":false},"excerpt":{"rendered":"<p>Toto Wolff felicit\u00f3 a McLaren por los Campeonatos Mundiales de Pilotos y Constructores, pero no ocult\u00f3 su frustraci\u00f3n por el bajo rendimiento de Mercedes en el Gran Premio de Abu Dhabi de F\u00f3rmula 1 y se desahog\u00f3 sobre la era del efecto suelo.<\/p>\n","protected":false},"author":0,"featured_media":1010383047,"comment_status":"closed","ping_status":"closed","sticky":false,"template":"","format":"standard","meta":{"42wp_featured_image_caption":"","42wp_featured_image_credits":"","42wp_featured_video":"","42wp_featured_image_hidden":false,"42wp_authors_list":[],"footnotes":""},"categories":[5],"tags":[6800,247,1710,1680,185,179,253,1884,268,269,197,1203,569,11524,1184],"42wp_author":[14237],"class_list":["post-3768","post","type-post","status-publish","format-standard","has-post-thumbnail","hentry","category-f1","tag-andrea-kimi-antonelli","tag-charles-leclerc","tag-f1-2025","tag-f1-2026","tag-ferrari","tag-formula-1","tag-george-russell","tag-gp-de-abu-dhabi","tag-lando-norris","tag-mclaren","tag-mercedes","tag-mundial-de-constructores","tag-toto-wolff","tag-w16","tag-yas-marina","42wp_author-gabriel-garcia"],"_links":{"self":[{"href":"https:\/\/grandepremio.com\/es\/wp-json\/wp\/v2\/posts\/3768","targetHints":{"allow":["GET"]}}],"collection":[{"href":"https:\/\/grandepremio.com\/es\/wp-json\/wp\/v2\/posts"}],"about":[{"href":"https:\/\/grandepremio.com\/es\/wp-json\/wp\/v2\/types\/post"}],"replies":[{"embeddable":true,"href":"https:\/\/grandepremio.com\/es\/wp-json\/wp\/v2\/comments?post=3768"}],"version-history":[{"count":0,"href":"https:\/\/grandepremio.com\/es\/wp-json\/wp\/v2\/posts\/3768\/revisions"}],"wp:featuredmedia":[{"embeddable":true,"href":"https:\/\/grandepremio.com\/es\/wp-json\/wp\/v2\/media\/1010383047"}],"wp:attachment":[{"href":"https:\/\/grandepremio.com\/es\/wp-json\/wp\/v2\/media?parent=3768"}],"wp:term":[{"taxonomy":"category","embeddable":true,"href":"https:\/\/grandepremio.com\/es\/wp-json\/wp\/v2\/categories?post=3768"},{"taxonomy":"post_tag","embeddable":true,"href":"https:\/\/grandepremio.com\/es\/wp-json\/wp\/v2\/tags?post=3768"},{"taxonomy":"42wp_author","embeddable":true,"href":"https:\/\/grandepremio.com\/es\/wp-json\/wp\/v2\/42wp_author?post=3768"}],"curies":[{"name":"wp","href":"https:\/\/api.w.org\/{rel}","templated":true}]}}