{"id":38908,"date":"2026-08-22T07:39:35","date_gmt":"2026-08-22T10:39:35","guid":{"rendered":"https:\/\/grandepremio.com\/es\/?p=38908"},"modified":"2026-08-22T07:53:40","modified_gmt":"2026-08-22T10:53:40","slug":"russell-vence-de-punta-a-punta-la-carrera-sprint-del-gp-de-paises-bajos-colapinto-es-12","status":"publish","type":"post","link":"https:\/\/grandepremio.com\/es\/f1\/russell-vence-de-punta-a-punta-la-carrera-sprint-del-gp-de-paises-bajos-colapinto-es-12\/","title":{"rendered":"Russell vence de punta a punta la carrera sprint del GP de Pa\u00edses Bajos; Colapinto es 12\u00b0"},"content":{"rendered":"\n<p class=\"wp-block-paragraph\">En una competencia corta sin sobresaltos ni grandes cambios, George Russell conquist\u00f3 la carrera sprint del GP de Pa\u00edses Bajos. El brit\u00e1nico de Mercedes se impuso por 1s3 sobre la Ferrari de Charles Leclerc, quien pudo efectuar la maniobra m\u00e1s trascendental de la carrera al superar a Lando Norris. Por su parte, el brit\u00e1nico de McLaren debi\u00f3 conformarse con el tercer lugar, a 5s1 de la punta.<\/p>\n\n\n\n<p class=\"wp-block-paragraph\">M\u00e1s atr\u00e1s en el clasificador, Kimi Antonelli qued\u00f3 cuarto con el Mercedes, seguido por el McLaren de Oscar Piastri. Luego, Max Verstappen (Red Bull), Lewis Hamilton (Ferrari), Pierre Gasly (Alpine), Gabriel Bortoleto (Audi) y Arvid Lindblad (Racing Bulls) completaron los diez primeros lugares.<\/p>\n\n\n\n<p class=\"wp-block-paragraph\">Franco Colapinto, como es habitual, tuvo una interesante largada en la que pudo superar al Racing Bulls de Yuki Tsunoda. De esta manera, el argentino de Alpine pudo establecerse al comienzo en la 12\u00b0 posici\u00f3n. A partir de ah\u00ed, logr\u00f3 mantener el ritmo hasta cruzar la bandera a cuadros en esa ubicaci\u00f3n.<\/p>\n\n\n\n<p class=\"wp-block-paragraph\">La F\u00f3rmula 1 continuar\u00e1 con su actividad este mismo s\u00e1bado para celebrar la clasificaci\u00f3n del GP de Pa\u00edses Bajos.<\/p>\n\n\n\n<figure class=\"wp-block-embed is-type-video is-provider-youtube wp-block-embed-youtube wp-embed-aspect-16-9 wp-has-aspect-ratio\"><div class=\"wp-block-embed__wrapper\">\n<iframe loading=\"lazy\" title=\"GP DE PA\u00cdSES BAJOS 2026 - LA PREVIA\" width=\"500\" height=\"281\" src=\"https:\/\/www.youtube.com\/embed\/FTlgpKTR8BI?feature=oembed\" frameborder=\"0\" allow=\"accelerometer; autoplay; clipboard-write; encrypted-media; gyroscope; picture-in-picture; web-share\" referrerpolicy=\"strict-origin-when-cross-origin\" allowfullscreen><\/iframe>\n<\/div><\/figure>\n\n\n\n<p class=\"wp-block-paragraph\"><strong>\u00bfC\u00f3mo fue la carrera sprint del GP de Pa\u00edses Bajos?<\/strong><\/p>\n\n\n\n<p class=\"wp-block-paragraph\"><a href=\"https:\/\/grandepremio.com\/es\/f1\/russell-conquista-la-pole-para-la-carrera-sprint-del-gp-de-paises-bajos-colapinto-13\/\" data-type=\"link\" data-id=\"https:\/\/grandepremio.com\/es\/f1\/russell-conquista-la-pole-para-la-carrera-sprint-del-gp-de-paises-bajos-colapinto-13\/\">Luego de la pole de George Russell durante el viernes<\/a>, la F\u00f3rmula 1 volvi\u00f3 a la pista este s\u00e1bado temprano para celebrar la carrera sprint del GP de Pa\u00edses Bajos. Como dato relevante para la formaci\u00f3n de la grilla, tanto Fernando Alonso, de Aston Martin, como Carlos Sainz, de Williams, debieron partir desde boxes por cambios en la puesta a punto de sus autos bajo el r\u00e9gimen de parque cerrado.<\/p>\n\n\n\n<p class=\"wp-block-paragraph\">A la hora de salir al asfalto, las primeras filas estaban conformadas por Russell y Lando Norris en la primera, con Charles Leclerc y Oscar Piastri en la segunda, y con Kimi Antonelli con Max Verstappen en la tercera. Franco Colapinto, por su parte, part\u00eda desde la posici\u00f3n 13\u00b0 con el Alpine. En lo referente a los neum\u00e1ticos, la elecci\u00f3n preponderante era el neum\u00e1tico medio, con excepci\u00f3n de Leclerc y Ollie Bearman -este \u00faltimo en el fondo del pelot\u00f3n-, que escogieron la goma blanda.<\/p>\n\n\n\n<figure class=\"wp-block-image size-large\"><img loading=\"lazy\" decoding=\"async\" width=\"1024\" height=\"683\" src=\"https:\/\/grandepremio.com\/es\/wp-content\/uploads\/2026\/08\/Leclerc-Sprint-Paises-Bajos-ES_3-1024x683.jpg\" alt=\"\" class=\"wp-image-1020312516\" srcset=\"https:\/\/grandepremio.com\/wp-content\/uploads\/2026\/08\/Leclerc-Sprint-Paises-Bajos-ES_3-1024x683.jpg 1024w, https:\/\/grandepremio.com\/wp-content\/uploads\/2026\/08\/Leclerc-Sprint-Paises-Bajos-ES_3-300x200.jpg 300w, https:\/\/grandepremio.com\/wp-content\/uploads\/2026\/08\/Leclerc-Sprint-Paises-Bajos-ES_3-768x512.jpg 768w, https:\/\/grandepremio.com\/wp-content\/uploads\/2026\/08\/Leclerc-Sprint-Paises-Bajos-ES_3-1536x1025.jpg 1536w, https:\/\/grandepremio.com\/wp-content\/uploads\/2026\/08\/Leclerc-Sprint-Paises-Bajos-ES_3-150x100.jpg 150w, https:\/\/grandepremio.com\/wp-content\/uploads\/2026\/08\/Leclerc-Sprint-Paises-Bajos-ES_3.jpg 2048w\" sizes=\"(max-width: 1024px) 100vw, 1024px\" \/><figcaption class=\"wp-element-caption\">Charles Leclerc fue uno de los \u00fanicos en optar por correr con goma blanda. (Foto: Ferrari)<\/figcaption><\/figure>\n\n\n\n<p class=\"wp-block-paragraph\">Cuando se apagaron los sem\u00e1foros, la salida fue limpia. Russell se mantuvo por delante de Norris y Leclerc. Antonelli pas\u00f3 al cuarto lugar por delante de Piastri y Colapinto subi\u00f3 al 12\u00b0 al superar al Racing Bulls de Yuki Tsunoda. P\u00e9rez tuvo problemas al comienzo por un paso por boxes, y Nico H\u00fclkenberg, de Audi, tambi\u00e9n cay\u00f3 muchas posiciones en el arranque con un consecuente abandono posterior.<\/p>\n\n\n\n<p class=\"wp-block-paragraph\">Sin cambios posicionales, el top-10 al cabo de 8\/24 vueltas estaba conformado por Russell, Norris, Leclerc, Antonelli, Piastri, Verstappen, Hamilton, Gasly, Bortoleto y Lindblad. M\u00e1s atr\u00e1s, Colapinto era 12\u00b0, ya establecido por delante de Tsunoda y m\u00e1s all\u00e1 de un intento de adelantamiento sobre Lawson en la vuelta 1.<\/p>\n\n\n\n<figure class=\"wp-block-image size-full\"><img loading=\"lazy\" decoding=\"async\" width=\"992\" height=\"558\" src=\"https:\/\/grandepremio.com\/es\/wp-content\/uploads\/2026\/08\/Colapinto-Sprint-Paises-Bajos-ES.jpg\" alt=\"\" class=\"wp-image-1020312518\" srcset=\"https:\/\/grandepremio.com\/wp-content\/uploads\/2026\/08\/Colapinto-Sprint-Paises-Bajos-ES.jpg 992w, https:\/\/grandepremio.com\/wp-content\/uploads\/2026\/08\/Colapinto-Sprint-Paises-Bajos-ES-300x169.jpg 300w, https:\/\/grandepremio.com\/wp-content\/uploads\/2026\/08\/Colapinto-Sprint-Paises-Bajos-ES-768x432.jpg 768w, https:\/\/grandepremio.com\/wp-content\/uploads\/2026\/08\/Colapinto-Sprint-Paises-Bajos-ES-150x84.jpg 150w\" sizes=\"(max-width: 992px) 100vw, 992px\" \/><figcaption class=\"wp-element-caption\">Franco Colapinto, otra vez con una buena largada. (Foto: Reuters)<\/figcaption><\/figure>\n\n\n\n<p class=\"wp-block-paragraph\">A 1s5 de la punta de Russell, Norris se quejaba de falta de adherencia en el tren trasero de su McLaren. Leclerc, por su parte, estaba cada vez m\u00e1s cerca a 0s5 del campe\u00f3n brit\u00e1nico. Antonelli tambi\u00e9n se encontraba al acecho, a menos de medio segundo del monegasco.<\/p>\n\n\n\n<p class=\"wp-block-paragraph\">Con el correr de las vueltas, Leclerc segu\u00eda mostr\u00e1ndole el auto a Norris, aunque reci\u00e9n en la vuelta 18 podr\u00eda ejecutar un ajustado adelantamiento en la curva 1. As\u00ed, el brit\u00e1nico tambi\u00e9n qued\u00f3 justo por delante de Antonelli y a muy poca diferencia. Adelante, mientras tanto, Russell se manten\u00eda como l\u00edder, ahora con m\u00e1s de 1s de diferencia sobre su nuevo escolta Leclerc.<\/p>\n\n\n\n<figure class=\"wp-block-image size-large\"><img loading=\"lazy\" decoding=\"async\" width=\"1024\" height=\"683\" src=\"https:\/\/grandepremio.com\/es\/wp-content\/uploads\/2026\/08\/Antonelli-Sprint-Paises-Bajos-ES-2_2-1024x683.jpg\" alt=\"\" class=\"wp-image-1020312515\" srcset=\"https:\/\/grandepremio.com\/wp-content\/uploads\/2026\/08\/Antonelli-Sprint-Paises-Bajos-ES-2_2-1024x683.jpg 1024w, https:\/\/grandepremio.com\/wp-content\/uploads\/2026\/08\/Antonelli-Sprint-Paises-Bajos-ES-2_2-300x200.jpg 300w, https:\/\/grandepremio.com\/wp-content\/uploads\/2026\/08\/Antonelli-Sprint-Paises-Bajos-ES-2_2-768x512.jpg 768w, https:\/\/grandepremio.com\/wp-content\/uploads\/2026\/08\/Antonelli-Sprint-Paises-Bajos-ES-2_2-1536x1025.jpg 1536w, https:\/\/grandepremio.com\/wp-content\/uploads\/2026\/08\/Antonelli-Sprint-Paises-Bajos-ES-2_2-150x100.jpg 150w, https:\/\/grandepremio.com\/wp-content\/uploads\/2026\/08\/Antonelli-Sprint-Paises-Bajos-ES-2_2.jpg 2048w\" sizes=\"(max-width: 1024px) 100vw, 1024px\" \/><figcaption class=\"wp-element-caption\">Kimi Antonelli no pudo llegar al podio en la carrera sprint del GP de Pa\u00edses Bajos. (Foto: Mercedes)<\/figcaption><\/figure>\n\n\n\n<p class=\"wp-block-paragraph\">A cinco giros del final, el top-10 estaba compuesto por Russell, Leclerc, Norris, Antonelli, Piastri, Verstappen, Hamilton y Gasly en los ocho puestos puntuables, y con Bortoleto y Lindblad cerrando las diez primeras posiciones. Colapinto, por su parte, segu\u00eda 12\u00b0 por delante de Tsunoda.<\/p>\n\n\n\n<p class=\"wp-block-paragraph\">Sobre el cierre, la gran novedad fue la lluvia en la vuelta final, aunque sin tiempo para mojar la pista y generar nuevas alternativas. De esta manera, Russell pudo alcanzar la victoria en la carrera corta de Zandvoort, escoltado por Leclerc y Norris en el podio. Colapinto, con buena tarea, 12\u00b0 la bandera a cuadros con el Alpine.<\/p>\n\n\n\n<p class=\"wp-block-paragraph\"><strong>F\u00f3rmula 1 &#8211; Carrera sprint &#8211; GP de Pa\u00edses Bajos<\/strong><\/p>\n\n\n\n<figure class=\"wp-block-table\"><table class=\"has-fixed-layout\"><tbody><tr><td>POS<\/td><td>Piloto<\/td><td>Equipe<\/td><td>Diff<\/td><\/tr><tr><td>1<\/td><td>G RUSSELL<\/td><td>Mercedes<\/td><td>24 voltas<\/td><\/tr><tr><td>2<\/td><td>C LECLERC<\/td><td>Ferrari<\/td><td>+1.360<\/td><\/tr><tr><td>3<\/td><td>L NORRIS<\/td><td>McLaren Mercedes<\/td><td>+5.196<\/td><\/tr><tr><td>4<\/td><td>A K ANTONELLI<\/td><td>Mercedes<\/td><td>+5.581<\/td><\/tr><tr><td>5<\/td><td>O PIASTRI<\/td><td>McLaren Mercedes<\/td><td>+10.581<\/td><\/tr><tr><td>6<\/td><td>M VERSTAPPEN<\/td><td>Red Bull RBPT Ford<\/td><td>+10.529<\/td><\/tr><tr><td>7<\/td><td>L HAMILTON<\/td><td>Ferrari<\/td><td>+12.188<\/td><\/tr><tr><td>8<\/td><td>P GASLY<\/td><td>Alpine Mercedes<\/td><td>+42.510<\/td><\/tr><tr><td>9<\/td><td>G BORTOLETO<\/td><td>Audi<\/td><td>+44.437<\/td><\/tr><tr><td>10<\/td><td>A LINDBLAD<\/td><td>Racing Bulls RBPT Ford<\/td><td>+44.971<\/td><\/tr><tr><td>11<\/td><td>L LAWSON<\/td><td>Red Bull RBPT Ford<\/td><td>+47.471<\/td><\/tr><tr><td>12<\/td><td>F COLAPINTO<\/td><td>Alpine Mercedes<\/td><td>+54.466<\/td><\/tr><tr><td>13<\/td><td>Y TSUNODA<\/td><td>Racing Bulls RBPT Ford<\/td><td>+56.483<\/td><\/tr><tr><td>14<\/td><td>E OCON<\/td><td>Haas Ferrari<\/td><td>+1:06.098<\/td><\/tr><tr><td>15<\/td><td>O BEARMAN<\/td><td>Haas Ferrari<\/td><td>+1:06.588<\/td><\/tr><tr><td>16<\/td><td>A ALBON<\/td><td>Williams Mercedes<\/td><td>+1:14.632<\/td><\/tr><tr><td>17<\/td><td>L STROLL<\/td><td>Aston Martin Honda<\/td><td>+1:14.650<\/td><\/tr><tr><td>18<\/td><td>F ALONSO<\/td><td>Aston Martin Honda<\/td><td>+1:15.284<\/td><\/tr><tr><td>19<\/td><td>V BOTTAS<\/td><td>Cadillac Ferrari<\/td><td>+1 vuelta<\/td><\/tr><tr><td>20<\/td><td>C SAINZ<\/td><td>Williams Mercedes<\/td><td>+1 vuelta<\/td><\/tr><tr><td>21<\/td><td>S P\u00c9REZ<\/td><td>Cadillac Ferrari<\/td><td>+3 vueltas<\/td><\/tr><tr><td>22<\/td><td>N H\u00dcLKENBERG<\/td><td>Audi<\/td><td>Abandon\u00f3<\/td><\/tr><\/tbody><\/table><\/figure>\n\n\n\n<p class=\"wp-block-paragraph\"><strong>Los Horarios del fin de semana de la F\u00f3rmula 1 en Zandvoort<\/strong><\/p>\n\n\n\n<figure class=\"wp-block-image size-large\"><img loading=\"lazy\" decoding=\"async\" width=\"1024\" height=\"576\" src=\"https:\/\/grandepremio.com\/es\/wp-content\/uploads\/2026\/08\/Horarios-Paises-Bajos-WEB-1024x576.jpg\" alt=\"\" class=\"wp-image-1020312286\" srcset=\"https:\/\/grandepremio.com\/wp-content\/uploads\/2026\/08\/Horarios-Paises-Bajos-WEB-1024x576.jpg 1024w, https:\/\/grandepremio.com\/wp-content\/uploads\/2026\/08\/Horarios-Paises-Bajos-WEB-300x169.jpg 300w, https:\/\/grandepremio.com\/wp-content\/uploads\/2026\/08\/Horarios-Paises-Bajos-WEB-768x432.jpg 768w, https:\/\/grandepremio.com\/wp-content\/uploads\/2026\/08\/Horarios-Paises-Bajos-WEB-1536x864.jpg 1536w, https:\/\/grandepremio.com\/wp-content\/uploads\/2026\/08\/Horarios-Paises-Bajos-WEB-1200x675.jpg 1200w, https:\/\/grandepremio.com\/wp-content\/uploads\/2026\/08\/Horarios-Paises-Bajos-WEB-150x84.jpg 150w, https:\/\/grandepremio.com\/wp-content\/uploads\/2026\/08\/Horarios-Paises-Bajos-WEB.jpg 1920w\" sizes=\"(max-width: 1024px) 100vw, 1024px\" \/><figcaption class=\"wp-element-caption\">Arte: Ignacio Bogado \/ Grande Premio en Espa\u00f1ol<\/figcaption><\/figure>\n\n\n\n<p class=\"wp-block-paragraph\"> <\/p>\n\n\n\n<p class=\"wp-block-paragraph\"><\/p>\n","protected":false},"excerpt":{"rendered":"<p>George Russell lider\u00f3 de principio a fin y gan\u00f3 una lineal carrera sprint del GP de Pa\u00edses Bajos. Charles Leclerc y Lando Norris completaron el top-3, mientras que Franco Colapinto fue 12\u00b0.<\/p>\n","protected":false},"author":15,"featured_media":1020312513,"comment_status":"closed","ping_status":"closed","sticky":false,"template":"","format":"standard","meta":{"42wp_featured_image_caption":"Russell Sprint venci\u00f3 la carrera sprint del GP de Pa\u00edses Bajos ","42wp_featured_image_credits":"AFP","42wp_featured_video":"","42wp_featured_image_hidden":false,"42wp_authors_list":[{"id":14223,"location":""}],"footnotes":""},"categories":[5],"tags":[678,181,1680,179,814,253,9072,249,197,206],"42wp_author":[14223],"class_list":["post-38908","post","type-post","status-publish","format-standard","has-post-thumbnail","hentry","category-f1","tag-alpine","tag-f1","tag-f1-2026","tag-formula-1","tag-franco-colapinto","tag-george-russell","tag-kimi-antonelli","tag-max-verstappen","tag-mercedes","tag-red-bull","42wp_author-esteban-nieto"],"_links":{"self":[{"href":"https:\/\/grandepremio.com\/es\/wp-json\/wp\/v2\/posts\/38908","targetHints":{"allow":["GET"]}}],"collection":[{"href":"https:\/\/grandepremio.com\/es\/wp-json\/wp\/v2\/posts"}],"about":[{"href":"https:\/\/grandepremio.com\/es\/wp-json\/wp\/v2\/types\/post"}],"author":[{"embeddable":true,"href":"https:\/\/grandepremio.com\/es\/wp-json\/wp\/v2\/users\/15"}],"replies":[{"embeddable":true,"href":"https:\/\/grandepremio.com\/es\/wp-json\/wp\/v2\/comments?post=38908"}],"version-history":[{"count":4,"href":"https:\/\/grandepremio.com\/es\/wp-json\/wp\/v2\/posts\/38908\/revisions"}],"predecessor-version":[{"id":38915,"href":"https:\/\/grandepremio.com\/es\/wp-json\/wp\/v2\/posts\/38908\/revisions\/38915"}],"wp:featuredmedia":[{"embeddable":true,"href":"https:\/\/grandepremio.com\/es\/wp-json\/wp\/v2\/media\/1020312513"}],"wp:attachment":[{"href":"https:\/\/grandepremio.com\/es\/wp-json\/wp\/v2\/media?parent=38908"}],"wp:term":[{"taxonomy":"category","embeddable":true,"href":"https:\/\/grandepremio.com\/es\/wp-json\/wp\/v2\/categories?post=38908"},{"taxonomy":"post_tag","embeddable":true,"href":"https:\/\/grandepremio.com\/es\/wp-json\/wp\/v2\/tags?post=38908"},{"taxonomy":"42wp_author","embeddable":true,"href":"https:\/\/grandepremio.com\/es\/wp-json\/wp\/v2\/42wp_author?post=38908"}],"curies":[{"name":"wp","href":"https:\/\/api.w.org\/{rel}","templated":true}]}}