{"id":38961,"date":"2026-08-22T13:55:32","date_gmt":"2026-08-22T16:55:32","guid":{"rendered":"https:\/\/grandepremio.com\/es\/?p=38961"},"modified":"2026-08-22T13:55:58","modified_gmt":"2026-08-22T16:55:58","slug":"lando-norris-mclaren-clasificacion-gp-paises-bajos-f1-2026-2","status":"publish","type":"post","link":"https:\/\/grandepremio.com\/es\/f1\/lando-norris-mclaren-clasificacion-gp-paises-bajos-f1-2026-2\/","title":{"rendered":"Norris destaca trabajo de McLaren tras marcar la pole del GP de Pa\u00edses Bajos"},"content":{"rendered":"\n<h3 class=\"wp-block-heading\">Puntos Clave<\/h3>\n\n\n\n<ul class=\"wp-block-list\">\n<li><strong>Lando Norris<\/strong> se qued\u00f3 con la <em>pole position<\/em> para el GP de los Pa\u00edses Bajos al superar a <a href=\"https:\/\/grandepremio.com\/es\/f1\/george-russell-mercedes-pole-carrera-sprint-gp-paises-bajos-f1-2026\/\" target=\"_blank\" rel=\"noopener\">George Russell<\/a> por 0s102 en el Q3 de la clasificaci\u00f3n.<\/li>\n\n\n\n<li>El brit\u00e1nico de McLaren admiti\u00f3 estar &#8220;sorprendido&#8221; con el resultado tras las modificaciones de puesta a punto realizadas en el monoplaza luego de la carrera <em>sprint<\/em>.<\/li>\n\n\n\n<li>Los peque\u00f1os ajustes le otorgaron a Norris la confianza necesaria para atacar los l\u00edmites del exigente trazado de Zandvoort.<\/li>\n<\/ul>\n\n\n\n<p class=\"wp-block-paragraph\"><strong>Lando Norris<\/strong> se mostr\u00f3 optimista tras conquistar la pole position para el <strong>GP de Paises Bajos<\/strong>, y elogi\u00f3 a <strong>McLaren <\/strong>por realizar ajustes clave en la configuraci\u00f3n que le permitieron llevar el auto al l\u00edmite en <strong>Zandvoort<\/strong>.<\/p>\n\n\n\n<p class=\"wp-block-paragraph\">\ud83d\udfe5 <strong><em>\u00a1Todas las novedades te esperan en el canal de\u00a0<\/em><\/strong><a href=\"https:\/\/www.youtube.com\/@GrandePremioES\"><em>YouTube<\/em><\/a><strong><em>\u00a0de Grande Pr\u00eamio en Espa\u00f1ol!<\/em><\/strong> \ud83d\udfe8<\/p>\n\n\n\n<figure class=\"wp-block-embed is-type-video is-provider-youtube wp-block-embed-youtube wp-embed-aspect-16-9 wp-has-aspect-ratio\"><div class=\"wp-block-embed__wrapper\">\n<iframe loading=\"lazy\" title=\"GP DE PA\u00cdSES BAJOS 2026 - LA PREVIA\" width=\"500\" height=\"281\" src=\"https:\/\/www.youtube.com\/embed\/FTlgpKTR8BI?feature=oembed\" frameborder=\"0\" allow=\"accelerometer; autoplay; clipboard-write; encrypted-media; gyroscope; picture-in-picture; web-share\" referrerpolicy=\"strict-origin-when-cross-origin\" allowfullscreen><\/iframe>\n<\/div><\/figure>\n\n\n\n<p class=\"wp-block-paragraph\"><strong>McLaren <\/strong>mostr\u00f3 un gran ritmo en una sola vuelta durante la clasificaci\u00f3n sprint del viernes, pero tras quedar detr\u00e1s de <strong>Charles Leclerc<\/strong> durante la carrera sprint del s\u00e1bado por la ma\u00f1ana, <strong>Norris <\/strong>reconoci\u00f3 que el equipo necesitaba sacar m\u00e1s rendimiento de antes de la clasificaci\u00f3n principal.<\/p>\n\n\n\n<p class=\"wp-block-paragraph\">El campe\u00f3n mundial apareci\u00f3 en la instancia decisiva, marcando un tiempo de 1:11.163 en la Q3 para superar a su rival de <strong>Mercedes, George Russell<\/strong>, por 0s102. En declaraciones en el parque cerrado, Norris admiti\u00f3 que el resultado super\u00f3 sus expectativas inmediatas.<\/p>\n\n\n\n<p class=\"wp-block-paragraph\">\u201cPara ser honesto, estoy un poco sorprendido. Fue una vuelta decente en la que presion\u00e9 al m\u00e1ximo porque sab\u00eda lo ajustadas que estaban las diferencias: 0s010 o 0s020 pueden marcar una diferencia enorme aqu\u00ed\u201d, dijo. <\/p>\n\n\n\n<p class=\"wp-block-paragraph\">\u201cFue un giro positivo de los acontecimientos en comparaci\u00f3n con lo que tuvimos esta ma\u00f1ana. El equipo hizo un gran trabajo al sacar un poco m\u00e1s de rendimiento del auto, y eso definitivamente ayud\u00f3\u201d, a\u00f1adi\u00f3.<\/p>\n\n\n\n<p class=\"wp-block-paragraph\">\u23ef\u00a0<strong><em>\u00a1Seguinos en redes por\u00a0<\/em><\/strong><a href=\"https:\/\/twitter.com\/grandepremioES\"><em>Twitter\u00a0<\/em><\/a><strong><em>e\u00a0<\/em><\/strong><a href=\"https:\/\/www.instagram.com\/grandepremioes\/\"><em>Instagram!<\/em><\/a><br>\u23ef\u00a0<strong><em>Adem\u00e1s, tenemos nuestro\u00a0<\/em><\/strong><a href=\"https:\/\/whatsapp.com\/channel\/0029VaDZ5zb0gcfDxuwxBM05\"><em>canal de WhatsApp<\/em><\/a><strong><em>\u00a0con toda la informaci\u00f3n al instante<\/em><\/strong> \ud83c\udfc1<\/p>\n\n\n\n<figure class=\"wp-block-image size-large\"><img loading=\"lazy\" decoding=\"async\" width=\"1024\" height=\"683\" src=\"https:\/\/grandepremio.com\/br\/wp-content\/uploads\/2026\/08\/f1-2026-paises-baixos-classificacao-sprint-mclaren-lando-norris-01-1-1024x683.jpeg\" alt=\"F1 2026, PAISES BAIXOS, QUALY SPRINT, MCLAREN, LANDO NORRIS\" class=\"wp-image-1020312401\" srcset=\"https:\/\/grandepremio.com\/wp-content\/uploads\/2026\/08\/f1-2026-paises-baixos-classificacao-sprint-mclaren-lando-norris-01-1-1024x683.jpeg 1024w, https:\/\/grandepremio.com\/wp-content\/uploads\/2026\/08\/f1-2026-paises-baixos-classificacao-sprint-mclaren-lando-norris-01-1-300x200.jpeg 300w, https:\/\/grandepremio.com\/wp-content\/uploads\/2026\/08\/f1-2026-paises-baixos-classificacao-sprint-mclaren-lando-norris-01-1-768x512.jpeg 768w, https:\/\/grandepremio.com\/wp-content\/uploads\/2026\/08\/f1-2026-paises-baixos-classificacao-sprint-mclaren-lando-norris-01-1-1536x1025.jpeg 1536w, https:\/\/grandepremio.com\/wp-content\/uploads\/2026\/08\/f1-2026-paises-baixos-classificacao-sprint-mclaren-lando-norris-01-1-150x100.jpeg 150w, https:\/\/grandepremio.com\/wp-content\/uploads\/2026\/08\/f1-2026-paises-baixos-classificacao-sprint-mclaren-lando-norris-01-1.jpeg 2048w\" sizes=\"(max-width: 1024px) 100vw, 1024px\" \/><figcaption class=\"wp-element-caption\">Lando Norris will start on pole position for the Dutch Grand Prix (Photo: McLaren)<\/figcaption><\/figure>\n\n\n\n<p class=\"wp-block-paragraph\"><strong>Norris <\/strong>destac\u00f3 que, si bien los ajustes en la configuraci\u00f3n fueron sutiles, le brindaron la confianza en el manejo necesaria para sacar el m\u00e1ximo ritmo en el circuito holand\u00e9s, estrecho y con peraltes pronunciados.<\/p>\n\n\n\n<p class=\"wp-block-paragraph\">\u201cTen\u00edamos que intentar algo porque nuestra configuraci\u00f3n anterior no era suficiente. Hicimos algunos peque\u00f1os cambios, pero lo suficiente para darme m\u00e1s confianza en una pista como <strong>Zandvoort<\/strong>\u201d, concluy\u00f3.<\/p>\n\n\n\n<p class=\"wp-block-paragraph\">La actividad en&nbsp;<strong>Zandvoort&nbsp;<\/strong>continuar\u00e1 este domingo para celebrar el \u00faltimo&nbsp;<strong>GP de Pa\u00edses Bajos<\/strong>, que se despedir\u00e1 formalmente del calendario de la&nbsp;<strong>F\u00f3rmula 1<\/strong>.<\/p>\n\n\n\n<figure class=\"wp-block-image size-large\"><img loading=\"lazy\" decoding=\"async\" width=\"1024\" height=\"576\" src=\"https:\/\/grandepremio.com\/es\/wp-content\/uploads\/2026\/08\/Horarios-Paises-Bajos-WEB-1024x576.jpg\" alt=\"\" class=\"wp-image-1020312286\" srcset=\"https:\/\/grandepremio.com\/wp-content\/uploads\/2026\/08\/Horarios-Paises-Bajos-WEB-1024x576.jpg 1024w, https:\/\/grandepremio.com\/wp-content\/uploads\/2026\/08\/Horarios-Paises-Bajos-WEB-300x169.jpg 300w, https:\/\/grandepremio.com\/wp-content\/uploads\/2026\/08\/Horarios-Paises-Bajos-WEB-768x432.jpg 768w, https:\/\/grandepremio.com\/wp-content\/uploads\/2026\/08\/Horarios-Paises-Bajos-WEB-1536x864.jpg 1536w, https:\/\/grandepremio.com\/wp-content\/uploads\/2026\/08\/Horarios-Paises-Bajos-WEB-1200x675.jpg 1200w, https:\/\/grandepremio.com\/wp-content\/uploads\/2026\/08\/Horarios-Paises-Bajos-WEB-150x84.jpg 150w, https:\/\/grandepremio.com\/wp-content\/uploads\/2026\/08\/Horarios-Paises-Bajos-WEB.jpg 1920w\" sizes=\"(max-width: 1024px) 100vw, 1024px\" \/><figcaption class=\"wp-element-caption\">Arte: Ignacio Bogado \/ Grande Premio en Espa\u00f1ol<\/figcaption><\/figure>\n\n\n\n<h3 class=\"wp-block-heading\">Preguntas Frecuentes (FAQ):<\/h3>\n\n\n\n<p class=\"wp-block-paragraph\"><strong>1. \u00bfPor qu\u00e9 margen consigui\u00f3 Lando Norris la pole position en Zandvoort?<\/strong><\/p>\n\n\n\n<p class=\"wp-block-paragraph\">Lando Norris consigui\u00f3 la pole position con una ventaja de 0s102 sobre el piloto de Mercedes George Russell.<\/p>\n\n\n\n<p class=\"wp-block-paragraph\"><strong>2. \u00bfEn qu\u00e9 posici\u00f3n termin\u00f3 Lando Norris en la carrera sprint de Zandvoort?<\/strong><\/p>\n\n\n\n<p class=\"wp-block-paragraph\">Norris termin\u00f3 tercero en la carrera Sprint del s\u00e1bado, detr\u00e1s de George Russell y Charles Leclerc.<\/p>\n\n\n\n<p class=\"wp-block-paragraph\"><strong>3. \u00bfQui\u00e9n compartir\u00e1 la primera fila con Lando Norris en la carrera del domingo?<\/strong><\/p>\n\n\n\n<p class=\"wp-block-paragraph\">George Russell partir\u00e1 en segundo lugar, junto a Norris, en la primera fila de la parrilla.<\/p>\n\n\n\n<p class=\"wp-block-paragraph\"><\/p>\n","protected":false},"excerpt":{"rendered":"<p>Lando Norris super\u00f3 a George Russell en la clasificaci\u00f3n del Gran Premio de los Pa\u00edses Bajos y elogi\u00f3 las modificaciones introducidas por la escuder\u00eda para la sesi\u00f3n decisiva<\/p>\n","protected":false},"author":2,"featured_media":1020312509,"comment_status":"closed","ping_status":"closed","sticky":false,"template":"","format":"standard","meta":{"42wp_featured_image_caption":"Lando Norris","42wp_featured_image_credits":"McLaren","42wp_featured_video":"","42wp_featured_image_hidden":false,"42wp_authors_list":[{"id":14239,"location":""}],"footnotes":""},"categories":[5],"tags":[181,1680,179,2429,12473,1488,268,4010],"42wp_author":[14239],"class_list":["post-38961","post","type-post","status-publish","format-standard","has-post-thumbnail","hentry","category-f1","tag-f1","tag-f1-2026","tag-formula-1","tag-formula-1-2026","tag-gp-de-paises-bajos-2026","tag-grande-premio","tag-lando-norris","tag-temporada-2026-f1","42wp_author-jp-otrosky"],"_links":{"self":[{"href":"https:\/\/grandepremio.com\/es\/wp-json\/wp\/v2\/posts\/38961","targetHints":{"allow":["GET"]}}],"collection":[{"href":"https:\/\/grandepremio.com\/es\/wp-json\/wp\/v2\/posts"}],"about":[{"href":"https:\/\/grandepremio.com\/es\/wp-json\/wp\/v2\/types\/post"}],"author":[{"embeddable":true,"href":"https:\/\/grandepremio.com\/es\/wp-json\/wp\/v2\/users\/2"}],"replies":[{"embeddable":true,"href":"https:\/\/grandepremio.com\/es\/wp-json\/wp\/v2\/comments?post=38961"}],"version-history":[{"count":3,"href":"https:\/\/grandepremio.com\/es\/wp-json\/wp\/v2\/posts\/38961\/revisions"}],"predecessor-version":[{"id":38975,"href":"https:\/\/grandepremio.com\/es\/wp-json\/wp\/v2\/posts\/38961\/revisions\/38975"}],"wp:featuredmedia":[{"embeddable":true,"href":"https:\/\/grandepremio.com\/es\/wp-json\/wp\/v2\/media\/1020312509"}],"wp:attachment":[{"href":"https:\/\/grandepremio.com\/es\/wp-json\/wp\/v2\/media?parent=38961"}],"wp:term":[{"taxonomy":"category","embeddable":true,"href":"https:\/\/grandepremio.com\/es\/wp-json\/wp\/v2\/categories?post=38961"},{"taxonomy":"post_tag","embeddable":true,"href":"https:\/\/grandepremio.com\/es\/wp-json\/wp\/v2\/tags?post=38961"},{"taxonomy":"42wp_author","embeddable":true,"href":"https:\/\/grandepremio.com\/es\/wp-json\/wp\/v2\/42wp_author?post=38961"}],"curies":[{"name":"wp","href":"https:\/\/api.w.org\/{rel}","templated":true}]}}