{"id":38967,"date":"2026-08-22T14:43:22","date_gmt":"2026-08-22T17:43:22","guid":{"rendered":"https:\/\/grandepremio.com\/es\/?p=38967"},"modified":"2026-08-23T09:31:37","modified_gmt":"2026-08-23T12:31:37","slug":"las-cinco-claves-clasificacion-del-gp-de-paises-bajos-de-formula-1","status":"publish","type":"post","link":"https:\/\/grandepremio.com\/es\/f1\/las-cinco-claves-clasificacion-del-gp-de-paises-bajos-de-formula-1\/","title":{"rendered":"Las cinco claves de la clasificaci\u00f3n del GP de Pa\u00edses Bajos de F\u00f3rmula 1"},"content":{"rendered":"\n<p class=\"wp-block-paragraph\"><strong><a href=\"https:\/\/grandepremio.com\/es\/f1\/antonelli-conquista-el-gp-de-belgica-russell-abandona-y-colapinto-es-10\/\" data-type=\"link\" data-id=\"https:\/\/grandepremio.com\/es\/f1\/antonelli-conquista-el-gp-de-belgica-russell-abandona-y-colapinto-es-10\/\">Luego de la victoria del McLaren de Lando Norris en Hungr\u00eda,<\/a>\u00a0y de casi un mes de receso por vacaciones, la F\u00f3rmula 1<\/strong>\u00a0<strong>lleg\u00f3 <\/strong>al circuito de Zandvoort para disputar este fin de semana el \u00faltimo <strong>GP de Pa\u00edses Bajos, <\/strong>que se despide del calendario de la categor\u00eda. Y este s\u00e1bado, <a href=\"https:\/\/grandepremio.com\/es\/f1\/norris-se-impone-ante-russell-y-logra-la-pole-del-gp-de-paises-bajos-colapinto-es-14\/\" data-type=\"link\" data-id=\"https:\/\/grandepremio.com\/es\/f1\/norris-se-impone-ante-russell-y-logra-la-pole-del-gp-de-paises-bajos-colapinto-es-14\/\">el propio Norris se impuso en la disputa por la pole position<\/a>.\u00a0Detr\u00e1s suyo, la dupla de Mercedes, compuesta por George Russell y Kimi Antonelli, complet\u00f3 el top-3 a 0s102 y 0s133 respectivamente.  <\/p>\n\n\n\n<p class=\"wp-block-paragraph\">M\u00e1s atr\u00e1s en el clasificador, Oscar Piastri se ubic\u00f3 cuarto con el otro McLaren, seguido por las Ferrari de Lewis Hamilton y de Charles Leclerc. Luego, Max Verstappen (Red Bull), Liam Lawson (Red Bull), Gabriel Bortoleto (Audi) y Arvid Lindblad (Racing Bulls) completaron los diez primeros lugares. Franco Colapinto, por su parte, fue 14\u00b0 con el Alpine.<\/p>\n\n\n\n<p class=\"wp-block-paragraph\">En lo que respecta al tr\u00e1mite de la clasificaci\u00f3n, las tres fases tuvieron en com\u00fan el dominio de McLaren, en primera instancia con Piastri y en las \u00faltimas dos fases con Norris. Sin embargo, las diferencias en los tiempos eran muy ajustadas y nunca llegaron a mostrar un panorama definido en favor del equipo de Woking. La llegada de la lluvia en el cierre de la Q3 encontr\u00f3 a Norris como el m\u00e1s beneficiado al haber terminado antes la vuelta que sus rivales, que se encontraron con menos adherencia en el \u00faltimo sector. <\/p>\n\n\n\n<p class=\"wp-block-paragraph\">Con algo de anticipaci\u00f3n ante la incipiente humedad del asfalto, el top-3 se cerr\u00f3 con Norris con la pole y con los Mercedes de Russell y Antonelli a solo una d\u00e9cima en un final bastante abierto. <\/p>\n\n\n\n<div class=\"wp-block-group is-nowrap is-layout-flex wp-container-core-group-is-layout-8f761849 wp-block-group-is-layout-flex\">\n<figure class=\"wp-block-image size-full\"><img loading=\"lazy\" decoding=\"async\" width=\"1024\" height=\"682\" src=\"https:\/\/grandepremio.com\/es\/wp-content\/uploads\/2026\/08\/Colapinto-Clasificacion-Paises-Bajos-ES.jpg\" alt=\"\" class=\"wp-image-1020312550\" srcset=\"https:\/\/grandepremio.com\/wp-content\/uploads\/2026\/08\/Colapinto-Clasificacion-Paises-Bajos-ES.jpg 1024w, https:\/\/grandepremio.com\/wp-content\/uploads\/2026\/08\/Colapinto-Clasificacion-Paises-Bajos-ES-300x200.jpg 300w, https:\/\/grandepremio.com\/wp-content\/uploads\/2026\/08\/Colapinto-Clasificacion-Paises-Bajos-ES-768x512.jpg 768w, https:\/\/grandepremio.com\/wp-content\/uploads\/2026\/08\/Colapinto-Clasificacion-Paises-Bajos-ES-150x100.jpg 150w\" sizes=\"(max-width: 1024px) 100vw, 1024px\" \/><figcaption class=\"wp-element-caption\">Franco Colapinto largar\u00e1 14\u00b0 en el GP de Pa\u00edses Bajos. (Foto: AFP)<\/figcaption><\/figure>\n<\/div>\n\n\n\n<p class=\"wp-block-paragraph\"><strong>Completada la segunda jornada, listamos las cinco claves de la clasificaci\u00f3n del GP de Pa\u00edses Bajos:<\/strong><\/p>\n\n\n\n<p class=\"wp-block-paragraph\"><strong>Norris, con el &#8220;1&#8221; y con dudas<\/strong><\/p>\n\n\n\n<p class=\"wp-block-paragraph\">El campe\u00f3n de la temporada 2025 volvi\u00f3 a mostrar un buen ritmo de clasificaci\u00f3n y obtuvo su segunda pole consecutiva. Y si bien en la pasada carrera en Hungr\u00eda gan\u00f3 con autoridad, Lando Norris enfrent\u00f3 este s\u00e1bado problemas de degradaci\u00f3n que perjudicaron su ritmo en la carrera sprint, donde fue tercero. La inc\u00f3gnita ser\u00e1 ver si McLaren logr\u00f3 solucionar ese d\u00e9ficit para que el brit\u00e1nico pueda lucirse como en Hungaroring.<\/p>\n\n\n\n<p class=\"wp-block-paragraph\"><strong>Mercedes, a la caza<\/strong><\/p>\n\n\n\n<p class=\"wp-block-paragraph\">El equipo alem\u00e1n logr\u00f3 clasificar a George Russell y a Kimi Antonelli en el segundo y el tercer lugar de largada respectivamente. Ganador en la sprint y m\u00e1s consistente en la quali, Russell parece haber recuperado la competitividad y es candidato para lograr su tercera victoria en el campeonato. El italiano, por su parte, no deslumbra este fin de semana en Zandvoort, pero con un podio le alcanza para irse contento como l\u00edder del campeonato. <\/p>\n\n\n\n<p class=\"wp-block-paragraph\"><strong>Ferrari, con algunas chances <\/strong><\/p>\n\n\n\n<p class=\"wp-block-paragraph\">Tanto el viernes como el s\u00e1bado, Ferrari estuvo lejos de brillar en las dos clasificaciones del fin de semana de Pa\u00edses Bajos. Sin embargo, la gran carrera sprint de Charles Leclerc mostr\u00f3 que en Zandvoort la SF-26 es un auto interesante por su ritmo de carrera. Con una buena largada y una estrategia correcta, el avance desde la tercera fila de los autos de Maranello es factible para convertirse en protagonistas.  <\/p>\n\n\n\n<p class=\"wp-block-paragraph\"><strong>Verstappen y un contexto<\/strong> <strong>adverso<\/strong><\/p>\n\n\n\n<p class=\"wp-block-paragraph\">Las sonrisas por la renovaci\u00f3n de su contrato con Red Bull y el gran recibimiento por correr por \u00faltima vez ante su gente maquillaron un poco la dura actualidad del tetracampe\u00f3n en el transcurso del fin de semana. En ninguna tanda pudo estar m\u00e1s arriba del sexto lugar, y solo el 10% de probabilidad de lluvia del domingo puede invitarlo a tener una actuaci\u00f3n consagratoria en el &#8220;last dance&#8221; del circuito de Zandvoort. <\/p>\n\n\n\n<p class=\"wp-block-paragraph\"><strong>Colapinto<\/strong> <strong>y un resultado l\u00f3gico <\/strong><\/p>\n\n\n\n<p class=\"wp-block-paragraph\">Con un Alpine desactualizado, Franco Colapinto tuvo una buena clasificaci\u00f3n, muy cerca de su compa\u00f1ero Pierre Gasly, quien lleva las mejoras del Alpine que el argentino tendr\u00e1 reci\u00e9n en la pr\u00f3xima carrera en Italia. Su 14\u00b0 lugar cayendo en la Q2 es lo m\u00e1ximo que pod\u00eda hacer, en parte porque el tr\u00e1fico arruin\u00f3 su vuelta final cuando buscaba una heroica clasificaci\u00f3n a Q3. Sus chances de puntuar son pocas por la dificultad para adelantar, aunque en Zandvoort, Colapinto tuvo su mejor carrera en 2025. <\/p>\n\n\n\n<p class=\"wp-block-paragraph\"><strong>La gran inc\u00f3gnita del domingo ser\u00e1 si el campe\u00f3n <\/strong><strong>Lando Norris podr\u00e1 alcanzar su segundo triunfo segundo en la F1 2026. P<\/strong><strong>or otro lado, tambi\u00e9n ser\u00e1 un foco de atenci\u00f3n la posibilidad de puntuar para Franco Colapinto<\/strong>.<\/p>\n\n\n\n<p class=\"wp-block-paragraph\"><\/p>\n","protected":false},"excerpt":{"rendered":"<p>\u00bfCu\u00e1les fueron las cinco claves que dej\u00f3 la clasificaci\u00f3n del GP de Pa\u00edses Bajos de la F\u00f3rmula 1 2026?<\/p>\n","protected":false},"author":15,"featured_media":1020312575,"comment_status":"closed","ping_status":"closed","sticky":false,"template":"","format":"standard","meta":{"42wp_featured_image_caption":"Lando Norris se qued\u00f3 con la pole position del GP de Pa\u00edses Bajos","42wp_featured_image_credits":"McLaren","42wp_featured_video":"","42wp_featured_image_hidden":false,"42wp_authors_list":[],"footnotes":""},"categories":[5],"tags":[12850,678,247,181,1680,185,179,814,253,1574,9072,199,249,197,206],"42wp_author":[14223],"class_list":["post-38967","post","type-post","status-publish","format-standard","has-post-thumbnail","hentry","category-f1","tag-5-claves-del-gp-de-paises-bajos","tag-alpine","tag-charles-leclerc","tag-f1","tag-f1-2026","tag-ferrari","tag-formula-1","tag-franco-colapinto","tag-george-russell","tag-gp-de-paises-bajos","tag-kimi-antonelli","tag-lewis-hamilton","tag-max-verstappen","tag-mercedes","tag-red-bull","42wp_author-esteban-nieto"],"_links":{"self":[{"href":"https:\/\/grandepremio.com\/es\/wp-json\/wp\/v2\/posts\/38967","targetHints":{"allow":["GET"]}}],"collection":[{"href":"https:\/\/grandepremio.com\/es\/wp-json\/wp\/v2\/posts"}],"about":[{"href":"https:\/\/grandepremio.com\/es\/wp-json\/wp\/v2\/types\/post"}],"author":[{"embeddable":true,"href":"https:\/\/grandepremio.com\/es\/wp-json\/wp\/v2\/users\/15"}],"replies":[{"embeddable":true,"href":"https:\/\/grandepremio.com\/es\/wp-json\/wp\/v2\/comments?post=38967"}],"version-history":[{"count":3,"href":"https:\/\/grandepremio.com\/es\/wp-json\/wp\/v2\/posts\/38967\/revisions"}],"predecessor-version":[{"id":38996,"href":"https:\/\/grandepremio.com\/es\/wp-json\/wp\/v2\/posts\/38967\/revisions\/38996"}],"wp:featuredmedia":[{"embeddable":true,"href":"https:\/\/grandepremio.com\/es\/wp-json\/wp\/v2\/media\/1020312575"}],"wp:attachment":[{"href":"https:\/\/grandepremio.com\/es\/wp-json\/wp\/v2\/media?parent=38967"}],"wp:term":[{"taxonomy":"category","embeddable":true,"href":"https:\/\/grandepremio.com\/es\/wp-json\/wp\/v2\/categories?post=38967"},{"taxonomy":"post_tag","embeddable":true,"href":"https:\/\/grandepremio.com\/es\/wp-json\/wp\/v2\/tags?post=38967"},{"taxonomy":"42wp_author","embeddable":true,"href":"https:\/\/grandepremio.com\/es\/wp-json\/wp\/v2\/42wp_author?post=38967"}],"curies":[{"name":"wp","href":"https:\/\/api.w.org\/{rel}","templated":true}]}}