{"id":39022,"date":"2026-08-23T13:07:29","date_gmt":"2026-08-23T16:07:29","guid":{"rendered":"https:\/\/grandepremio.com\/es\/?p=39022"},"modified":"2026-08-23T13:08:34","modified_gmt":"2026-08-23T16:08:34","slug":"franco-colapinto-alpine-gp-paises-bajos-f1-2026","status":"publish","type":"post","link":"https:\/\/grandepremio.com\/es\/f1\/franco-colapinto-alpine-gp-paises-bajos-f1-2026\/","title":{"rendered":"Colapinto cuestiona a FIA y lamenta sanciones en el GP de Pa\u00edses Bajos: &#8220;Arruinaron mi carrera&#8221;"},"content":{"rendered":"\n<p class=\"has-medium-font-size wp-block-paragraph\"><strong>Puntos clave:<\/strong><\/p>\n\n\n\n<ul class=\"wp-block-list\">\n<li><strong>Sanciones decisivas<\/strong>: Colapinto recibi\u00f3 un <em>drive-through<\/em> por no respetar banderas amarillas tras el accidente de Verstappen, adem\u00e1s de una penalizaci\u00f3n de 10 segundos en las \u00faltimas vueltas, lo que comprometi\u00f3 toda su carrera.<\/li>\n<\/ul>\n\n\n\n<ul class=\"wp-block-list\">\n<li><strong>Rendimiento limitado del auto<\/strong>: El A526 lleg\u00f3 sin actualizaciones y con falta de ritmo, sumado a dos paradas tard\u00edas en boxes, lo que lo releg\u00f3 al fondo de la clasificaci\u00f3n y le impidi\u00f3 remontar posiciones de manera efectiva.<\/li>\n<\/ul>\n\n\n\n<ul class=\"wp-block-list\">\n<li><strong>Cr\u00edticas a la FIA<\/strong>: Tras la carrera, Colapinto cuestion\u00f3 la dureza de las sanciones y la falta de criterio de los comisarios, se\u00f1alando que la bandera amarilla sali\u00f3 tarde y que la decisi\u00f3n fue excesiva para las condiciones de carrera.<\/li>\n<\/ul>\n\n\n\n<p class=\"wp-block-paragraph\"><strong>Franco Colapinto<\/strong> tuvo un complicado final en el <strong>GP de Pa\u00edses Bajos<\/strong>. El argentino se vio afectado por dos sanciones y paradas tard\u00edas en boxes, que lo relegaron al fondo del clasificador, finalizando decimocuarto, el antepen\u00faltimo entre los pilotos que completaron la competencia del domingo en <strong>Zandvoort<\/strong>. <\/p>\n\n\n\n<p class=\"wp-block-paragraph\">\ud83d\udfe5 <strong><em>\u00a1Todas las novedades te esperan en el canal de&nbsp;<\/em><\/strong><a href=\"https:\/\/www.youtube.com\/@GrandePremioES\"><em>YouTube<\/em><\/a><strong><em>&nbsp;de Grande Pr\u00eamio en Espa\u00f1ol!<\/em><\/strong> \ud83d\udfe8<\/p>\n\n\n\n<p class=\"wp-block-paragraph\">Tras clasificar decimocuarto el s\u00e1bado, <strong>Colapinto <\/strong>concret\u00f3 una buena largada y avanz\u00f3 cuatro posiciones en la primera vuelta, aprovechando los adelantamientos en las primeras curvas y el fuerte accidente de <strong>Max Verstappen<\/strong> en la \u00faltima curva. <\/p>\n\n\n\n<p class=\"wp-block-paragraph\">Este incidente, sin embargo, terminar\u00eda afectando tambi\u00e9n al #43, que fue sancionado con un drive-through en el relanzamiento por no respetar las banderas amarillas desplegadas tras el choque del neerland\u00e9s, adem\u00e1s de adelantar a un coche en el per\u00edodo de advertencia previo a la detenci\u00f3n con bandera roja. <\/p>\n\n\n\n<p class=\"wp-block-paragraph\">Una vez cumplida la sanci\u00f3n, cay\u00f3 hasta el \u00faltimo puesto y debi\u00f3 remontar desde el fondo de la grilla, aunque su rendimiento se vio condicionado por la falta de ritmo del <strong>A526<\/strong>, que acudi\u00f3 sin actualizaciones al <strong>GP de Pa\u00edses Bajos<\/strong>, y dos paradas tard\u00edas en boxes. <\/p>\n\n\n\n<p class=\"wp-block-paragraph\">\u23ef&nbsp;<strong><em>\u00a1Seguinos en redes por&nbsp;<\/em><\/strong><a href=\"https:\/\/twitter.com\/grandepremioES\"><em>Twitter&nbsp;<\/em><\/a><strong><em>e&nbsp;<\/em><\/strong><a href=\"https:\/\/www.instagram.com\/grandepremioes\/\"><em>Instagram!<\/em><\/a><br>\u23ef&nbsp;<strong><em>Adem\u00e1s, tenemos nuestro&nbsp;<\/em><\/strong><a href=\"https:\/\/whatsapp.com\/channel\/0029VaDZ5zb0gcfDxuwxBM05\"><em>canal de WhatsApp<\/em><\/a><strong><em>&nbsp;con toda la informaci\u00f3n al instante<\/em><\/strong> \ud83c\udfc1<\/p>\n\n\n\n<figure class=\"wp-block-video\"><video class=\"video-js vjs-big-play-centered\" data-gp-vjs=\"1\" controls src=\"https:\/\/grandepremio-portal.b-cdn.net\/2026\/08\/Largada-Colapinto-GP-Paises-Bajos-ES.mp4\"><\/video><figcaption class=\"wp-element-caption\">Franco Colapinto tuvo una buena largada en el GP de Pa\u00edses Bajos (Video: Reproducci\u00f3n \/ F1TV)<\/figcaption><\/figure>\n\n\n\n<p class=\"wp-block-paragraph\">En las \u00faltimas vueltas, recibi\u00f3 una nueva sanci\u00f3n de diez segundos por otra infracci\u00f3n bajo bandera amarilla. De esta manera, se ubic\u00f3 decimocuarto, a una vuelta de <strong>Lando Norris<\/strong>, ganador de la prueba, y cuatro puestos detr\u00e1s de su compa\u00f1ero de equipo, <strong>Pierre Gasly<\/strong>.<\/p>\n\n\n\n<p class=\"wp-block-paragraph\">Luego de la carrera, <strong>Franco <\/strong>lament\u00f3 la sanci\u00f3n y critic\u00f3 a los comisarios de <strong>FIA<\/strong>, alegando que la sanci\u00f3n en la primera vuelta fue excesiva y aplicada sin comprender el contexto completo de la maniobra. Aunque destac\u00f3 su buena largada y el avance en la primera vuelta, reconoci\u00f3 que no ten\u00eda ritmo suficiente para avanzar m\u00e1s posiciones.  <\/p>\n\n\n\n<p class=\"wp-block-paragraph\">&#8220;Hice una buena largada, creo que de las mejores del a\u00f1o, y tuve una muy buena primera vuelta, pero el drive-through me comprometi\u00f3 toda la carrera. No ten\u00eda velocidad en las curvas y no pod\u00eda seguir a nadie&#8221;, declar\u00f3. <\/p>\n\n\n\n<figure class=\"wp-block-image size-large\"><img loading=\"lazy\" decoding=\"async\" width=\"1024\" height=\"683\" src=\"https:\/\/grandepremio.com\/es\/wp-content\/uploads\/2026\/08\/f1-2026-paises-baixos-classificacao-alpine-franco-colapinto-03-1024x683.jpg\" alt=\"F1 2026, PAISES BAIXOS, QUALY, ALPINE, FRANCO COLAPINTO\" class=\"wp-image-1020312605\" srcset=\"https:\/\/grandepremio.com\/wp-content\/uploads\/2026\/08\/f1-2026-paises-baixos-classificacao-alpine-franco-colapinto-03-1024x683.jpg 1024w, https:\/\/grandepremio.com\/wp-content\/uploads\/2026\/08\/f1-2026-paises-baixos-classificacao-alpine-franco-colapinto-03-300x200.jpg 300w, https:\/\/grandepremio.com\/wp-content\/uploads\/2026\/08\/f1-2026-paises-baixos-classificacao-alpine-franco-colapinto-03-768x512.jpg 768w, https:\/\/grandepremio.com\/wp-content\/uploads\/2026\/08\/f1-2026-paises-baixos-classificacao-alpine-franco-colapinto-03-1536x1024.jpg 1536w, https:\/\/grandepremio.com\/wp-content\/uploads\/2026\/08\/f1-2026-paises-baixos-classificacao-alpine-franco-colapinto-03-2048x1365.jpg 2048w, https:\/\/grandepremio.com\/wp-content\/uploads\/2026\/08\/f1-2026-paises-baixos-classificacao-alpine-franco-colapinto-03-150x100.jpg 150w\" sizes=\"(max-width: 1024px) 100vw, 1024px\" \/><figcaption class=\"wp-element-caption\">Franco Colapinto cuestion\u00f3 a los comisarios por las sanciones recibidas en el GP de Pa\u00edses Bajos (Foto: Alpine)<\/figcaption><\/figure>\n\n\n\n<p class=\"wp-block-paragraph\">&#8220;Fue una penalizaci\u00f3n muy dura para las condiciones de carrera que ten\u00edamos. Si bien hay que respetar las reglas, se podr\u00eda tener un poco de flexibilidad o mejor criterio para tomar algunas decisiones. La bandera amarilla sali\u00f3 muy tarde y no pod\u00eda frenar en medio de la recta o abortar el adelantamiento, era muy peligroso&#8221;, a\u00f1adi\u00f3. <\/p>\n\n\n\n<p class=\"wp-block-paragraph\">&#8220;Estoy muy frustrado, fue una carrera muy complicada. Ahora tenemos que trabajar para lograr un mejor resultado en la pr\u00f3xima fecha en <strong>Monza<\/strong>, un circuito que me gusta mucho y donde siempre es un placer correr&#8221;, concluy\u00f3. <\/p>\n\n\n\n<p class=\"wp-block-paragraph\">La <strong>F\u00f3rmula 1<\/strong> regresar\u00e1 a la acci\u00f3n entre el 4 y 6 de septiembre con el <strong>GP de Italia<\/strong>, decimotercera fecha de la temporada 2026, que se disputar\u00e1 en el circuito de <strong>Monza<\/strong>.<\/p>\n\n\n\n<p class=\"has-medium-font-size wp-block-paragraph\"><strong>Preguntas Frecuentes (FAQ):<\/strong><\/p>\n\n\n\n<p class=\"has-medium-font-size wp-block-paragraph\"><strong>\u00bfPor qu\u00e9 fue sancionado Franco Colapinto durante el GP de Pa\u00edses Bajos? <\/strong><\/p>\n\n\n\n<p class=\"wp-block-paragraph\">Recibi\u00f3 un <em>drive-through<\/em> por no respetar banderas amarillas tras el accidente de Verstappen, adem\u00e1s de una penalizaci\u00f3n de 10 segundos en las \u00faltimas vueltas.<\/p>\n\n\n\n<p class=\"has-medium-font-size wp-block-paragraph\">\u00bf<strong>C\u00f3mo afectaron las sanciones y el rendimiento del auto a su carrera? <\/strong><\/p>\n\n\n\n<p class=\"wp-block-paragraph\">El A526 no tuvo actualizaciones ni ritmo competitivo, y las sanciones lo relegaron al fondo de la clasificaci\u00f3n, impidi\u00e9ndole sumar puntos.<\/p>\n\n\n\n<p class=\"has-medium-font-size wp-block-paragraph\"><strong>\u00bfQu\u00e9 opin\u00f3 Colapinto sobre las decisiones de la FIA? <\/strong><\/p>\n\n\n\n<p class=\"wp-block-paragraph\">Critic\u00f3 la dureza de las sanciones y cuestion\u00f3 el criterio de los comisarios, se\u00f1alando que la bandera amarilla sali\u00f3 tarde y que las decisiones fueron excesivas.<\/p>\n\n\n\n<p class=\"wp-block-paragraph\"><\/p>\n","protected":false},"excerpt":{"rendered":"<p>Franco Colapinto no ocult\u00f3 su frustraci\u00f3n por las sanciones recibidas en el GP de Pa\u00edses Bajos, y cuestion\u00f3 a FIA por tomar decisiones &#8220;fuera de contexto&#8221;. El piloto argentino finaliz\u00f3 decimocuarto en la carrera principal de Zandvoort<\/p>\n","protected":false},"author":32,"featured_media":1020312719,"comment_status":"closed","ping_status":"closed","sticky":false,"template":"","format":"standard","meta":{"42wp_featured_image_caption":"Franco Colapinto finaliz\u00f3 decimocuarto en el GP de Pa\u00edses Bajos","42wp_featured_image_credits":"Alpine","42wp_featured_video":"","42wp_featured_image_hidden":false,"42wp_authors_list":[{"id":14239,"location":"C\u00f3rdoba"}],"footnotes":""},"categories":[5],"tags":[678,181,1680,179,2429,814,12473,1488,4010],"42wp_author":[14239],"class_list":["post-39022","post","type-post","status-publish","format-standard","has-post-thumbnail","hentry","category-f1","tag-alpine","tag-f1","tag-f1-2026","tag-formula-1","tag-formula-1-2026","tag-franco-colapinto","tag-gp-de-paises-bajos-2026","tag-grande-premio","tag-temporada-2026-f1","42wp_author-jp-otrosky"],"_links":{"self":[{"href":"https:\/\/grandepremio.com\/es\/wp-json\/wp\/v2\/posts\/39022","targetHints":{"allow":["GET"]}}],"collection":[{"href":"https:\/\/grandepremio.com\/es\/wp-json\/wp\/v2\/posts"}],"about":[{"href":"https:\/\/grandepremio.com\/es\/wp-json\/wp\/v2\/types\/post"}],"author":[{"embeddable":true,"href":"https:\/\/grandepremio.com\/es\/wp-json\/wp\/v2\/users\/32"}],"replies":[{"embeddable":true,"href":"https:\/\/grandepremio.com\/es\/wp-json\/wp\/v2\/comments?post=39022"}],"version-history":[{"count":5,"href":"https:\/\/grandepremio.com\/es\/wp-json\/wp\/v2\/posts\/39022\/revisions"}],"predecessor-version":[{"id":39036,"href":"https:\/\/grandepremio.com\/es\/wp-json\/wp\/v2\/posts\/39022\/revisions\/39036"}],"wp:featuredmedia":[{"embeddable":true,"href":"https:\/\/grandepremio.com\/es\/wp-json\/wp\/v2\/media\/1020312719"}],"wp:attachment":[{"href":"https:\/\/grandepremio.com\/es\/wp-json\/wp\/v2\/media?parent=39022"}],"wp:term":[{"taxonomy":"category","embeddable":true,"href":"https:\/\/grandepremio.com\/es\/wp-json\/wp\/v2\/categories?post=39022"},{"taxonomy":"post_tag","embeddable":true,"href":"https:\/\/grandepremio.com\/es\/wp-json\/wp\/v2\/tags?post=39022"},{"taxonomy":"42wp_author","embeddable":true,"href":"https:\/\/grandepremio.com\/es\/wp-json\/wp\/v2\/42wp_author?post=39022"}],"curies":[{"name":"wp","href":"https:\/\/api.w.org\/{rel}","templated":true}]}}