{"id":39208,"date":"2026-08-25T08:59:01","date_gmt":"2026-08-25T11:59:01","guid":{"rendered":"https:\/\/grandepremio.com\/es\/?p=39208"},"modified":"2026-08-25T08:59:02","modified_gmt":"2026-08-25T11:59:02","slug":"bezzecchi-revela-complicaciones-en-gran-bretana-pero-aclara-eran-esperables","status":"publish","type":"post","link":"https:\/\/grandepremio.com\/es\/motogp\/bezzecchi-revela-complicaciones-en-gran-bretana-pero-aclara-eran-esperables\/","title":{"rendered":"Bezzecchi revela complicaciones en Gran Breta\u00f1a, pero aclara: &#8220;Eran esperables&#8221;"},"content":{"rendered":"\n<p class=\"has-medium-font-size wp-block-paragraph\"><strong>Puntos clave:<\/strong><\/p>\n\n\n\n<ul class=\"wp-block-list\">\n<li><strong>Complicaciones en Silverstone<\/strong>: Bezzecchi reconoci\u00f3 que enfrent\u00f3 dificultades durante el Gran Premio de Gran Breta\u00f1a, aunque no fueron inesperadas.<\/li>\n<\/ul>\n\n\n\n<ul class=\"wp-block-list\">\n<li><strong>Minimizaci\u00f3n del impacto<\/strong>: El piloto aclar\u00f3 que el equipo ya anticipaba estos problemas, restando dramatismo a la situaci\u00f3n.<\/li>\n<\/ul>\n\n\n\n<ul class=\"wp-block-list\">\n<li><strong>Contexto de temporada<\/strong>: El episodio se enmarca en la campa\u00f1a 2026 de MotoGP, donde Bezzecchi busca mantener consistencia pese a los obst\u00e1culos.<\/li>\n<\/ul>\n\n\n\n<p class=\"wp-block-paragraph\"><strong>Marco Bezzecchi<\/strong> revel\u00f3 que tuvo un \u201ccontratiempo\u201d tras su participaci\u00f3n en el <strong>Gran Premio de Gran Breta\u00f1a<\/strong>. En v\u00edsperas de la carrera en <strong>Arag\u00f3n<\/strong>, el italiano dijo que intenta aprovechar el tiempo disponible para recuperarse f\u00edsicamente tras el accidente en <strong>Sachsenring<\/strong>.<\/p>\n\n\n\n<p class=\"wp-block-paragraph\">\ud83d\udfe5 <strong><em>\u00a1Todas las novedades te esperan en el canal de\u00a0<\/em><\/strong><a href=\"https:\/\/www.youtube.com\/@GrandePremioES\"><em>YouTube<\/em><\/a><strong><em>\u00a0de Grande Pr\u00eamio en Espa\u00f1ol!<\/em><\/strong> \ud83d\udfe8<\/p>\n\n\n\n<figure class=\"wp-block-embed is-type-video is-provider-youtube wp-block-embed-youtube wp-embed-aspect-16-9 wp-has-aspect-ratio\"><div class=\"wp-block-embed__wrapper\">\n<iframe loading=\"lazy\" title=\"NORRIS REPITE Y  LA FIA PENALIZA MAL A COLAPINTO EN ZANDVOORT\" width=\"500\" height=\"281\" src=\"https:\/\/www.youtube.com\/embed\/9DoFaYz6ebA?feature=oembed\" frameborder=\"0\" allow=\"accelerometer; autoplay; clipboard-write; encrypted-media; gyroscope; picture-in-picture; web-share\" referrerpolicy=\"strict-origin-when-cross-origin\" allowfullscreen><\/iframe>\n<\/div><\/figure>\n\n\n\n<p class=\"wp-block-paragraph\">El #72 se cay\u00f3 en la clasificaci\u00f3n del <strong>Gran Premio de Alemania<\/strong> y se fractur\u00f3 la clav\u00edcula. Adem\u00e1s, el italiano sufri\u00f3 lesiones en la rodilla, lo que dificult\u00f3 su recuperaci\u00f3n.<\/p>\n\n\n\n<p class=\"wp-block-paragraph\">En <strong>Gran Breta\u00f1a, Marco<\/strong> super\u00f3 las expectativas y, tras asegurarse el quinto lugar en la parrilla, qued\u00f3 tercero tanto en la carrera sprint como en el <strong>Gran Premio<\/strong>, recuperando as\u00ed el segundo lugar en el <strong>Campeonato Mundial de Pilotos<\/strong>, aunque a 31 puntos del l\u00edder, <strong>Jorge Mart\u00edn<\/strong>.<\/p>\n\n\n\n<p class=\"wp-block-paragraph\">\u201cNo veo la hora de llegar a Arag\u00f3n. Sin duda, ser\u00e1 un fin de semana exigente, ya que, despu\u00e9s de <strong>Silverstone<\/strong>, tuve un peque\u00f1o contratiempo causado por el esfuerzo de ese fin de semana\u201d, dijo.<\/p>\n\n\n\n<p class=\"wp-block-paragraph\">\u23ef\u00a0<strong><em>\u00a1Seguinos en redes por\u00a0<\/em><\/strong><a href=\"https:\/\/twitter.com\/grandepremioES\"><em>Twitter\u00a0<\/em><\/a><strong><em>e\u00a0<\/em><\/strong><a href=\"https:\/\/www.instagram.com\/grandepremioes\/\"><em>Instagram!<\/em><\/a><br>\u23ef\u00a0<strong><em>Adem\u00e1s, tenemos nuestro\u00a0<\/em><\/strong><a href=\"https:\/\/whatsapp.com\/channel\/0029VaDZ5zb0gcfDxuwxBM05\"><em>canal de WhatsApp<\/em><\/a><strong><em>\u00a0con toda la informaci\u00f3n al instante<\/em><\/strong> \ud83c\udfc1<\/p>\n\n\n\n<figure class=\"wp-block-image size-large\"><img loading=\"lazy\" decoding=\"async\" width=\"1024\" height=\"683\" src=\"https:\/\/grandepremio.com\/es\/wp-content\/uploads\/2026\/08\/DS_8917-2-1024x683.jpg\" alt=\"\" class=\"wp-image-1020311677\" srcset=\"https:\/\/grandepremio.com\/wp-content\/uploads\/2026\/08\/DS_8917-2-1024x683.jpg 1024w, https:\/\/grandepremio.com\/wp-content\/uploads\/2026\/08\/DS_8917-2-300x200.jpg 300w, https:\/\/grandepremio.com\/wp-content\/uploads\/2026\/08\/DS_8917-2-768x512.jpg 768w, https:\/\/grandepremio.com\/wp-content\/uploads\/2026\/08\/DS_8917-2-1536x1024.jpg 1536w, https:\/\/grandepremio.com\/wp-content\/uploads\/2026\/08\/DS_8917-2-2048x1365.jpg 2048w, https:\/\/grandepremio.com\/wp-content\/uploads\/2026\/08\/DS_8917-2-150x100.jpg 150w\" sizes=\"(max-width: 1024px) 100vw, 1024px\" \/><figcaption class=\"wp-element-caption\">Marco Bezzecchi se muestra expectante por el GP de Arag\u00f3n (Foto: Divulgaci\u00f3n \/ MotoGP)<\/figcaption><\/figure>\n\n\n\n<p class=\"wp-block-paragraph\">\u201cDe todos modos, ya lo esper\u00e1bamos, as\u00ed que estamos tratando de aprovechar al m\u00e1ximo el tiempo disponible para poner todo a punto\u201d, explic\u00f3. <\/p>\n\n\n\n<p class=\"wp-block-paragraph\">\u201cEn cualquier caso, estoy muy contento de ir a Arag\u00f3n: es una pista que me gusta mucho, y no veo la hora de subirme a la moto\u201d, concluy\u00f3.<\/p>\n\n\n\n<p class=\"wp-block-paragraph\"><strong>MotoGP&nbsp;<\/strong>regresa a la acci\u00f3n entre el 28 y 30 de agosto con el&nbsp;<strong>GP de Arag\u00f3n<\/strong>, decimotercera fecha de la temporada 2026.<\/p>\n\n\n\n<p class=\"has-medium-font-size wp-block-paragraph\"><strong>Preguntas Frecuentes (FAQ):<\/strong><\/p>\n\n\n\n<p class=\"has-medium-font-size wp-block-paragraph\"><strong>\u00bfQu\u00e9 tipo de contratiempo enfrent\u00f3 Bezzecchi en Silverstone?<\/strong> <\/p>\n\n\n\n<p class=\"wp-block-paragraph\">Fueron complicaciones t\u00e9cnicas y de rendimiento que el equipo ya esperaba.<\/p>\n\n\n\n<p class=\"has-medium-font-size wp-block-paragraph\"><strong>\u00bfC\u00f3mo reaccion\u00f3 Bezzecchi ante estas dificultades?<\/strong> <\/p>\n\n\n\n<p class=\"wp-block-paragraph\">Rest\u00f3 importancia, se\u00f1alando que estaban dentro de lo previsto y no alteran sus objetivos inmediatos.<\/p>\n\n\n\n<p class=\"has-medium-font-size wp-block-paragraph\"><strong>\u00bfQu\u00e9 relevancia tiene este episodio para la temporada 2026 de MotoGP?<\/strong> <\/p>\n\n\n\n<p class=\"wp-block-paragraph\">Es un recordatorio de los retos constantes en el campeonato, pero no supone un cambio dr\u00e1stico en su estrategia<\/p>\n\n\n\n<p class=\"wp-block-paragraph\"><\/p>\n","protected":false},"excerpt":{"rendered":"<p>A\u00fan en recuperaci\u00f3n de las lesiones que sufri\u00f3 en el accidente de Sachsenring, Marco Bezzecchi reconoci\u00f3 que el esfuerzo del Gran Premio de Gran Breta\u00f1a dej\u00f3 secuelas<\/p>\n","protected":false},"author":32,"featured_media":1020311666,"comment_status":"closed","ping_status":"closed","sticky":false,"template":"","format":"standard","meta":{"42wp_featured_image_caption":"Marco Bezzecchi","42wp_featured_image_credits":"AFP","42wp_featured_video":"","42wp_featured_image_hidden":false,"42wp_authors_list":[{"id":14239,"location":"C\u00f3rdoba"}],"footnotes":""},"categories":[8],"tags":[1394,1488,1615,1293,8591,10693],"42wp_author":[14239],"class_list":["post-39208","post","type-post","status-publish","format-standard","has-post-thumbnail","hentry","category-motogp","tag-aprilia","tag-grande-premio","tag-marco-bezzecchi","tag-motogp","tag-motogp-2026","tag-temporada-2026-motogp","42wp_author-jp-otrosky"],"_links":{"self":[{"href":"https:\/\/grandepremio.com\/es\/wp-json\/wp\/v2\/posts\/39208","targetHints":{"allow":["GET"]}}],"collection":[{"href":"https:\/\/grandepremio.com\/es\/wp-json\/wp\/v2\/posts"}],"about":[{"href":"https:\/\/grandepremio.com\/es\/wp-json\/wp\/v2\/types\/post"}],"author":[{"embeddable":true,"href":"https:\/\/grandepremio.com\/es\/wp-json\/wp\/v2\/users\/32"}],"replies":[{"embeddable":true,"href":"https:\/\/grandepremio.com\/es\/wp-json\/wp\/v2\/comments?post=39208"}],"version-history":[{"count":1,"href":"https:\/\/grandepremio.com\/es\/wp-json\/wp\/v2\/posts\/39208\/revisions"}],"predecessor-version":[{"id":39215,"href":"https:\/\/grandepremio.com\/es\/wp-json\/wp\/v2\/posts\/39208\/revisions\/39215"}],"wp:featuredmedia":[{"embeddable":true,"href":"https:\/\/grandepremio.com\/es\/wp-json\/wp\/v2\/media\/1020311666"}],"wp:attachment":[{"href":"https:\/\/grandepremio.com\/es\/wp-json\/wp\/v2\/media?parent=39208"}],"wp:term":[{"taxonomy":"category","embeddable":true,"href":"https:\/\/grandepremio.com\/es\/wp-json\/wp\/v2\/categories?post=39208"},{"taxonomy":"post_tag","embeddable":true,"href":"https:\/\/grandepremio.com\/es\/wp-json\/wp\/v2\/tags?post=39208"},{"taxonomy":"42wp_author","embeddable":true,"href":"https:\/\/grandepremio.com\/es\/wp-json\/wp\/v2\/42wp_author?post=39208"}],"curies":[{"name":"wp","href":"https:\/\/api.w.org\/{rel}","templated":true}]}}