{"id":39210,"date":"2026-08-25T09:25:35","date_gmt":"2026-08-25T12:25:35","guid":{"rendered":"https:\/\/grandepremio.com\/es\/?p=39210"},"modified":"2026-08-25T09:25:36","modified_gmt":"2026-08-25T12:25:36","slug":"martin-celebra-debut-aragon-aprilia-motogp-2026","status":"publish","type":"post","link":"https:\/\/grandepremio.com\/es\/motogp\/martin-celebra-debut-aragon-aprilia-motogp-2026\/","title":{"rendered":"Mart\u00edn celebra debut en Arag\u00f3n con Aprilia y destaca: \u201cLlegamos en gran forma\u201d"},"content":{"rendered":"\n<h3 class=\"wp-block-heading\">Puntos Clave<\/h3>\n\n\n\n<ul class=\"wp-block-list\">\n<li><strong>Jorge Mart\u00edn llega como l\u00edder destacado del Mundial<\/strong> de MotoGP al Gran Premio de Arag\u00f3n, sosteniendo una ventaja de <strong>31 puntos sobre Marco Bezzecchi<\/strong>.<\/li>\n\n\n\n<li>Ser\u00e1 la <strong>primera experiencia del espa\u00f1ol en MotorLand sobre la Aprilia RS-GP<\/strong>, puesto que una lesi\u00f3n le impidi\u00f3 disputar la prueba durante la temporada pasada.<\/li>\n\n\n\n<li><a href=\"https:\/\/grandepremio.com\/es\/motogp\/\" target=\"_blank\" rel=\"noopener\">MotoGP<\/a> reanudar\u00e1 la competici\u00f3n del <strong>28 al 30 de agosto<\/strong> para la 13.\u00aa fecha del certamen 2026.<\/li>\n<\/ul>\n\n\n\n<p class=\"wp-block-paragraph\"><strong>Jorge Mart\u00edn<\/strong> se declar\u00f3 preparado y en <strong>\u201cgran forma\u201d<\/strong> para afrontar el <strong>Gran Premio de Arag\u00f3n<\/strong> este fin de semana. <strong>El puntero del campeonato de la MotoGP resalt\u00f3 el buen momento operativo que atraviesa junto a Aprilia<\/strong>, remarcando la relevancia de su primera actuaci\u00f3n oficial sobre el trazado de Alca\u00f1iz al frente de la <strong>RS-GP<\/strong>.<\/p>\n\n\n\n<p class=\"wp-block-paragraph\"><strong><em>\u00a1Todas las novedades te esperan en el canal de&nbsp;<\/em><\/strong><a href=\"https:\/\/www.youtube.com\/@GrandePremioES\"><em>YouTube<\/em><\/a><strong><em>&nbsp;de Grande Pr\u00eamio en Espa\u00f1ol!<\/em><\/strong><\/p>\n\n\n\n<figure class=\"wp-block-embed is-type-video is-provider-youtube wp-block-embed-youtube wp-embed-aspect-16-9 wp-has-aspect-ratio\"><div class=\"wp-block-embed__wrapper\">\n<iframe loading=\"lazy\" title=\"NORRIS REPITE Y  LA FIA PENALIZA MAL A COLAPINTO EN ZANDVOORT\" width=\"500\" height=\"281\" src=\"https:\/\/www.youtube.com\/embed\/9DoFaYz6ebA?feature=oembed\" frameborder=\"0\" allow=\"accelerometer; autoplay; clipboard-write; encrypted-media; gyroscope; picture-in-picture; web-share\" referrerpolicy=\"strict-origin-when-cross-origin\" allowfullscreen><\/iframe>\n<\/div><\/figure>\n\n\n\n<p class=\"wp-block-paragraph\">El madrile\u00f1o, quien no estuvo presente en la cita aragonesa del a\u00f1o pasado a causa de una lesi\u00f3n, desembarca en el circuito espa\u00f1ol instalado en el escal\u00f3n m\u00e1s alto de la tabla general. <strong>El #89 comanda las posiciones con 240 puntos<\/strong>, ostentando una diferencia de 31 unidades respecto a <strong>Marco Bezzecchi<\/strong>, quien recuper\u00f3 la escolta del torneo tras su paso por <strong>Silverstone<\/strong>.<\/p>\n\n\n\n<p class=\"wp-block-paragraph\">\u201c<strong>Llegamos a una de nuestras carreras de casa en gran forma<\/strong>\u201d, expres\u00f3 Mart\u00edn. \u201cMe siento conforme con la evoluci\u00f3n que venimos logrando junto al equipo. Operamos de manera impecable en Silverstone y <strong>conf\u00edo en que mantendremos esa misma l\u00ednea de trabajo<\/strong>\u201d.<\/p>\n\n\n\n<figure class=\"wp-block-image size-large\"><img loading=\"lazy\" decoding=\"async\" width=\"1024\" height=\"683\" src=\"https:\/\/grandepremio.com\/br\/wp-content\/uploads\/2026\/08\/DS_7594-1024x683.jpg\" alt=\"\" class=\"wp-image-1020311656\" srcset=\"https:\/\/grandepremio.com\/wp-content\/uploads\/2026\/08\/DS_7594-1024x683.jpg 1024w, https:\/\/grandepremio.com\/wp-content\/uploads\/2026\/08\/DS_7594-300x200.jpg 300w, https:\/\/grandepremio.com\/wp-content\/uploads\/2026\/08\/DS_7594-768x512.jpg 768w, https:\/\/grandepremio.com\/wp-content\/uploads\/2026\/08\/DS_7594-1536x1024.jpg 1536w, https:\/\/grandepremio.com\/wp-content\/uploads\/2026\/08\/DS_7594-2048x1365.jpg 2048w, https:\/\/grandepremio.com\/wp-content\/uploads\/2026\/08\/DS_7594-150x100.jpg 150w\" sizes=\"(max-width: 1024px) 100vw, 1024px\" \/><figcaption class=\"wp-element-caption\">Jorge Mart\u00edn lidera el Mundial de Pilotos 2026 (Foto: MotoGP)<\/figcaption><\/figure>\n\n\n\n<p class=\"wp-block-paragraph\">\u201cTengo muchos deseos de competir ante la afici\u00f3n espa\u00f1ola y reencontrarme con la pista de Arag\u00f3n. <strong>Ser\u00e1 una excelente oportunidad para pilotar la Aprilia en MotorLand por primera vez.<\/strong> Es un trazado que disfruto y nos enfocaremos en construir un buen ritmo desde el viernes para consolidar las sensaciones del s\u00e1bado y domingo\u201d, concluy\u00f3 el piloto madrile\u00f1o.<\/p>\n\n\n\n<p class=\"wp-block-paragraph\"><a href=\"https:\/\/grandepremio.com\/es\/motogp\/\" target=\"_blank\" rel=\"noopener\">MotoGP<\/a> volver\u00e1 a la pista entre el <strong>28 y el 30 de agosto<\/strong> para disputar el <strong>Gran Premio de Arag\u00f3n<\/strong>, 13\u00aa competencia del calendario <strong>2026<\/strong>.<\/p>\n\n\n\n<h3 class=\"wp-block-heading\">GP de Arag\u00f3n: los horarios del fin de semana<\/h3>\n\n\n\n<h4 class=\"wp-block-heading\"><strong>M\u00e9xico (CDMX)<\/strong><\/h4>\n\n\n\n<ul class=\"wp-block-list\">\n<li><strong>Viernes, 28 de agosto<\/strong> \u2013 Pr\u00e1ctica Libre 1 (FP1): 03:45<\/li>\n\n\n\n<li><strong>Viernes, 28 de agosto<\/strong> \u2013 Pr\u00e1ctica (PR): 08:00<\/li>\n\n\n\n<li><strong>S\u00e1bado, 29 de agosto<\/strong> \u2013 Clasificaci\u00f3n (Q1\/Q2): 03:50 \/ 04:15<\/li>\n\n\n\n<li><strong>S\u00e1bado, 29 de agosto<\/strong> \u2013 Carrera Sprint: 08:00<\/li>\n\n\n\n<li><strong>Domingo, 30 de agosto<\/strong> \u2013 Carrera Principal: 07:00<\/li>\n<\/ul>\n\n\n\n<h4 class=\"wp-block-heading\"><strong>Colombia<\/strong><\/h4>\n\n\n\n<ul class=\"wp-block-list\">\n<li><strong>Viernes, 28 de agosto<\/strong> \u2013 Pr\u00e1ctica Libre 1 (FP1): 03:45<\/li>\n\n\n\n<li><strong>Viernes, 28 de agosto<\/strong> \u2013 Pr\u00e1ctica (PR): 08:00<\/li>\n\n\n\n<li><strong>S\u00e1bado, 29 de agosto<\/strong> \u2013 Clasificaci\u00f3n (Q1\/Q2): 03:50 \/ 04:15<\/li>\n\n\n\n<li><strong>S\u00e1bado, 29 de agosto<\/strong> \u2013 Carrera Sprint: 08:00<\/li>\n\n\n\n<li><strong>Domingo, 30 de agosto<\/strong> \u2013 Carrera Principal: 07:00<\/li>\n<\/ul>\n\n\n\n<h4 class=\"wp-block-heading\"><strong>Argentina<\/strong><\/h4>\n\n\n\n<ul class=\"wp-block-list\">\n<li><strong>Viernes, 28 de agosto<\/strong> \u2013 Pr\u00e1ctica Libre 1 (FP1): 05:45<\/li>\n\n\n\n<li><strong>Viernes, 28 de agosto<\/strong> \u2013 Pr\u00e1ctica (PR): 10:00<\/li>\n\n\n\n<li><strong>S\u00e1bado, 29 de agosto<\/strong> \u2013 Clasificaci\u00f3n (Q1\/Q2): 05:50 \/ 06:15<\/li>\n\n\n\n<li><strong>S\u00e1bado, 29 de agosto<\/strong> \u2013 Carrera Sprint: 10:00<\/li>\n\n\n\n<li><strong>Domingo, 30 de agosto<\/strong> \u2013 Carrera Principal: 09:00<\/li>\n<\/ul>\n\n\n\n<h4 class=\"wp-block-heading\"><strong>Paraguay<\/strong><\/h4>\n\n\n\n<ul class=\"wp-block-list\">\n<li><strong>Viernes, 28 de agosto<\/strong> \u2013 Pr\u00e1ctica Libre 1 (FP1): 05:45<\/li>\n\n\n\n<li><strong>Viernes, 28 de agosto<\/strong> \u2013 Pr\u00e1ctica (PR): 10:00<\/li>\n\n\n\n<li><strong>S\u00e1bado, 29 de agosto<\/strong> \u2013 Clasificaci\u00f3n (Q1\/Q2): 05:50 \/ 06:15<\/li>\n\n\n\n<li><strong>S\u00e1bado, 29 de agosto<\/strong> \u2013 Carrera Sprint: 10:00<\/li>\n\n\n\n<li><strong>Domingo, 30 de agosto<\/strong> \u2013 Carrera Principal: 09:00<\/li>\n<\/ul>\n\n\n\n<h4 class=\"wp-block-heading\"><strong>Espa\u00f1a (Peninsular &#8211; CEST \/ UTC+2)<\/strong><\/h4>\n\n\n\n<ul class=\"wp-block-list\">\n<li><strong>Viernes, 28 de agosto<\/strong> \u2013 Pr\u00e1ctica Libre 1 (FP1): 10:45<\/li>\n\n\n\n<li><strong>Viernes, 28 de agosto<\/strong> \u2013 Pr\u00e1ctica (PR): 15:00<\/li>\n\n\n\n<li><strong>S\u00e1bado, 29 de agosto<\/strong> \u2013 Clasificaci\u00f3n (Q1\/Q2): 10:50 \/ 11:15<\/li>\n\n\n\n<li><strong>S\u00e1bado, 29 de agosto<\/strong> \u2013 Carrera Sprint: 15:00<\/li>\n\n\n\n<li><strong>Domingo, 30 de agosto<\/strong> \u2013 Carrera Principal: 14:00<\/li>\n<\/ul>\n\n\n\n<h3 class=\"wp-block-heading\">Preguntas Frecuentes<\/h3>\n\n\n\n<p class=\"wp-block-paragraph\"><strong>1. \u00bfPor qu\u00e9 no compiti\u00f3 Jorge Mart\u00edn en el GP de Arag\u00f3n del a\u00f1o anterior?<\/strong><\/p>\n\n\n\n<p class=\"wp-block-paragraph\">El piloto madrile\u00f1o <strong>se perdi\u00f3 la edici\u00f3n pasada debido a una lesi\u00f3n<\/strong> que le impidi\u00f3 estar presente en la grilla.<\/p>\n\n\n\n<p class=\"wp-block-paragraph\"><strong>2. \u00bfCu\u00e1l es la ventaja de Jorge Mart\u00edn en la cima del campeonato de MotoGP 2026?<\/strong><\/p>\n\n\n\n<p class=\"wp-block-paragraph\">Mart\u00edn encabeza el Mundial de Pilotos con 240 puntos, <strong>superando por 31 unidades a Marco Bezzecchi<\/strong>.<\/p>\n\n\n\n<p class=\"wp-block-paragraph\"><strong>3. \u00bfCu\u00e1ndo se disputa el Gran Premio de Arag\u00f3n de MotoGP 2026?<\/strong><\/p>\n\n\n\n<p class=\"wp-block-paragraph\">La actividad en el circuito de MotorLand se llevar\u00e1 a cabo del <strong>28 al 30 de agosto<\/strong>.<\/p>\n","protected":false},"excerpt":{"rendered":"<p>El l\u00edder de MotoGP se mostr\u00f3 entusiasmado por competir con la RS-GP en MotorLand por primera vez, tras haberse perdido la edici\u00f3n anterior por lesi\u00f3n.<\/p>\n","protected":false},"author":2,"featured_media":1020311497,"comment_status":"closed","ping_status":"closed","sticky":false,"template":"","format":"standard","meta":{"42wp_featured_image_caption":"Jorge Mart\u00edn lidera el Mundial de Pilotos 2026","42wp_featured_image_credits":"Aprilia","42wp_featured_video":"","42wp_featured_image_hidden":false,"42wp_authors_list":[{"id":14240,"location":"Rosario"}],"footnotes":""},"categories":[8],"tags":[1394,1571,1526,1293,8591,1596,2199],"42wp_author":[14240],"class_list":["post-39210","post","type-post","status-publish","format-standard","has-post-thumbnail","hentry","category-motogp","tag-aprilia","tag-gp-de-aragon","tag-jorge-martin","tag-motogp","tag-motogp-2026","tag-motorland","tag-rs-gp","42wp_author-ignacio-bogado"],"_links":{"self":[{"href":"https:\/\/grandepremio.com\/es\/wp-json\/wp\/v2\/posts\/39210","targetHints":{"allow":["GET"]}}],"collection":[{"href":"https:\/\/grandepremio.com\/es\/wp-json\/wp\/v2\/posts"}],"about":[{"href":"https:\/\/grandepremio.com\/es\/wp-json\/wp\/v2\/types\/post"}],"author":[{"embeddable":true,"href":"https:\/\/grandepremio.com\/es\/wp-json\/wp\/v2\/users\/2"}],"replies":[{"embeddable":true,"href":"https:\/\/grandepremio.com\/es\/wp-json\/wp\/v2\/comments?post=39210"}],"version-history":[{"count":4,"href":"https:\/\/grandepremio.com\/es\/wp-json\/wp\/v2\/posts\/39210\/revisions"}],"predecessor-version":[{"id":39226,"href":"https:\/\/grandepremio.com\/es\/wp-json\/wp\/v2\/posts\/39210\/revisions\/39226"}],"wp:featuredmedia":[{"embeddable":true,"href":"https:\/\/grandepremio.com\/es\/wp-json\/wp\/v2\/media\/1020311497"}],"wp:attachment":[{"href":"https:\/\/grandepremio.com\/es\/wp-json\/wp\/v2\/media?parent=39210"}],"wp:term":[{"taxonomy":"category","embeddable":true,"href":"https:\/\/grandepremio.com\/es\/wp-json\/wp\/v2\/categories?post=39210"},{"taxonomy":"post_tag","embeddable":true,"href":"https:\/\/grandepremio.com\/es\/wp-json\/wp\/v2\/tags?post=39210"},{"taxonomy":"42wp_author","embeddable":true,"href":"https:\/\/grandepremio.com\/es\/wp-json\/wp\/v2\/42wp_author?post=39210"}],"curies":[{"name":"wp","href":"https:\/\/api.w.org\/{rel}","templated":true}]}}