{"id":39239,"date":"2026-08-25T11:31:49","date_gmt":"2026-08-25T14:31:49","guid":{"rendered":"https:\/\/grandepremio.com\/es\/?p=39239"},"modified":"2026-08-25T11:31:50","modified_gmt":"2026-08-25T14:31:50","slug":"piastri-reitera-gratitud-mclaren-oportunidad-f1-2026","status":"publish","type":"post","link":"https:\/\/grandepremio.com\/es\/f1\/piastri-reitera-gratitud-mclaren-oportunidad-f1-2026\/","title":{"rendered":"Piastri reitera gratitud a McLaren por la oportunidad en F1 y asegura: &#8220;Estoy feliz donde estoy&#8221;"},"content":{"rendered":"\n<p class=\"wp-block-paragraph\">Aunque hab\u00eda dado algunas pistas sobre un posible cambio de equipo en el futuro, <strong>Oscar Piastri<\/strong> adopt\u00f3 un nuevo discurso durante el fin de semana del <strong>GP de Pa\u00edses Bajos<\/strong>. Durante una rueda de prensa a la que asisti\u00f3 <strong>GRANDE PR\u00caMIO<\/strong> en <strong>Zandvoort<\/strong>, el australiano destac\u00f3 sus logros con <strong>McLaren<\/strong> en los \u00faltimos a\u00f1os y afirm\u00f3 estar feliz de poder continuar su trabajo en la <strong>F\u00f3rmula 1<\/strong>.<\/p>\n\n\n\n<p class=\"wp-block-paragraph\">El australiano se convirti\u00f3 en piloto titular de McLaren en <strong>2023<\/strong> y, desde entonces, ha contribuido a que el equipo ganara el <strong>Campeonato Mundial de Constructores<\/strong> en <strong>2024<\/strong> y <strong>2025<\/strong>, adem\u00e1s de competir por el <strong>Campeonato Mundial de Pilotos<\/strong> el a\u00f1o pasado. La \u00faltima temporada, en particular, estuvo marcada por la fricci\u00f3n con su compa\u00f1ero <strong>Lando Norris<\/strong>, quien posteriormente se alz\u00f3 con el campeonato.<\/p>\n\n\n\n<p class=\"wp-block-paragraph\"><strong><em>\u00a1Todas las novedades te esperan en el canal de&nbsp;<\/em><\/strong><a href=\"https:\/\/www.youtube.com\/@GrandePremioES\"><em>YouTube<\/em><\/a><strong><em>&nbsp;de Grande Pr\u00eamio en Espa\u00f1ol!<\/em><\/strong><\/p>\n\n\n\n<figure class=\"wp-block-embed is-type-video is-provider-youtube wp-block-embed-youtube wp-embed-aspect-16-9 wp-has-aspect-ratio\"><div class=\"wp-block-embed__wrapper\">\n<iframe loading=\"lazy\" title=\"NORRIS REPITE Y  LA FIA PENALIZA MAL A COLAPINTO EN ZANDVOORT\" width=\"500\" height=\"281\" src=\"https:\/\/www.youtube.com\/embed\/9DoFaYz6ebA?feature=oembed\" frameborder=\"0\" allow=\"accelerometer; autoplay; clipboard-write; encrypted-media; gyroscope; picture-in-picture; web-share\" referrerpolicy=\"strict-origin-when-cross-origin\" allowfullscreen><\/iframe>\n<\/div><\/figure>\n\n\n\n<p class=\"wp-block-paragraph\">Ante el descontento con la forma en la que el equipo de <strong>Woking<\/strong> gestion\u00f3 la disputa interna y al darse cuenta de que Norris se hab\u00eda convertido en el favorito del equipo, <strong>GRANDE PR\u00caMIO<\/strong> supo que Piastri hab\u00eda expresado su insatisfacci\u00f3n y manifestado su deseo de abandonar el equipo la temporada siguiente. Una posible salida abrir\u00eda la puerta a un intercambio de posiciones con <strong>Max Verstappen<\/strong> en <strong>Red Bull<\/strong>.<\/p>\n\n\n\n<p class=\"wp-block-paragraph\">Sin embargo, tras el anuncio de la renovaci\u00f3n del neerland\u00e9s con la escuder\u00eda de <strong>Milton Keynes<\/strong>, se le pregunt\u00f3 a Piastri sobre su futuro en la F1. El australiano aprovech\u00f3 la ocasi\u00f3n para destacar la colaboraci\u00f3n y afirmar que est\u00e1 contento en McLaren.<\/p>\n\n\n\n<figure class=\"wp-block-image size-large\"><img loading=\"lazy\" decoding=\"async\" width=\"1024\" height=\"683\" src=\"https:\/\/grandepremio.com\/br\/wp-content\/uploads\/2026\/08\/f1-2026-paises-baixos-classificacao-mclaren-oscar-piastri-01-1-1024x683.jpeg\" alt=\"F1 2026, PAISES BAIXOS, QUALY, MCLAREN, OSCAR PIASTRI\" class=\"wp-image-1020312559\" srcset=\"https:\/\/grandepremio.com\/wp-content\/uploads\/2026\/08\/f1-2026-paises-baixos-classificacao-mclaren-oscar-piastri-01-1-1024x683.jpeg 1024w, https:\/\/grandepremio.com\/wp-content\/uploads\/2026\/08\/f1-2026-paises-baixos-classificacao-mclaren-oscar-piastri-01-1-300x200.jpeg 300w, https:\/\/grandepremio.com\/wp-content\/uploads\/2026\/08\/f1-2026-paises-baixos-classificacao-mclaren-oscar-piastri-01-1-768x512.jpeg 768w, https:\/\/grandepremio.com\/wp-content\/uploads\/2026\/08\/f1-2026-paises-baixos-classificacao-mclaren-oscar-piastri-01-1-1536x1025.jpeg 1536w, https:\/\/grandepremio.com\/wp-content\/uploads\/2026\/08\/f1-2026-paises-baixos-classificacao-mclaren-oscar-piastri-01-1-150x100.jpeg 150w, https:\/\/grandepremio.com\/wp-content\/uploads\/2026\/08\/f1-2026-paises-baixos-classificacao-mclaren-oscar-piastri-01-1.jpeg 2048w\" sizes=\"(max-width: 1024px) 100vw, 1024px\" \/><figcaption class=\"wp-element-caption\">Oscar Piastri hab\u00eda manifestado su descontento con el equipo. (Foto: McLaren)<\/figcaption><\/figure>\n\n\n\n<p class=\"wp-block-paragraph\"><strong><em>\u00a1Seguinos en redes por&nbsp;<a href=\"https:\/\/twitter.com\/grandepremioES\" target=\"_blank\" rel=\"noopener\">Twitter&nbsp;<\/a>e&nbsp;<a href=\"https:\/\/www.instagram.com\/grandepremioes\/\" target=\"_blank\" rel=\"noopener\">Instagram!<\/a><\/em><\/strong><br><strong><em>Adem\u00e1s, tenemos nuestro&nbsp;<a href=\"https:\/\/whatsapp.com\/channel\/0029VaDZ5zb0gcfDxuwxBM05\" target=\"_blank\" rel=\"noopener\">canal de Whatsapp<\/a>&nbsp;con toda la informaci\u00f3n al instante<\/em><\/strong><\/p>\n\n\n\n<p class=\"wp-block-paragraph\">\u201cHemos estado juntos tres a\u00f1os y medio y ha sido una etapa muy buena. Hemos afrontado varios retos, pero si se mira mi trayectoria y se ve d\u00f3nde estoy, habiendo ganado dos Campeonatos Mundiales de Constructores y habiendo luchado una vez por el Campeonato Mundial de Pilotos, creo que McLaren me ha brindado una oportunidad incre\u00edble\u201d, dijo Piastri.<\/p>\n\n\n\n<p class=\"wp-block-paragraph\">\u201cEstoy muy contento con mi situaci\u00f3n actual y, en definitiva, han hecho mucho por m\u00ed. Tenemos una gran relaci\u00f3n y, al final, uno quiere estar en el mejor lugar posible para triunfar, y McLaren es ese lugar\u201d, concluy\u00f3.<\/p>\n\n\n\n<p class=\"wp-block-paragraph\">La <strong>F\u00f3rmula 1<\/strong> regresa del 4 al 6 de septiembre en <strong>Monza<\/strong>, sede del <strong>Gran Premio de Italia<\/strong>, la 13a prueba de la temporada 2026.<\/p>\n","protected":false},"excerpt":{"rendered":"<p>Oscar Piastri destac\u00f3 la competitividad de McLaren en los \u00faltimos a\u00f1os y asegur\u00f3 estar encantado de formar parte del proyecto de F\u00f3rmula 1 del equipo.<\/p>\n","protected":false},"author":30,"featured_media":1020312489,"comment_status":"closed","ping_status":"closed","sticky":false,"template":"","format":"standard","meta":{"42wp_featured_image_caption":"Oscar Piastri dijo que est\u00e1 contento en el equipo","42wp_featured_image_credits":"McLaren","42wp_featured_video":"","42wp_featured_image_hidden":false,"42wp_authors_list":[{"id":14240,"location":"Rosario"}],"footnotes":""},"categories":[5],"tags":[1680,179,268,269,278],"42wp_author":[14240],"class_list":["post-39239","post","type-post","status-publish","format-standard","has-post-thumbnail","hentry","category-f1","tag-f1-2026","tag-formula-1","tag-lando-norris","tag-mclaren","tag-oscar-piastri","42wp_author-ignacio-bogado"],"_links":{"self":[{"href":"https:\/\/grandepremio.com\/es\/wp-json\/wp\/v2\/posts\/39239","targetHints":{"allow":["GET"]}}],"collection":[{"href":"https:\/\/grandepremio.com\/es\/wp-json\/wp\/v2\/posts"}],"about":[{"href":"https:\/\/grandepremio.com\/es\/wp-json\/wp\/v2\/types\/post"}],"author":[{"embeddable":true,"href":"https:\/\/grandepremio.com\/es\/wp-json\/wp\/v2\/users\/30"}],"replies":[{"embeddable":true,"href":"https:\/\/grandepremio.com\/es\/wp-json\/wp\/v2\/comments?post=39239"}],"version-history":[{"count":1,"href":"https:\/\/grandepremio.com\/es\/wp-json\/wp\/v2\/posts\/39239\/revisions"}],"predecessor-version":[{"id":39243,"href":"https:\/\/grandepremio.com\/es\/wp-json\/wp\/v2\/posts\/39239\/revisions\/39243"}],"wp:featuredmedia":[{"embeddable":true,"href":"https:\/\/grandepremio.com\/es\/wp-json\/wp\/v2\/media\/1020312489"}],"wp:attachment":[{"href":"https:\/\/grandepremio.com\/es\/wp-json\/wp\/v2\/media?parent=39239"}],"wp:term":[{"taxonomy":"category","embeddable":true,"href":"https:\/\/grandepremio.com\/es\/wp-json\/wp\/v2\/categories?post=39239"},{"taxonomy":"post_tag","embeddable":true,"href":"https:\/\/grandepremio.com\/es\/wp-json\/wp\/v2\/tags?post=39239"},{"taxonomy":"42wp_author","embeddable":true,"href":"https:\/\/grandepremio.com\/es\/wp-json\/wp\/v2\/42wp_author?post=39239"}],"curies":[{"name":"wp","href":"https:\/\/api.w.org\/{rel}","templated":true}]}}