{"id":39272,"date":"2026-08-25T15:56:52","date_gmt":"2026-08-25T18:56:52","guid":{"rendered":"https:\/\/grandepremio.com\/es\/?p=39272"},"modified":"2026-08-25T15:56:53","modified_gmt":"2026-08-25T18:56:53","slug":"alcaldesa-washington-pide-indycar-continue-rechaza-unico","status":"publish","type":"post","link":"https:\/\/grandepremio.com\/es\/indy\/alcaldesa-washington-pide-indycar-continue-rechaza-unico\/","title":{"rendered":"La alcaldesa de Washington le pide a la IndyCar que continu\u00e9 en el futuro y rechaza el evento \u00fanico"},"content":{"rendered":"\n<p class=\"wp-block-paragraph\">Tras la disputa del llamado <em>Freedom 250<\/em>, el evento de la <strong>IndyCar <\/strong>celebrado en las calles de <strong>Washington<\/strong> para conmemorar el 250\u00b0 aniversario de la independencia de los Estados Unidos, una idea surgida desde la cadena Fox y que cont\u00f3 con el apoyo del presidente, <strong>Donald Trump<\/strong>, no pocas voces sugirieron que la carrera siga en los pr\u00f3ximos a\u00f1os.<\/p>\n\n\n\n<p class=\"wp-block-paragraph\">\ud83d\udfe5&nbsp;<strong><em>\u00a1Todas las novedades te esperan en el canal de&nbsp;<\/em><\/strong><a href=\"https:\/\/www.youtube.com\/@GrandePremioES\"><em>YouTube<\/em><\/a><strong><em>&nbsp;de Grande Pr\u00eamio en Espa\u00f1ol!<\/em><\/strong>&nbsp;\ud83d\udfe8<\/p>\n\n\n\n<p class=\"wp-block-paragraph\">Y fue el caso de la alcaldesa de Washington, <strong>Muriel Bowser<\/strong>, quien dijo que le gustar\u00eda que la carrera fuera anual, especialmente en agosto, durante el receso del Congreso de los Estados Unidos. El \u00e9xito en repercusi\u00f3n y asistencia fue tal que anim\u00f3 a las partes a comenzar a planificar el futuro de la competencia.<\/p>\n\n\n\n<p class=\"wp-block-paragraph\">Bowser mostr\u00f3 su apoyo publico a la continuidad de la Indy en las calles de la capital estadounidense, en el circuito emplazado alrededor de varios monumentos hist\u00f3ricos y, especialmente, del Capitolio: <strong>\u201cAgosto es un mes flojo para hoteles y restaurantes en la ciudad, ya que el Congreso est\u00e1 de vacaciones. Llenar las habitaciones de hotel este mes es una gran victoria. No queremos que la carrera se haya celebrado solo este a\u00f1o, sino que regrese a\u00f1o tras a\u00f1o\u201d.<\/strong><\/p>\n\n\n\n<figure class=\"wp-block-embed is-type-video is-provider-youtube wp-block-embed-youtube wp-embed-aspect-16-9 wp-has-aspect-ratio\"><div class=\"wp-block-embed__wrapper\">\n<iframe loading=\"lazy\" title=\"NORRIS REPITE Y  LA FIA PENALIZA MAL A COLAPINTO EN ZANDVOORT\" width=\"500\" height=\"281\" src=\"https:\/\/www.youtube.com\/embed\/9DoFaYz6ebA?feature=oembed\" frameborder=\"0\" allow=\"accelerometer; autoplay; clipboard-write; encrypted-media; gyroscope; picture-in-picture; web-share\" referrerpolicy=\"strict-origin-when-cross-origin\" allowfullscreen><\/iframe>\n<\/div><\/figure>\n\n\n\n<p class=\"wp-block-paragraph\">Kyle Kirkwood logr\u00f3 el triunfo en la carrera del domingo, que tuvo varias banderas amarillas, y le permiti\u00f3 acercarse un poco a <strong>\u00c1lex Palou <\/strong>en el campeonato 2026 de Indy, aunque el l\u00edder del certamen y actual campe\u00f3n le lleva 91 puntos al piloto de Andretti, con tres carreras para el final de la temporada. Christian Lundgaard (McLaren) completa el top 3 a 110 unidades del piloto de Ganassi.<\/p>\n\n\n\n<p class=\"wp-block-paragraph\">\u23e9&nbsp;<strong><em>\u00a1Seguinos en redes por&nbsp;<\/em><\/strong><a href=\"https:\/\/twitter.com\/grandepremioES\"><em>Twitter&nbsp;<\/em><\/a><strong><em>e&nbsp;<\/em><\/strong><a href=\"https:\/\/www.instagram.com\/grandepremioes\/\"><em>Instagram!<br><\/em><\/a>\u23e9&nbsp;<strong><em>Adem\u00e1s, tenemos nuestro&nbsp;<\/em><\/strong><a href=\"https:\/\/whatsapp.com\/channel\/0029VaDZ5zb0gcfDxuwxBM05\"><em>canal de Whatsapp<\/em><\/a><strong><em>&nbsp;con toda la informaci\u00f3n al instante<\/em><\/strong>&nbsp;\ud83c\udfc1<\/p>\n\n\n\n<p class=\"wp-block-paragraph\">La IndyCar sigue con su agitado final de temporada y volver\u00e1 a correr el fin de semana con su evento doble en el \u00f3valo de una milla de Milwaukee para las carreras 16 y 17 de la temporada.<\/p>\n","protected":false},"excerpt":{"rendered":"<p>La alcaldesa Muriel Bowser argument\u00f3 que la carrera deber\u00eda continuar celebr\u00e1ndose en agosto, durante el receso del Congreso de los Estados Unidos, para impulsar la industria hotelera y gastron\u00f3mica de Washington, rechazando que solo sea una \u00fanica carrera de IndyCar.<\/p>\n","protected":false},"author":31,"featured_media":1020312913,"comment_status":"closed","ping_status":"closed","sticky":false,"template":"","format":"standard","meta":{"42wp_featured_image_caption":"Largada del GP de Washington (Foto: IndyCar)","42wp_featured_image_credits":"","42wp_featured_video":"","42wp_featured_image_hidden":false,"42wp_authors_list":[{"id":14237,"location":"de Buenos Aires"}],"footnotes":""},"categories":[7],"tags":[8013,310,14383,13713],"42wp_author":[14237],"class_list":["post-39272","post","type-post","status-publish","format-standard","has-post-thumbnail","hentry","category-indy","tag-alex-palou-3","tag-indycar","tag-muriel-bowser","tag-washington","42wp_author-gabriel-garcia"],"_links":{"self":[{"href":"https:\/\/grandepremio.com\/es\/wp-json\/wp\/v2\/posts\/39272","targetHints":{"allow":["GET"]}}],"collection":[{"href":"https:\/\/grandepremio.com\/es\/wp-json\/wp\/v2\/posts"}],"about":[{"href":"https:\/\/grandepremio.com\/es\/wp-json\/wp\/v2\/types\/post"}],"author":[{"embeddable":true,"href":"https:\/\/grandepremio.com\/es\/wp-json\/wp\/v2\/users\/31"}],"replies":[{"embeddable":true,"href":"https:\/\/grandepremio.com\/es\/wp-json\/wp\/v2\/comments?post=39272"}],"version-history":[{"count":4,"href":"https:\/\/grandepremio.com\/es\/wp-json\/wp\/v2\/posts\/39272\/revisions"}],"predecessor-version":[{"id":39278,"href":"https:\/\/grandepremio.com\/es\/wp-json\/wp\/v2\/posts\/39272\/revisions\/39278"}],"wp:featuredmedia":[{"embeddable":true,"href":"https:\/\/grandepremio.com\/es\/wp-json\/wp\/v2\/media\/1020312913"}],"wp:attachment":[{"href":"https:\/\/grandepremio.com\/es\/wp-json\/wp\/v2\/media?parent=39272"}],"wp:term":[{"taxonomy":"category","embeddable":true,"href":"https:\/\/grandepremio.com\/es\/wp-json\/wp\/v2\/categories?post=39272"},{"taxonomy":"post_tag","embeddable":true,"href":"https:\/\/grandepremio.com\/es\/wp-json\/wp\/v2\/tags?post=39272"},{"taxonomy":"42wp_author","embeddable":true,"href":"https:\/\/grandepremio.com\/es\/wp-json\/wp\/v2\/42wp_author?post=39272"}],"curies":[{"name":"wp","href":"https:\/\/api.w.org\/{rel}","templated":true}]}}