{"id":39315,"date":"2026-08-26T11:04:32","date_gmt":"2026-08-26T14:04:32","guid":{"rendered":"https:\/\/grandepremio.com\/es\/?p=39315"},"modified":"2026-08-26T11:04:33","modified_gmt":"2026-08-26T14:04:33","slug":"camara-prueba-una-sf-25-en-mugello-antes-de-su-test-de-evaluacion-con-haas","status":"publish","type":"post","link":"https:\/\/grandepremio.com\/es\/f1\/camara-prueba-una-sf-25-en-mugello-antes-de-su-test-de-evaluacion-con-haas\/","title":{"rendered":"C\u00e2mara prueba una SF-25 en Mugello antes de su test de evaluaci\u00f3n con Haas"},"content":{"rendered":"\n<h3 class=\"wp-block-heading\">Puntos clave<\/h3>\n\n\n\n<ul class=\"wp-block-list\">\n<li><strong>Rafael C\u00e2mara probar\u00e1 la Ferrari SF-25 en Mugello antes del test que realizar\u00e1 con Haas en Portim\u00e3o.<\/strong><\/li>\n\n\n\n<li>El brasile\u00f1o se prepara para una prueba que podr\u00eda ser determinante en la elecci\u00f3n de un piloto titular de Haas para la temporada 2027.<\/li>\n\n\n\n<li>C\u00e2mara, piloto de la Academia Ferrari y actual tercero en la F2, competir\u00e1 por el puesto con Leonardo Fornaroli y Ry\u014d Hirakawa.<\/li>\n<\/ul>\n\n\n\n<p class=\"wp-block-paragraph\">Rafael C\u00e2mara est\u00e1 a punto de realizar un test con Haas con vistas a conseguir un asiento como titular en F\u00f3rmula 1 en 2027, pero antes <strong>pilotar\u00e1 la SF-25 de Ferrari en Mugello<\/strong>. La actividad en el circuito italiano ser\u00e1 el <strong>\u00faltimo paso en la preparaci\u00f3n del brasile\u00f1o<\/strong> para la prueba con el equipo estadounidense, que se realizar\u00e1 en Portugal todav\u00eda esta semana.<\/p>\n\n\n\n<p class=\"wp-block-paragraph\">La informaci\u00f3n fue divulgada por el portal italiano <em>Autoracer<\/em> este martes. Seg\u00fan la publicaci\u00f3n, Ferrari realizar\u00e1 <strong>dos d\u00edas de pruebas TPC<\/strong> \u2014sigla en ingl\u00e9s para los test con monoplazas de temporadas anteriores\u2014 en Mugello los d\u00edas 26 y 27 de agosto. Los pilotos conducir\u00e1n la SF-25, modelo que compiti\u00f3 en la temporada pasada de F1.<\/p>\n\n\n\n<figure class=\"wp-block-embed is-type-video is-provider-youtube wp-block-embed-youtube wp-embed-aspect-16-9 wp-has-aspect-ratio\"><div class=\"wp-block-embed__wrapper\">\n<iframe loading=\"lazy\" title=\"NORRIS REPITE Y  LA FIA PENALIZA MAL A COLAPINTO EN ZANDVOORT\" width=\"500\" height=\"281\" src=\"https:\/\/www.youtube.com\/embed\/9DoFaYz6ebA?feature=oembed\" frameborder=\"0\" allow=\"accelerometer; autoplay; clipboard-write; encrypted-media; gyroscope; picture-in-picture; web-share\" referrerpolicy=\"strict-origin-when-cross-origin\" allowfullscreen><\/iframe>\n<\/div><\/figure>\n\n\n\n<p class=\"wp-block-paragraph\">Aunque el programa tambi\u00e9n contar\u00e1 con la participaci\u00f3n de <strong>Dino Beganovic y Antonio Fuoco<\/strong> para actividades de simulaci\u00f3n, el foco estar\u00e1 puesto en C\u00e2mara, que utilizar\u00e1 la sesi\u00f3n para prepararse para una oportunidad como piloto titular en F1.<\/p>\n\n\n\n<p class=\"wp-block-paragraph\">El objetivo de la actividad es que C\u00e2mara se familiarice todav\u00eda m\u00e1s con los procedimientos que implica conducir un auto de F1. Posteriormente, todav\u00eda esta semana, <strong>el brasile\u00f1o realizar\u00e1 un test con Haas en Portim\u00e3o<\/strong>, que podr\u00eda ser importante para definir su futuro como piloto titular del equipo en 2027.<\/p>\n\n\n\n<figure class=\"wp-block-image size-large\"><img loading=\"lazy\" decoding=\"async\" width=\"1200\" height=\"818\" src=\"https:\/\/grandepremio.com\/br\/wp-content\/uploads\/2026\/06\/Rafael-Camara-F2-2026-corrida-2-Catalunha-Barcelona-1-1200x818.jpg\" alt=\"\" class=\"wp-image-1001099431\" srcset=\"https:\/\/grandepremio.com\/wp-content\/uploads\/2026\/06\/Rafael-Camara-F2-2026-corrida-2-Catalunha-Barcelona-1-1200x818.jpg 1200w, https:\/\/grandepremio.com\/wp-content\/uploads\/2026\/06\/Rafael-Camara-F2-2026-corrida-2-Catalunha-Barcelona-1-300x205.jpg 300w, https:\/\/grandepremio.com\/wp-content\/uploads\/2026\/06\/Rafael-Camara-F2-2026-corrida-2-Catalunha-Barcelona-1-768x524.jpg 768w, https:\/\/grandepremio.com\/wp-content\/uploads\/2026\/06\/Rafael-Camara-F2-2026-corrida-2-Catalunha-Barcelona-1-1536x1047.jpg 1536w, https:\/\/grandepremio.com\/wp-content\/uploads\/2026\/06\/Rafael-Camara-F2-2026-corrida-2-Catalunha-Barcelona-1-150x102.jpg 150w, https:\/\/grandepremio.com\/wp-content\/uploads\/2026\/06\/Rafael-Camara-F2-2026-corrida-2-Catalunha-Barcelona-1.jpg 1600w\" sizes=\"(max-width: 1200px) 100vw, 1200px\" \/><figcaption class=\"wp-element-caption\">Rafael C\u00e2mara lucha por el t\u00edtulo en la F2 (Foto: F2)<\/figcaption><\/figure>\n\n\n\n<p class=\"wp-block-paragraph\">Seg\u00fan el portal neerland\u00e9s <em>GPblog<\/em>, adem\u00e1s de C\u00e2mara, <strong>Leonardo Fornaroli y Ry\u014d Hirakawa tambi\u00e9n est\u00e1n en carrera<\/strong> y participar\u00e1n en el test en el circuito de Portim\u00e3o entre el 26 y el 28 de agosto. Sin embargo, todav\u00eda no est\u00e1 claro cu\u00e1l ser\u00e1 el programa de cada piloto. La sesi\u00f3n tambi\u00e9n contar\u00e1 con la participaci\u00f3n de <strong>Oliver Bearman<\/strong>, que servir\u00e1 como referencia para los pilotos que compiten por el puesto.<\/p>\n\n\n\n<p class=\"wp-block-paragraph\">Piloto de la <strong>Academia Ferrari<\/strong>, C\u00e2mara fue campe\u00f3n de F3 el a\u00f1o pasado y actualmente pelea por el t\u00edtulo de F2. Despu\u00e9s de nueve fechas, el brasile\u00f1o ocupa el tercer puesto del campeonato con <strong>145 puntos<\/strong>, 22 menos que el l\u00edder Nikola Tsolov.<\/p>\n\n\n\n<p class=\"wp-block-paragraph\">La F\u00f3rmula 1 volver\u00e1 a la pista del <strong>4 al 6 de septiembre en Monza<\/strong>, escenario del GP de Italia, 13\u00aa fecha de la temporada 2026.<\/p>\n\n\n\n<h3 class=\"wp-block-heading\">Preguntas frecuentes<\/h3>\n\n\n\n<p class=\"wp-block-paragraph\"><strong>\u00bfPor qu\u00e9 Rafael C\u00e2mara probar\u00e1 la Ferrari SF-25 antes del test con Haas?<\/strong><br>La prueba en Mugello servir\u00e1 como preparaci\u00f3n para el test con Haas. El objetivo es que el brasile\u00f1o se familiarice a\u00fan m\u00e1s con los procedimientos y exigencias de un monoplaza de F\u00f3rmula 1 antes de afrontar la evaluaci\u00f3n con el equipo estadounidense.<\/p>\n\n\n\n<p class=\"wp-block-paragraph\"><strong>\u00bfQui\u00e9nes competir\u00e1n con C\u00e2mara por el asiento de Haas en 2027?<\/strong><br>Adem\u00e1s del brasile\u00f1o, Leonardo Fornaroli y Ry\u014d Hirakawa aparecen como candidatos para el puesto. Oliver Bearman tambi\u00e9n participar\u00e1 en el test de Portim\u00e3o como referencia para los pilotos que buscan el asiento.<\/p>\n\n\n\n<p class=\"wp-block-paragraph\"><strong>\u00bfC\u00f3mo llega C\u00e2mara a esta oportunidad con Haas?<\/strong><br>El brasile\u00f1o es piloto de la Academia Ferrari, fue campe\u00f3n de F3 en 2025 y actualmente pelea por el t\u00edtulo de F2. Tras nueve fechas, ocupa el tercer lugar con 145 puntos, a 22 del l\u00edder Nikola Tsolov.<\/p>\n\n\n\n<p class=\"wp-block-paragraph\"><\/p>\n","protected":false},"excerpt":{"rendered":"<p>Ferrari llevar\u00e1 a cabo una prueba TPC en Mugello con Rafael C\u00e2mara, como preparaci\u00f3n para el brasile\u00f1o al test que tendr\u00e1 con Haas como candidato a un asiento en 2027.   <\/p>\n","protected":false},"author":15,"featured_media":1001094549,"comment_status":"closed","ping_status":"closed","sticky":false,"template":"","format":"standard","meta":{"42wp_featured_image_caption":"Rafael C\u00e2mara probar\u00e1 una Ferrari antes de su test con Haas. ","42wp_featured_image_credits":"Rodrigo Aguiar Ruiz\/Grande Pr\u00eamio","42wp_featured_video":"","42wp_featured_image_hidden":false,"42wp_authors_list":[{"id":14223,"location":""}],"footnotes":""},"categories":[5],"tags":[181,1680,185,179,6799],"42wp_author":[14223],"class_list":["post-39315","post","type-post","status-publish","format-standard","has-post-thumbnail","hentry","category-f1","tag-f1","tag-f1-2026","tag-ferrari","tag-formula-1","tag-rafael-camara","42wp_author-esteban-nieto"],"_links":{"self":[{"href":"https:\/\/grandepremio.com\/es\/wp-json\/wp\/v2\/posts\/39315","targetHints":{"allow":["GET"]}}],"collection":[{"href":"https:\/\/grandepremio.com\/es\/wp-json\/wp\/v2\/posts"}],"about":[{"href":"https:\/\/grandepremio.com\/es\/wp-json\/wp\/v2\/types\/post"}],"author":[{"embeddable":true,"href":"https:\/\/grandepremio.com\/es\/wp-json\/wp\/v2\/users\/15"}],"replies":[{"embeddable":true,"href":"https:\/\/grandepremio.com\/es\/wp-json\/wp\/v2\/comments?post=39315"}],"version-history":[{"count":1,"href":"https:\/\/grandepremio.com\/es\/wp-json\/wp\/v2\/posts\/39315\/revisions"}],"predecessor-version":[{"id":39319,"href":"https:\/\/grandepremio.com\/es\/wp-json\/wp\/v2\/posts\/39315\/revisions\/39319"}],"wp:featuredmedia":[{"embeddable":true,"href":"https:\/\/grandepremio.com\/es\/wp-json\/wp\/v2\/media\/1001094549"}],"wp:attachment":[{"href":"https:\/\/grandepremio.com\/es\/wp-json\/wp\/v2\/media?parent=39315"}],"wp:term":[{"taxonomy":"category","embeddable":true,"href":"https:\/\/grandepremio.com\/es\/wp-json\/wp\/v2\/categories?post=39315"},{"taxonomy":"post_tag","embeddable":true,"href":"https:\/\/grandepremio.com\/es\/wp-json\/wp\/v2\/tags?post=39315"},{"taxonomy":"42wp_author","embeddable":true,"href":"https:\/\/grandepremio.com\/es\/wp-json\/wp\/v2\/42wp_author?post=39315"}],"curies":[{"name":"wp","href":"https:\/\/api.w.org\/{rel}","templated":true}]}}