{"id":39318,"date":"2026-08-26T11:28:58","date_gmt":"2026-08-26T14:28:58","guid":{"rendered":"https:\/\/grandepremio.com\/es\/?p=39318"},"modified":"2026-08-26T11:30:50","modified_gmt":"2026-08-26T14:30:50","slug":"carlos-sainz-frustracion-williams-confianza-mejora-rendimiento-2026","status":"publish","type":"post","link":"https:\/\/grandepremio.com\/es\/f1\/carlos-sainz-frustracion-williams-confianza-mejora-rendimiento-2026\/","title":{"rendered":"Sainz admite dificultades con Williams, pero asegura: &#8220;No voy a abandonar el barco en el peor momento&#8221;"},"content":{"rendered":"\n<p class=\"has-medium-font-size wp-block-paragraph\"><strong>Puntos clave:<\/strong><\/p>\n\n\n\n<ul class=\"wp-block-list\">\n<li><strong>Frustraci\u00f3n con el rendimiento<\/strong>: Sainz reconoce su descontento con el bajo nivel competitivo de Williams en la temporada 2026 de F1.<\/li>\n<\/ul>\n\n\n\n<ul class=\"wp-block-list\">\n<li><strong>Compromiso con el equipo<\/strong>: A pesar de las dificultades, afirma que no abandonar\u00e1 el proyecto en su peor momento.<\/li>\n<\/ul>\n\n\n\n<ul class=\"wp-block-list\">\n<li><strong>Contexto de la temporada<\/strong>: La situaci\u00f3n refleja la presi\u00f3n de un equipo hist\u00f3rico que atraviesa una etapa complicada en la F\u00f3rmula 1.<\/li>\n<\/ul>\n\n\n\n<p class=\"wp-block-paragraph\"><strong>Carlos Sainz<\/strong> se enfrent\u00f3 a un dilema antes de renovar su contrato con <strong>Williams <\/strong>mediante un nuevo acuerdo multianual. <\/p>\n\n\n\n<p class=\"wp-block-paragraph\">\ud83d\udfe5 <strong><em>\u00a1Todas las novedades te esperan en el canal de\u00a0<\/em><\/strong><a href=\"https:\/\/www.youtube.com\/@GrandePremioES\"><em>YouTube<\/em><\/a><strong><em>\u00a0de Grande Pr\u00eamio en Espa\u00f1ol!<\/em><\/strong> \ud83d\udfe8<\/p>\n\n\n\n<figure class=\"wp-block-embed is-type-video is-provider-youtube wp-block-embed-youtube wp-embed-aspect-16-9 wp-has-aspect-ratio\"><div class=\"wp-block-embed__wrapper\">\n<iframe loading=\"lazy\" title=\"NORRIS REPITE Y  LA FIA PENALIZA MAL A COLAPINTO EN ZANDVOORT\" width=\"500\" height=\"281\" src=\"https:\/\/www.youtube.com\/embed\/9DoFaYz6ebA?feature=oembed\" frameborder=\"0\" allow=\"accelerometer; autoplay; clipboard-write; encrypted-media; gyroscope; picture-in-picture; web-share\" referrerpolicy=\"strict-origin-when-cross-origin\" allowfullscreen><\/iframe>\n<\/div><\/figure>\n\n\n\n<p class=\"wp-block-paragraph\">El espa\u00f1ol admiti\u00f3 que las dificultades de 2026 le generaron dudas sobre el potencial del equipo, pero reiter\u00f3 que se niega a dar la espalda a los momentos de adversidad. Tras conversar con los miembros del equipo, decidi\u00f3 continuar con el trabajo sin siquiera analizar las propuestas de los rivales.<\/p>\n\n\n\n<p class=\"wp-block-paragraph\"><strong>Sainz <\/strong>lleg\u00f3 a <strong>Williams <\/strong>en 2025 para ayudar en el proceso de reestructuraci\u00f3n con el objetivo de preparar al equipo para la temporada 2026, que cuenta con un nuevo reglamento. Y, despu\u00e9s de que el equipo se recuperara el a\u00f1o pasado, con el espa\u00f1ol logrando dos podios, las expectativas eran altas para este a\u00f1o.<\/p>\n\n\n\n<p class=\"wp-block-paragraph\">Sin embargo, el equipo con sede en <strong>Grove <\/strong>sufri\u00f3 retrasos en el proyecto y desarroll\u00f3 un auto con exceso de peso y problemas de carga aerodin\u00e1mica. Como resultado, <strong>Williams <\/strong>ocupa la novena posici\u00f3n en el <strong>Campeonato Mundial de Constructores<\/strong>, con 11 puntos, solo por delante de <strong>Aston Martin<\/strong> y <strong>Cadillac<\/strong>.<\/p>\n\n\n\n<p class=\"wp-block-paragraph\">En medio de las dificultades, <strong>Sainz <\/strong>se acerc\u00f3 a <strong>Audi <\/strong>en busca de una oportunidad para 2027, pero no tuvo \u00e9xito, ya que los alemanes indican que pretenden mantener a <strong>Nico H\u00fclkenberg<\/strong> y <strong>Gabriel Bortoleto<\/strong>.<\/p>\n\n\n\n<p class=\"wp-block-paragraph\">\u23ef\u00a0<strong><em>\u00a1Seguinos en redes por\u00a0<\/em><\/strong><a href=\"https:\/\/twitter.com\/grandepremioES\"><em>Twitter\u00a0<\/em><\/a><strong><em>e\u00a0<\/em><\/strong><a href=\"https:\/\/www.instagram.com\/grandepremioes\/\"><em>Instagram!<\/em><\/a><br>\u23ef\u00a0<strong><em>Adem\u00e1s, tenemos nuestro\u00a0<\/em><\/strong><a href=\"https:\/\/whatsapp.com\/channel\/0029VaDZ5zb0gcfDxuwxBM05\"><em>canal de WhatsApp<\/em><\/a><strong><em>\u00a0con toda la informaci\u00f3n al instante<\/em><\/strong> \ud83c\udfc1<\/p>\n\n\n\n<figure class=\"wp-block-image size-large\"><img loading=\"lazy\" decoding=\"async\" width=\"1024\" height=\"683\" src=\"https:\/\/grandepremio.com\/es\/wp-content\/uploads\/2026\/08\/f1-2026-paises-baixos-classificacao-sprint-williams-carlos-sainz-01-1024x683.jpg\" alt=\"F1 2026, PAISES BAIXOS, QUALY SPRINT, WILLIAMS, CARLOS SAINZ\" class=\"wp-image-1020312457\" srcset=\"https:\/\/grandepremio.com\/wp-content\/uploads\/2026\/08\/f1-2026-paises-baixos-classificacao-sprint-williams-carlos-sainz-01-1024x683.jpg 1024w, https:\/\/grandepremio.com\/wp-content\/uploads\/2026\/08\/f1-2026-paises-baixos-classificacao-sprint-williams-carlos-sainz-01-300x200.jpg 300w, https:\/\/grandepremio.com\/wp-content\/uploads\/2026\/08\/f1-2026-paises-baixos-classificacao-sprint-williams-carlos-sainz-01-768x512.jpg 768w, https:\/\/grandepremio.com\/wp-content\/uploads\/2026\/08\/f1-2026-paises-baixos-classificacao-sprint-williams-carlos-sainz-01-1536x1024.jpg 1536w, https:\/\/grandepremio.com\/wp-content\/uploads\/2026\/08\/f1-2026-paises-baixos-classificacao-sprint-williams-carlos-sainz-01-2048x1366.jpg 2048w, https:\/\/grandepremio.com\/wp-content\/uploads\/2026\/08\/f1-2026-paises-baixos-classificacao-sprint-williams-carlos-sainz-01-150x100.jpg 150w\" sizes=\"(max-width: 1024px) 100vw, 1024px\" \/><figcaption class=\"wp-element-caption\">Carlos Sainz tuvo una complicada carrera en Pa\u00edses Bajos (Foto: Williams)<\/figcaption><\/figure>\n\n\n\n<p class=\"wp-block-paragraph\">As\u00ed, durante la semana previa al <strong>Gran Premio de los Pa\u00edses Bajos, Williams<\/strong> confirm\u00f3 que <strong>Sainz <\/strong>se quedar\u00eda. El espa\u00f1ol se mostr\u00f3 sincero al hablar de su frustraci\u00f3n con respecto a las expectativas para 2026.<\/p>\n\n\n\n<p class=\"wp-block-paragraph\">\u201cNo creo que forme parte de mi personalidad abandonar el barco cuando la situaci\u00f3n est\u00e1 en su peor momento. Y cuando surge el mayor obst\u00e1culo desde que logramos los podios el a\u00f1o pasado, no forma parte de mi personalidad irme. En el fondo, siempre quise renovar, pero obviamente me preocupaba que tuvi\u00e9ramos que asegurarnos de que los problemas no volvieran a ocurrir\u201d, dijo <strong>Sainz<\/strong>.<\/p>\n\n\n\n<p class=\"wp-block-paragraph\">\u201cAs\u00ed que habl\u00e9 con todos en <strong>Williams <\/strong>para entender en qu\u00e9 punto est\u00e1bamos y c\u00f3mo la situaci\u00f3n actual hab\u00eda afectado nuestros planes. No analic\u00e9 a fondo las otras propuestas, porque mi prioridad siempre fue <strong>Williams<\/strong>. Quiero quedarme en un proyecto a largo plazo y entender c\u00f3mo podemos salir de esta situaci\u00f3n lo m\u00e1s r\u00e1pido posible\u201d, continu\u00f3.<\/p>\n\n\n\n<p class=\"wp-block-paragraph\"><strong>Williams <\/strong>est\u00e1 pasando por un proceso de reestructuraci\u00f3n bajo el mando de <strong>James Vowles<\/strong>. La temporada 2025 fue una de las mejores del equipo en los \u00faltimos a\u00f1os. <\/p>\n\n\n\n<figure class=\"wp-block-image size-large\"><img loading=\"lazy\" decoding=\"async\" width=\"1024\" height=\"683\" src=\"https:\/\/grandepremio.com\/es\/wp-content\/uploads\/2026\/07\/f1-2026-hungria-media-day-williams-carlos-sainz-01-1024x683.jpg\" alt=\"F1 2026, HUNGRIA, MEDIA DAY, WILLIAMS, CARLOS SAINZ\" class=\"wp-image-1020310381\" srcset=\"https:\/\/grandepremio.com\/wp-content\/uploads\/2026\/07\/f1-2026-hungria-media-day-williams-carlos-sainz-01-1024x683.jpg 1024w, https:\/\/grandepremio.com\/wp-content\/uploads\/2026\/07\/f1-2026-hungria-media-day-williams-carlos-sainz-01-300x200.jpg 300w, https:\/\/grandepremio.com\/wp-content\/uploads\/2026\/07\/f1-2026-hungria-media-day-williams-carlos-sainz-01-768x512.jpg 768w, https:\/\/grandepremio.com\/wp-content\/uploads\/2026\/07\/f1-2026-hungria-media-day-williams-carlos-sainz-01-1536x1024.jpg 1536w, https:\/\/grandepremio.com\/wp-content\/uploads\/2026\/07\/f1-2026-hungria-media-day-williams-carlos-sainz-01-2048x1365.jpg 2048w, https:\/\/grandepremio.com\/wp-content\/uploads\/2026\/07\/f1-2026-hungria-media-day-williams-carlos-sainz-01-150x100.jpg 150w\" sizes=\"(max-width: 1024px) 100vw, 1024px\" \/><figcaption class=\"wp-element-caption\">Carlos Sainz ratifica su confianza en Williams y promete ayudar al equipo en su recuperaci\u00f3n en F1 (Foto: Gabriel L\u00f3pez \/Grande Pr\u00eamio)<\/figcaption><\/figure>\n\n\n\n<p class=\"wp-block-paragraph\">Aunque el equipo interrumpi\u00f3 prematuramente el desarrollo del auto para concentrar todos los esfuerzos en el nuevo ciclo de 2026, <strong>Sainz <\/strong>subi\u00f3 al podio en los <strong>GPs de Azerbaiy\u00e1n<\/strong> y <strong>Qatar<\/strong>. Por lo tanto, se esperaba un comienzo positivo.<\/p>\n\n\n\n<p class=\"wp-block-paragraph\">\u201cEl inicio de 2026 fue un golpe para mis expectativas, especialmente despu\u00e9s del buen desempe\u00f1o del a\u00f1o pasado. Al final, 2026 trajo consigo todos los problemas posibles y nos atrasamos con el proyecto de un auto con exceso de peso y sin carga aerodin\u00e1mica\u201d, concluy\u00f3.<\/p>\n\n\n\n<p class=\"wp-block-paragraph\">La&nbsp;<strong>F\u00f3rmula 1<\/strong>&nbsp;regresar\u00e1 a la acci\u00f3n entre el 4 y 6 de septiembre con el&nbsp;<strong>GP de Italia<\/strong>, decimotercera fecha de la temporada 2026, que se disputar\u00e1 en el circuito de&nbsp;<strong>Monza<\/strong>.<\/p>\n\n\n\n<p class=\"has-medium-font-size wp-block-paragraph\"><strong>Preguntas Frecuentes (FAQ):<\/strong><\/p>\n\n\n\n<p class=\"has-medium-font-size wp-block-paragraph\"><strong>\u00bfPor qu\u00e9 est\u00e1 frustrado Sainz con Williams?<\/strong> <\/p>\n\n\n\n<p class=\"wp-block-paragraph\">Porque el rendimiento del monoplaza en 2026 no ha estado a la altura de las expectativas competitivas.<\/p>\n\n\n\n<p class=\"has-medium-font-size wp-block-paragraph\"><strong>\u00bfPlanea dejar el equipo en medio de la crisis?<\/strong> <\/p>\n\n\n\n<p class=\"wp-block-paragraph\">No. Sainz asegura que seguir\u00e1 comprometido y no abandonar\u00e1 el barco en el peor momento.<\/p>\n\n\n\n<p class=\"has-medium-font-size wp-block-paragraph\"><strong>\u00bfQu\u00e9 significa esto para el futuro de Williams en F1?<\/strong> <\/p>\n\n\n\n<p class=\"wp-block-paragraph\">Refuerza la idea de que el equipo necesita tiempo y trabajo para recuperar competitividad, con la ventaja de contar con un piloto que respalda el proyecto.<\/p>\n\n\n\n<p class=\"wp-block-paragraph\"><\/p>\n","protected":false},"excerpt":{"rendered":"<p>Tras subir dos veces al podio en 2025, Carlos Sainz dijo que el auto de 2026 no hab\u00eda cumplido con sus expectativas. Sin embargo, asegur\u00f3 que no tiene intenci\u00f3n de abandonar el equipo<\/p>\n","protected":false},"author":32,"featured_media":1020307795,"comment_status":"closed","ping_status":"closed","sticky":false,"template":"","format":"standard","meta":{"42wp_featured_image_caption":"Carlos Sainz se muestra inconforme con el rendimiento de Williams en la temporada 2026 de F1","42wp_featured_image_credits":"Gabriel L\u00f3pez\/Grande Pr\u00eamio","42wp_featured_video":"","42wp_featured_image_hidden":false,"42wp_authors_list":[{"id":14239,"location":"C\u00f3rdoba"}],"footnotes":""},"categories":[5],"tags":[302,181,1680,179,2429,1488,4010,204],"42wp_author":[14239],"class_list":["post-39318","post","type-post","status-publish","format-standard","has-post-thumbnail","hentry","category-f1","tag-carlos-sainz","tag-f1","tag-f1-2026","tag-formula-1","tag-formula-1-2026","tag-grande-premio","tag-temporada-2026-f1","tag-williams","42wp_author-jp-otrosky"],"_links":{"self":[{"href":"https:\/\/grandepremio.com\/es\/wp-json\/wp\/v2\/posts\/39318","targetHints":{"allow":["GET"]}}],"collection":[{"href":"https:\/\/grandepremio.com\/es\/wp-json\/wp\/v2\/posts"}],"about":[{"href":"https:\/\/grandepremio.com\/es\/wp-json\/wp\/v2\/types\/post"}],"author":[{"embeddable":true,"href":"https:\/\/grandepremio.com\/es\/wp-json\/wp\/v2\/users\/32"}],"replies":[{"embeddable":true,"href":"https:\/\/grandepremio.com\/es\/wp-json\/wp\/v2\/comments?post=39318"}],"version-history":[{"count":3,"href":"https:\/\/grandepremio.com\/es\/wp-json\/wp\/v2\/posts\/39318\/revisions"}],"predecessor-version":[{"id":39326,"href":"https:\/\/grandepremio.com\/es\/wp-json\/wp\/v2\/posts\/39318\/revisions\/39326"}],"wp:featuredmedia":[{"embeddable":true,"href":"https:\/\/grandepremio.com\/es\/wp-json\/wp\/v2\/media\/1020307795"}],"wp:attachment":[{"href":"https:\/\/grandepremio.com\/es\/wp-json\/wp\/v2\/media?parent=39318"}],"wp:term":[{"taxonomy":"category","embeddable":true,"href":"https:\/\/grandepremio.com\/es\/wp-json\/wp\/v2\/categories?post=39318"},{"taxonomy":"post_tag","embeddable":true,"href":"https:\/\/grandepremio.com\/es\/wp-json\/wp\/v2\/tags?post=39318"},{"taxonomy":"42wp_author","embeddable":true,"href":"https:\/\/grandepremio.com\/es\/wp-json\/wp\/v2\/42wp_author?post=39318"}],"curies":[{"name":"wp","href":"https:\/\/api.w.org\/{rel}","templated":true}]}}