{"id":39331,"date":"2026-08-26T15:21:23","date_gmt":"2026-08-26T18:21:23","guid":{"rendered":"https:\/\/grandepremio.com\/es\/?p=39331"},"modified":"2026-08-26T15:21:24","modified_gmt":"2026-08-26T18:21:24","slug":"marc-marquez-apunta-luchar-por-posiciones-que-importan-en-aragon","status":"publish","type":"post","link":"https:\/\/grandepremio.com\/es\/motogp\/marc-marquez-apunta-luchar-por-posiciones-que-importan-en-aragon\/","title":{"rendered":"Marc M\u00e1rquez apunta a \u201cluchar por las posiciones que importan\u201d en Arag\u00f3n"},"content":{"rendered":"\n<h3 class=\"wp-block-heading\">Puntos Clave<\/h3>\n\n\n\n<ul class=\"wp-block-list\">\n<li><strong>Marc M\u00e1rquez<\/strong> afirm\u00f3 que el descanso posterior al Gran Premio de la Gran Breta\u00f1a favoreci\u00f3 la recuperaci\u00f3n de su hombro derecho.<\/li>\n\n\n\n<li>El piloto de Cervera destac\u00f3 que el circuito de <strong>MotorLand Arag\u00f3n<\/strong> se adapta de forma \u00f3ptima a su estilo de manejo y al rendimiento de la Ducati.<\/li>\n\n\n\n<li>M\u00e1rquez es el competidor m\u00e1s laureado del trazado en la grilla actual, con <strong>siete victorias en carreras principales<\/strong> y dos triunfos en competencias Sprint.<\/li>\n<\/ul>\n\n\n\n<p class=\"wp-block-paragraph\">La <a target=\"_blank\" rel=\"noopener\" href=\"https:\/\/grandepremio.com\/es\/motogp\/\">MotoGP<\/a> reanudar\u00e1 su actividad este fin de semana con la disputa del Gran Premio de Arag\u00f3n, 13.\u00aa competencia del calendario 2026. De cara al compromiso en MotorLand, <strong>Marc M\u00e1rquez expres\u00f3 su optimismo respecto a su estado f\u00edsico<\/strong> y la posibilidad de pelear en las posiciones de vanguardia.<\/p>\n\n\n\n<p class=\"wp-block-paragraph\">El competidor de Ducati ha convivido durante la presente campa\u00f1a con las secuelas de una lesi\u00f3n en el hombro derecho, de la cual fue intervenido quir\u00fargicamente semanas atr\u00e1s. Tras el receso posterior a Silverstone, el #93 conf\u00eda en dar un salto de competitividad en un trazado id\u00f3neo para sus pretensiones.<\/p>\n\n\n\n<p class=\"wp-block-paragraph\">&#8220;He tenido mucho \u00e9xito en Arag\u00f3n en el pasado, especialmente en los \u00faltimos a\u00f1os a bordo de la Ducati. Es una pista que favorece mis caracter\u00edsticas y la conducci\u00f3n de nuestra moto al m\u00e1ximo&#8221;, se\u00f1al\u00f3 M\u00e1rquez.<\/p>\n\n\n\n<figure class=\"wp-block-image size-large\"><img loading=\"lazy\" decoding=\"async\" width=\"1024\" height=\"684\" src=\"https:\/\/grandepremio.com\/br\/wp-content\/uploads\/2026\/07\/AFP__20260710__B9UC9NR__v1__MidRes-1024x684.jpg\" alt=\"\" class=\"wp-image-1020308992\" srcset=\"https:\/\/grandepremio.com\/wp-content\/uploads\/2026\/07\/AFP__20260710__B9UC9NR__v1__MidRes-1024x684.jpg 1024w, https:\/\/grandepremio.com\/wp-content\/uploads\/2026\/07\/AFP__20260710__B9UC9NR__v1__MidRes-300x200.jpg 300w, https:\/\/grandepremio.com\/wp-content\/uploads\/2026\/07\/AFP__20260710__B9UC9NR__v1__MidRes-768x513.jpg 768w, https:\/\/grandepremio.com\/wp-content\/uploads\/2026\/07\/AFP__20260710__B9UC9NR__v1__MidRes-150x100.jpg 150w, https:\/\/grandepremio.com\/wp-content\/uploads\/2026\/07\/AFP__20260710__B9UC9NR__v1__MidRes.jpg 1200w\" sizes=\"(max-width: 1024px) 100vw, 1024px\" \/><figcaption class=\"wp-element-caption\">Marc M\u00e1rquez conf\u00eda en que el descanso entre carreras haya impulsado su recuperaci\u00f3n f\u00edsica (Foto: AFP)<\/figcaption><\/figure>\n\n\n\n<p class=\"wp-block-paragraph\">&#8220;En comparaci\u00f3n con Silverstone y con dos semanas adicionales de recuperaci\u00f3n, <strong>estoy convencido de que estaremos mucho m\u00e1s cerca de los l\u00edderes<\/strong> y podremos luchar por las posiciones que importan, tanto en la Sprint como en la carrera del domingo&#8221;, agreg\u00f3 el piloto espa\u00f1ol.<\/p>\n\n\n\n<p class=\"wp-block-paragraph\">El historial del ocho veces campe\u00f3n del mundo en MotorLand ratifica su favoritismo: <strong>suma siete triunfos en la categor\u00eda reina<\/strong> (2013, 2016, 2017, 2018, 2019, 2024 y 2025), adem\u00e1s de dos victorias en formato Sprint.<\/p>\n\n\n\n<p class=\"wp-block-paragraph\">Las acciones del Gran Premio de Arag\u00f3n se llevar\u00e1n a cabo del <strong>28 al 30 de agosto<\/strong>. El evento contar\u00e1 con la cobertura completa y el seguimiento en directo de <strong>GRANDE PR\u00caMIO<\/strong>.<\/p>\n\n\n\n<h3 class=\"wp-block-heading\">Horarios por pa\u00eds para las sesiones clave de MotoGP<\/h3>\n\n\n\n<h4 class=\"wp-block-heading\"><strong>M\u00e9xico (CDMX)<\/strong><\/h4>\n\n\n\n<ul class=\"wp-block-list\">\n<li><strong>Viernes, 28 de agosto<\/strong> \u2013 Pr\u00e1ctica Libre 1 (FP1): 03:45<\/li>\n\n\n\n<li><strong>Viernes, 28 de agosto<\/strong> \u2013 Pr\u00e1ctica (PR): 08:00<\/li>\n\n\n\n<li><strong>S\u00e1bado, 29 de agosto<\/strong> \u2013 Clasificaci\u00f3n (Q1\/Q2): 03:50 \/ 04:15<\/li>\n\n\n\n<li><strong>S\u00e1bado, 29 de agosto<\/strong> \u2013 Carrera Sprint: 08:00<\/li>\n\n\n\n<li><strong>Domingo, 30 de agosto<\/strong> \u2013 Carrera Principal: 07:00<\/li>\n<\/ul>\n\n\n\n<h4 class=\"wp-block-heading\"><strong>Colombia<\/strong><\/h4>\n\n\n\n<ul class=\"wp-block-list\">\n<li><strong>Viernes, 28 de agosto<\/strong> \u2013 Pr\u00e1ctica Libre 1 (FP1): 03:45<\/li>\n\n\n\n<li><strong>Viernes, 28 de agosto<\/strong> \u2013 Pr\u00e1ctica (PR): 08:00<\/li>\n\n\n\n<li><strong>S\u00e1bado, 29 de agosto<\/strong> \u2013 Clasificaci\u00f3n (Q1\/Q2): 03:50 \/ 04:15<\/li>\n\n\n\n<li><strong>S\u00e1bado, 29 de agosto<\/strong> \u2013 Carrera Sprint: 08:00<\/li>\n\n\n\n<li><strong>Domingo, 30 de agosto<\/strong> \u2013 Carrera Principal: 07:00<\/li>\n<\/ul>\n\n\n\n<h4 class=\"wp-block-heading\"><strong>Argentina<\/strong><\/h4>\n\n\n\n<ul class=\"wp-block-list\">\n<li><strong>Viernes, 28 de agosto<\/strong> \u2013 Pr\u00e1ctica Libre 1 (FP1): 05:45<\/li>\n\n\n\n<li><strong>Viernes, 28 de agosto<\/strong> \u2013 Pr\u00e1ctica (PR): 10:00<\/li>\n\n\n\n<li><strong>S\u00e1bado, 29 de agosto<\/strong> \u2013 Clasificaci\u00f3n (Q1\/Q2): 05:50 \/ 06:15<\/li>\n\n\n\n<li><strong>S\u00e1bado, 29 de agosto<\/strong> \u2013 Carrera Sprint: 10:00<\/li>\n\n\n\n<li><strong>Domingo, 30 de agosto<\/strong> \u2013 Carrera Principal: 09:00<\/li>\n<\/ul>\n\n\n\n<h4 class=\"wp-block-heading\"><strong>Paraguay<\/strong><\/h4>\n\n\n\n<ul class=\"wp-block-list\">\n<li><strong>Viernes, 28 de agosto<\/strong> \u2013 Pr\u00e1ctica Libre 1 (FP1): 05:45<\/li>\n\n\n\n<li><strong>Viernes, 28 de agosto<\/strong> \u2013 Pr\u00e1ctica (PR): 10:00<\/li>\n\n\n\n<li><strong>S\u00e1bado, 29 de agosto<\/strong> \u2013 Clasificaci\u00f3n (Q1\/Q2): 05:50 \/ 06:15<\/li>\n\n\n\n<li><strong>S\u00e1bado, 29 de agosto<\/strong> \u2013 Carrera Sprint: 10:00<\/li>\n\n\n\n<li><strong>Domingo, 30 de agosto<\/strong> \u2013 Carrera Principal: 09:00<\/li>\n<\/ul>\n\n\n\n<h4 class=\"wp-block-heading\"><strong>Espa\u00f1a (Peninsular &#8211; CEST \/ UTC+2)<\/strong><\/h4>\n\n\n\n<ul class=\"wp-block-list\">\n<li><strong>Viernes, 28 de agosto<\/strong> \u2013 Pr\u00e1ctica Libre 1 (FP1): 10:45<\/li>\n\n\n\n<li><strong>Viernes, 28 de agosto<\/strong> \u2013 Pr\u00e1ctica (PR): 15:00<\/li>\n\n\n\n<li><strong>S\u00e1bado, 29 de agosto<\/strong> \u2013 Clasificaci\u00f3n (Q1\/Q2): 10:50 \/ 11:15<\/li>\n\n\n\n<li><strong>S\u00e1bado, 29 de agosto<\/strong> \u2013 Carrera Sprint: 15:00<\/li>\n\n\n\n<li><strong>Domingo, 30 de agosto<\/strong> \u2013 Carrera Principal: 14:00<\/li>\n<\/ul>\n\n\n\n<h3 class=\"wp-block-heading\">Preguntas Frecuentes<\/h3>\n\n\n\n<p class=\"wp-block-paragraph\"><strong>1. \u00bfCu\u00e1ntas victorias registra Marc M\u00e1rquez en el circuito de Arag\u00f3n?<\/strong><\/p>\n\n\n\n<p class=\"wp-block-paragraph\">Acumula <strong>7 triunfos en la carrera dominical<\/strong> de MotoGP (2013, 2016, 2017, 2018, 2019, 2024 y 2025) y 2 victorias en carreras Sprint.<\/p>\n\n\n\n<p class=\"wp-block-paragraph\"><strong>2. \u00bfQu\u00e9 balance hace M\u00e1rquez sobre su condici\u00f3n f\u00edsica tras el descanso?<\/strong><\/p>\n\n\n\n<p class=\"wp-block-paragraph\">Sostiene que las dos semanas sin actividad le permitieron avanzar en la recuperaci\u00f3n de su hombro derecho tras la reciente cirug\u00eda.<\/p>\n\n\n\n<p class=\"wp-block-paragraph\"><strong>3. \u00bfCu\u00e1ndo se disputa el Gran Premio de Arag\u00f3n de MotoGP 2026?<\/strong><\/p>\n\n\n\n<p class=\"wp-block-paragraph\">La 13.\u00aa fecha del certamen se celebrar\u00e1 del <strong>28 al 30 de agosto<\/strong>, con cobertura en vivo de <strong>GRANDE PR\u00caMIO en Espa\u00f1ol<\/strong>.<\/p>\n","protected":false},"excerpt":{"rendered":"<p>Tras dos semanas de receso, el piloto espa\u00f1ol de Ducati se mostr\u00f3 confiado en su evoluci\u00f3n f\u00edsica y en el potencial de la moto en un trazado donde hist\u00f3ricamente ha sido dominante<\/p>\n","protected":false},"author":2,"featured_media":1020311692,"comment_status":"closed","ping_status":"closed","sticky":false,"template":"","format":"standard","meta":{"42wp_featured_image_caption":"M\u00e1rquez conf\u00eda en que el descanso entre carreras haya impulsado su recuperaci\u00f3n f\u00edsica ","42wp_featured_image_credits":"AFP","42wp_featured_video":"","42wp_featured_image_hidden":false,"42wp_authors_list":[{"id":14244,"location":"de Buenos Aires"}],"footnotes":""},"categories":[8],"tags":[1340,1571,1392],"42wp_author":[14244],"class_list":["post-39331","post","type-post","status-publish","format-standard","has-post-thumbnail","hentry","category-motogp","tag-ducati","tag-gp-de-aragon","tag-marc-marquez-2","42wp_author-fabrisantini"],"_links":{"self":[{"href":"https:\/\/grandepremio.com\/es\/wp-json\/wp\/v2\/posts\/39331","targetHints":{"allow":["GET"]}}],"collection":[{"href":"https:\/\/grandepremio.com\/es\/wp-json\/wp\/v2\/posts"}],"about":[{"href":"https:\/\/grandepremio.com\/es\/wp-json\/wp\/v2\/types\/post"}],"author":[{"embeddable":true,"href":"https:\/\/grandepremio.com\/es\/wp-json\/wp\/v2\/users\/2"}],"replies":[{"embeddable":true,"href":"https:\/\/grandepremio.com\/es\/wp-json\/wp\/v2\/comments?post=39331"}],"version-history":[{"count":2,"href":"https:\/\/grandepremio.com\/es\/wp-json\/wp\/v2\/posts\/39331\/revisions"}],"predecessor-version":[{"id":39354,"href":"https:\/\/grandepremio.com\/es\/wp-json\/wp\/v2\/posts\/39331\/revisions\/39354"}],"wp:featuredmedia":[{"embeddable":true,"href":"https:\/\/grandepremio.com\/es\/wp-json\/wp\/v2\/media\/1020311692"}],"wp:attachment":[{"href":"https:\/\/grandepremio.com\/es\/wp-json\/wp\/v2\/media?parent=39331"}],"wp:term":[{"taxonomy":"category","embeddable":true,"href":"https:\/\/grandepremio.com\/es\/wp-json\/wp\/v2\/categories?post=39331"},{"taxonomy":"post_tag","embeddable":true,"href":"https:\/\/grandepremio.com\/es\/wp-json\/wp\/v2\/tags?post=39331"},{"taxonomy":"42wp_author","embeddable":true,"href":"https:\/\/grandepremio.com\/es\/wp-json\/wp\/v2\/42wp_author?post=39331"}],"curies":[{"name":"wp","href":"https:\/\/api.w.org\/{rel}","templated":true}]}}