{"id":39398,"date":"2026-08-27T10:02:42","date_gmt":"2026-08-27T13:02:42","guid":{"rendered":"https:\/\/grandepremio.com\/es\/?p=39398"},"modified":"2026-08-27T10:02:43","modified_gmt":"2026-08-27T13:02:43","slug":"alpine-elogia-la-evolucion-de-colapinto-y-justifica-su-renovacion-la-consistencia-es-fundamental","status":"publish","type":"post","link":"https:\/\/grandepremio.com\/es\/f1\/alpine-elogia-la-evolucion-de-colapinto-y-justifica-su-renovacion-la-consistencia-es-fundamental\/","title":{"rendered":"Alpine elogia la evoluci\u00f3n de Colapinto y justifica su renovaci\u00f3n: &#8220;La consistencia es fundamental&#8221;\u00a0"},"content":{"rendered":"\n<h4 class=\"wp-block-heading\">Puntos clave<\/h4>\n\n\n\n<ul class=\"wp-block-list\">\n<li><strong>Flavio Briatore elogi\u00f3 la evoluci\u00f3n de Franco Colapinto<\/strong> y consider\u00f3 que su consistencia fue determinante para justificar la renovaci\u00f3n con Alpine para 2027.<\/li>\n\n\n\n<li>El argentino <strong>mejor\u00f3 su rendimiento con el nuevo reglamento de 2026<\/strong> y actualmente suma 19 puntos, con el 12\u00ba puesto del Mundial de Pilotos.<\/li>\n\n\n\n<li>Para Briatore, <strong>Colapinto demostr\u00f3 que merece continuar en la F\u00f3rmula 1<\/strong> y que tiene un lugar dentro del proyecto de Alpine.<\/li>\n<\/ul>\n\n\n\n<p class=\"wp-block-paragraph\">El jefe de Alpine, Flavio Briatore, <strong>elogi\u00f3 la evoluci\u00f3n de Franco Colapinto<\/strong> en la temporada 2026 y <strong>justific\u00f3 la renovaci\u00f3n de su contrato<\/strong>, anunciada este jueves. De acuerdo con el dirigente, la consistencia es fundamental en la F\u00f3rmula 1 y el argentino demostr\u00f3 que es capaz de conseguir buenos resultados con frecuencia. Por eso, su continuidad fue una elecci\u00f3n l\u00f3gica.<\/p>\n\n\n\n<figure class=\"wp-block-video\"><video class=\"video-js vjs-big-play-centered\" data-gp-vjs=\"1\" controls src=\"https:\/\/grandepremio-portal.b-cdn.net\/2026\/08\/Pintura-Perfecta.mp4\"><\/video><figcaption class=\"wp-element-caption\">Alpine present\u00f3 con un divertido video la renovaci\u00f3n de Franco Colapinto para la temporada 2027. (Video: Alpine)<\/figcaption><\/figure>\n\n\n\n<p class=\"wp-block-paragraph\">Colapinto debut\u00f3 con Alpine en el GP de Emilia-Roma\u00f1a de 2025, cuando reemplaz\u00f3 a Jack Doohan. Sin embargo, con uno de los autos m\u00e1s d\u00e9biles de la parrilla, el argentino termin\u00f3 la temporada sin sumar puntos.<\/p>\n\n\n\n<p class=\"wp-block-paragraph\">Sin embargo, con el cambio en el reglamento y la evoluci\u00f3n de Alpine en 2026, Colapinto comenz\u00f3 a mostrar un rendimiento m\u00e1s satisfactorio y se torn\u00f3 m\u00e1s consistente. Con eso, <strong>ya suma 19 puntos y ocupa el 12\u00ba puesto del Mundial de Pilotos despu\u00e9s de 12 fechas<\/strong>.<\/p>\n\n\n\n<figure class=\"wp-block-embed is-type-video is-provider-youtube wp-block-embed-youtube wp-embed-aspect-16-9 wp-has-aspect-ratio\"><div class=\"wp-block-embed__wrapper\">\n<iframe loading=\"lazy\" title=\"NORRIS REPITE Y  LA FIA PENALIZA MAL A COLAPINTO EN ZANDVOORT\" width=\"500\" height=\"281\" src=\"https:\/\/www.youtube.com\/embed\/9DoFaYz6ebA?feature=oembed\" frameborder=\"0\" allow=\"accelerometer; autoplay; clipboard-write; encrypted-media; gyroscope; picture-in-picture; web-share\" referrerpolicy=\"strict-origin-when-cross-origin\" allowfullscreen><\/iframe>\n<\/div><\/figure>\n\n\n\n<p class=\"wp-block-paragraph\">Para Briatore, el rendimiento mostrado por Colapinto hasta el momento fue suficiente para demostrar que el piloto tiene el nivel necesario para continuar en la categor\u00eda.<\/p>\n\n\n\n<p class=\"wp-block-paragraph\">\u201cEstamos muy contentos de confirmar nuestra dupla de pilotos para 2027, con Franco como piloto titular junto a Pierre. Para m\u00ed, la consistencia es fundamental. Ahora tenemos definida la situaci\u00f3n de los pilotos y, como ya dije muchas veces, aunque esta sea una pieza importante del rompecabezas, el aspecto m\u00e1s importante que tenemos que hacer bien es el dise\u00f1o y la construcci\u00f3n de un auto de carreras r\u00e1pido, algo que, sin duda, contin\u00faa siendo nuestra prioridad\u201d, afirm\u00f3 el jefe de Alpine.<\/p>\n\n\n\n<figure class=\"wp-block-image size-large\"><img loading=\"lazy\" decoding=\"async\" width=\"1024\" height=\"682\" src=\"https:\/\/grandepremio.com\/br\/wp-content\/uploads\/2026\/08\/Briatore-Gasly-e-Colapinto-Alpine-F1-2026-1024x682.jpg\" alt=\"\" class=\"wp-image-1020313015\" srcset=\"https:\/\/grandepremio.com\/wp-content\/uploads\/2026\/08\/Briatore-Gasly-e-Colapinto-Alpine-F1-2026-1024x682.jpg 1024w, https:\/\/grandepremio.com\/wp-content\/uploads\/2026\/08\/Briatore-Gasly-e-Colapinto-Alpine-F1-2026-300x200.jpg 300w, https:\/\/grandepremio.com\/wp-content\/uploads\/2026\/08\/Briatore-Gasly-e-Colapinto-Alpine-F1-2026-768x512.jpg 768w, https:\/\/grandepremio.com\/wp-content\/uploads\/2026\/08\/Briatore-Gasly-e-Colapinto-Alpine-F1-2026-1536x1023.jpg 1536w, https:\/\/grandepremio.com\/wp-content\/uploads\/2026\/08\/Briatore-Gasly-e-Colapinto-Alpine-F1-2026-150x100.jpg 150w, https:\/\/grandepremio.com\/wp-content\/uploads\/2026\/08\/Briatore-Gasly-e-Colapinto-Alpine-F1-2026.jpg 1600w\" sizes=\"(max-width: 1024px) 100vw, 1024px\" \/><figcaption class=\"wp-element-caption\">Pierre Gasly y Franco Colapinto seguir\u00e1n como titulares de Alpine en 2027 (Foto: Alpine)<\/figcaption><\/figure>\n\n\n\n<p class=\"wp-block-paragraph\">\u201cHemos visto a Franco evolucionar y madurar realmente hasta convertirse en un gran piloto este a\u00f1o. Sus resultados en Miami y Montreal, especialmente, confirmaron lo que yo ya sab\u00eda: Franco tiene un lugar en la F\u00f3rmula 1 y en este equipo. Espero que tanto Franco como Pierre sigan haciendo un trabajo fant\u00e1stico en pista y que todo el equipo se esfuerce incansablemente hasta que estemos luchando \u2014y ganando\u2014 en las primeras posiciones de este deporte\u201d, concluy\u00f3 Briatore.<\/p>\n\n\n\n<p class=\"wp-block-paragraph\">La F\u00f3rmula 1 regresar\u00e1 del <strong>4 al 6 de septiembre en Monza<\/strong>, escenario del GP de Italia, 13\u00aa fecha de la temporada 2026.<\/p>\n\n\n\n<h3 class=\"wp-block-heading\">Preguntas frecuentes<\/h3>\n\n\n\n<p class=\"wp-block-paragraph\"><strong>\u00bfPor qu\u00e9 Alpine renov\u00f3 a Franco Colapinto para 2027?<\/strong><br>Seg\u00fan Flavio Briatore, la <strong>consistencia mostrada por el argentino<\/strong> fue uno de los principales motivos. Colapinto mejor\u00f3 su rendimiento durante 2026 y demostr\u00f3 que puede conseguir buenos resultados con mayor regularidad.<\/p>\n\n\n\n<p class=\"wp-block-paragraph\"><strong>\u00bfCu\u00e1ntos puntos suma Colapinto en 2026?<\/strong><br>El argentino suma <strong>19 puntos despu\u00e9s de 12 fechas<\/strong> y ocupa actualmente el <strong>12\u00ba puesto del Mundial de Pilotos<\/strong>.<\/p>\n\n\n\n<p class=\"wp-block-paragraph\"><strong>\u00bfQu\u00e9 espera Briatore de Colapinto en 2027?<\/strong><br>El jefe de Alpine espera que el argentino contin\u00fae evolucionando junto a Pierre Gasly y que ambos ayuden al equipo a alcanzar el objetivo de <strong>luchar por las primeras posiciones y conseguir victorias<\/strong>.<\/p>\n\n\n\n<p class=\"wp-block-paragraph\"><\/p>\n","protected":false},"excerpt":{"rendered":"<p>Flavio Briatore, asesor ejecutivo de Alpine, destac\u00f3 la evoluci\u00f3n que Franco Colapinto present\u00f3 en relaci\u00f3n a 2025 y reforz\u00f3 que el piloto tiene el nivel para continuar en la F\u00f3rmula 1.  <\/p>\n","protected":false},"author":15,"featured_media":1020312862,"comment_status":"closed","ping_status":"closed","sticky":false,"template":"","format":"standard","meta":{"42wp_featured_image_caption":"Alpine ensalz\u00f3 la evoluci\u00f3n de Franco Colapinto en la F\u00f3rmula 1. ","42wp_featured_image_credits":"Alpine","42wp_featured_video":"","42wp_featured_image_hidden":false,"42wp_authors_list":[{"id":14223,"location":""}],"footnotes":""},"categories":[5],"tags":[678,181,1680,179,814],"42wp_author":[14223],"class_list":["post-39398","post","type-post","status-publish","format-standard","has-post-thumbnail","hentry","category-f1","tag-alpine","tag-f1","tag-f1-2026","tag-formula-1","tag-franco-colapinto","42wp_author-esteban-nieto"],"_links":{"self":[{"href":"https:\/\/grandepremio.com\/es\/wp-json\/wp\/v2\/posts\/39398","targetHints":{"allow":["GET"]}}],"collection":[{"href":"https:\/\/grandepremio.com\/es\/wp-json\/wp\/v2\/posts"}],"about":[{"href":"https:\/\/grandepremio.com\/es\/wp-json\/wp\/v2\/types\/post"}],"author":[{"embeddable":true,"href":"https:\/\/grandepremio.com\/es\/wp-json\/wp\/v2\/users\/15"}],"replies":[{"embeddable":true,"href":"https:\/\/grandepremio.com\/es\/wp-json\/wp\/v2\/comments?post=39398"}],"version-history":[{"count":1,"href":"https:\/\/grandepremio.com\/es\/wp-json\/wp\/v2\/posts\/39398\/revisions"}],"predecessor-version":[{"id":39399,"href":"https:\/\/grandepremio.com\/es\/wp-json\/wp\/v2\/posts\/39398\/revisions\/39399"}],"wp:featuredmedia":[{"embeddable":true,"href":"https:\/\/grandepremio.com\/es\/wp-json\/wp\/v2\/media\/1020312862"}],"wp:attachment":[{"href":"https:\/\/grandepremio.com\/es\/wp-json\/wp\/v2\/media?parent=39398"}],"wp:term":[{"taxonomy":"category","embeddable":true,"href":"https:\/\/grandepremio.com\/es\/wp-json\/wp\/v2\/categories?post=39398"},{"taxonomy":"post_tag","embeddable":true,"href":"https:\/\/grandepremio.com\/es\/wp-json\/wp\/v2\/tags?post=39398"},{"taxonomy":"42wp_author","embeddable":true,"href":"https:\/\/grandepremio.com\/es\/wp-json\/wp\/v2\/42wp_author?post=39398"}],"curies":[{"name":"wp","href":"https:\/\/api.w.org\/{rel}","templated":true}]}}