{"id":39400,"date":"2026-08-27T11:24:30","date_gmt":"2026-08-27T14:24:30","guid":{"rendered":"https:\/\/grandepremio.com\/es\/?p=39400"},"modified":"2026-08-27T11:24:31","modified_gmt":"2026-08-27T14:24:31","slug":"yamaha-confirma-salto-de-guevara-para-motogp-y-completa-dupla-de-pramac-para-2027","status":"publish","type":"post","link":"https:\/\/grandepremio.com\/es\/motogp\/yamaha-confirma-salto-de-guevara-para-motogp-y-completa-dupla-de-pramac-para-2027\/","title":{"rendered":"Yamaha confirma salto de Guevara para MotoGP y completa dupla de Pramac para 2027"},"content":{"rendered":"\n<h4 class=\"wp-block-heading\">Puntos clave<\/h4>\n\n\n\n<ul class=\"wp-block-list\">\n<li><strong>Yamaha eligi\u00f3 a Izan Guevara como compa\u00f1ero de Toprak Razgatlioglu para la temporada 2027 de MotoGP<\/strong>, en reemplazo de Jack Miller.<\/li>\n\n\n\n<li>El espa\u00f1ol, que actualmente compite en Moto2 con Pramac, <strong>es uno de los tres debutantes confirmados para la parrilla de MotoGP 2027<\/strong>.<\/li>\n\n\n\n<li>Yamaha destac\u00f3 la evoluci\u00f3n de Guevara despu\u00e9s de dos temporadas dif\u00edciles en Moto2 y consider\u00f3 que <strong>est\u00e1 preparado para dar el salto a la categor\u00eda reina justo con el cambio de reglamento de 2027<\/strong>.<\/li>\n<\/ul>\n\n\n\n<p class=\"wp-block-paragraph\"><strong>Yamaha tom\u00f3 una decisi\u00f3n y eligi\u00f3 a Izan Guevara como compa\u00f1ero de Toprak Razgatlioglu para la temporada 2027 de MotoGP<\/strong>. El fabricante de Iwata confirm\u00f3 la promoci\u00f3n del espa\u00f1ol desde Moto2 este jueves 27, <a href=\"https:\/\/grandepremio.com\/es\/motogp\/pramac-yamaha-confirma-salida-de-miller-al-final-de-la-temporada-2026-de-motogp\/\" data-type=\"link\" data-id=\"https:\/\/grandepremio.com\/es\/motogp\/pramac-yamaha-confirma-salida-de-miller-al-final-de-la-temporada-2026-de-motogp\/\">pocas horas despu\u00e9s de anunciar la salida de Jack Miller cuando finalice el a\u00f1o.<\/a><\/p>\n\n\n\n<p class=\"wp-block-paragraph\">Al igual que ocurri\u00f3 con la mayor\u00eda de los anuncios de esta temporada, la promoci\u00f3n de Guevara no fue una sorpresa, ya que era una posibilidad que se manejaba desde hac\u00eda varias semanas. El espa\u00f1ol forma parte del programa de desarrollo de la marca de los tres diapasones y actualmente defiende los colores de Pramac en Moto2.<\/p>\n\n\n\n<p class=\"wp-block-paragraph\">Con la confirmaci\u00f3n de Yamaha, <strong>Guevara se convirti\u00f3 en el tercer debutante anunciado para la parrilla de MotoGP 2027<\/strong>. Antes que \u00e9l, David Alonso hab\u00eda llegado a un acuerdo con Honda, aunque todav\u00eda existe una cuesti\u00f3n pendiente en torno al equipo que representar\u00e1 el colombiano, mientras que Dani Holgado acord\u00f3 su llegada a Gresini.<\/p>\n\n\n\n<p class=\"wp-block-paragraph\">\u201cEs un sue\u00f1o hecho realidad. Llegar a MotoGP siempre fue mi objetivo y s\u00e9 lo dif\u00edcil que es alcanzar la categor\u00eda reina. Fueron necesarios muchos a\u00f1os de trabajo duro y sacrificios de muchas personas a mi alrededor\u201d, afirm\u00f3 Guevara. \u201cQuiero agradecer a Yamaha por la confianza que deposit\u00f3 en m\u00ed. Esta oportunidad no es solo fruto de mis propios esfuerzos, sino tambi\u00e9n del apoyo que recib\u00ed de mis padres, mi equipo, mi fisioterapeuta y todos los que me ayudaron a crecer, tanto como piloto como persona\u201d, continu\u00f3.<\/p>\n\n\n\n<figure class=\"wp-block-image size-large\"><img loading=\"lazy\" decoding=\"async\" width=\"1024\" height=\"683\" src=\"https:\/\/grandepremio.com\/br\/wp-content\/uploads\/2026\/08\/MotoGP-2027-Pramac-Gino-Borsoi-Izan-Guevara-Paolo-Campinoti-1024x683.jpg\" alt=\"MotoGP 2027 Pramac Gino Borsoi Iz\u00e1n Guevara Paolo Campinoti\" class=\"wp-image-1020313019\" srcset=\"https:\/\/grandepremio.com\/wp-content\/uploads\/2026\/08\/MotoGP-2027-Pramac-Gino-Borsoi-Izan-Guevara-Paolo-Campinoti-1024x683.jpg 1024w, https:\/\/grandepremio.com\/wp-content\/uploads\/2026\/08\/MotoGP-2027-Pramac-Gino-Borsoi-Izan-Guevara-Paolo-Campinoti-300x200.jpg 300w, https:\/\/grandepremio.com\/wp-content\/uploads\/2026\/08\/MotoGP-2027-Pramac-Gino-Borsoi-Izan-Guevara-Paolo-Campinoti-768x512.jpg 768w, https:\/\/grandepremio.com\/wp-content\/uploads\/2026\/08\/MotoGP-2027-Pramac-Gino-Borsoi-Izan-Guevara-Paolo-Campinoti-1536x1024.jpg 1536w, https:\/\/grandepremio.com\/wp-content\/uploads\/2026\/08\/MotoGP-2027-Pramac-Gino-Borsoi-Izan-Guevara-Paolo-Campinoti-150x100.jpg 150w, https:\/\/grandepremio.com\/wp-content\/uploads\/2026\/08\/MotoGP-2027-Pramac-Gino-Borsoi-Izan-Guevara-Paolo-Campinoti.jpg 1600w\" sizes=\"(max-width: 1024px) 100vw, 1024px\" \/><figcaption class=\"wp-element-caption\">Iz\u00e1n Guevara competir\u00e1 en MotoGP en 2027. (Foto: Yamaha)<\/figcaption><\/figure>\n\n\n\n<p class=\"wp-block-paragraph\">\u201cAl mismo tiempo, estoy muy tranquilo, porque mi concentraci\u00f3n sigue completamente puesta en Moto2. Estamos luchando por el campeonato y mi objetivo es cerrar este cap\u00edtulo de mi carrera de la mejor manera posible\u201d, advirti\u00f3. \u201cPensando en 2027, estoy muy entusiasmado con el desaf\u00edo. MotoGP entrar\u00e1 en una nueva era y creo que eso crear\u00e1 oportunidades para los pilotos que ascienden de categor\u00eda. Mi primer objetivo ser\u00e1 aprender, adaptarme lo m\u00e1s r\u00e1pido posible y trabajar con el equipo. Despu\u00e9s, paso a paso, quiero seguir evolucionando y alcanzar el nivel m\u00e1s alto posible\u201d, concluy\u00f3 Guevara.<\/p>\n\n\n\n<p class=\"wp-block-paragraph\">El director de la divisi\u00f3n de competici\u00f3n de Yamaha, Paolo Pavesio, reconoci\u00f3 que Guevara atraves\u00f3 dos temporadas dif\u00edciles en Moto2, pero consider\u00f3 que, a partir del compromiso asumido con el fabricante japon\u00e9s, el piloto logr\u00f3 evolucionar hasta estar preparado para dar el salto.<\/p>\n\n\n\n<p class=\"wp-block-paragraph\">\u201cConocemos el talento de Izan desde hace muchos a\u00f1os. La velocidad que demostr\u00f3 en el camino hacia el t\u00edtulo de Moto3 no dej\u00f3 dudas sobre su potencial. Sin embargo, despu\u00e9s de dos temporadas desafiantes en Moto2, hace aproximadamente un a\u00f1o y medio asumimos un compromiso mutuo para ayudarlo a alcanzar el objetivo final de llegar a MotoGP\u201d, record\u00f3 Pavesio. \u201cA lo largo de este camino, Izan mostr\u00f3 exactamente lo que esper\u00e1bamos. Adem\u00e1s de su talento incuestionable y su velocidad, madur\u00f3 considerablemente como piloto y profesional. Su \u00e9tica de trabajo, determinaci\u00f3n, consistencia y capacidad para mejorar continuamente confirmaron que est\u00e1 preparado para dar el pr\u00f3ximo paso\u201d, continu\u00f3.<\/p>\n\n\n\n<p class=\"wp-block-paragraph\">\u201cEs emocionante para Yamaha recibir a un piloto joven y tan talentoso en nuestro proyecto de MotoGP. Desarrollar a la pr\u00f3xima generaci\u00f3n de pilotos es esencial para el futuro de nuestro deporte, e Izan representa exactamente el tipo de talento en el que queremos invertir\u201d, se\u00f1al\u00f3. \u201cCon MotoGP entrando en una nueva era t\u00e9cnica en 2027, tambi\u00e9n creemos que es el momento ideal para que un debutante haga la transici\u00f3n. Todos afrontar\u00e1n el desaf\u00edo de adaptarse al nuevo reglamento y a las nuevas motos, lo que crea una oportunidad \u00fanica para que los talentos emergentes crezcan y se establezcan en el m\u00e1s alto nivel. Estamos ansiosos por apoyar a Izan mientras comienza un nuevo cap\u00edtulo de su carrera con Yamaha\u201d, concluy\u00f3.<\/p>\n\n\n\n<p class=\"wp-block-paragraph\">El director de Pramac, Paolo Campinoti, destac\u00f3 que la promoci\u00f3n de Guevara tambi\u00e9n forma parte de la filosof\u00eda detr\u00e1s de la asociaci\u00f3n con Yamaha.<\/p>\n\n\n\n<p class=\"wp-block-paragraph\">\u201cHoy comienza un nuevo y emocionante cap\u00edtulo para Pramac y estamos muy orgullosos de recibir a Izan en el equipo para 2027. Se gan\u00f3 esta oportunidad a trav\u00e9s del rendimiento, el compromiso y la evoluci\u00f3n continua que demostr\u00f3 a lo largo de su trayectoria en Moto2\u201d, sostuvo Campinoti. \u201cSeguimos de cerca el desarrollo de Izan y vimos no solo su velocidad, sino tambi\u00e9n la madurez y la determinaci\u00f3n que construy\u00f3 a lo largo del camino. Subir a MotoGP es un paso importante y creemos que re\u00fane todas las cualidades necesarias para afrontar este desaf\u00edo y continuar evolucionando en el m\u00e1s alto nivel\u201d, continu\u00f3.<\/p>\n\n\n\n<p class=\"wp-block-paragraph\">\u201cLlevar a Izan a nuestra estructura de MotoGP tambi\u00e9n es una parte importante de la filosof\u00eda detr\u00e1s de la asociaci\u00f3n con Yamaha: desarrollar j\u00f3venes talentos y crear un camino claro hacia la categor\u00eda reina. Estamos orgullosos de formar parte de la trayectoria de Izan y esperamos ver todo lo que podamos conseguir juntos\u201d, concluy\u00f3.<\/p>\n\n\n\n<p class=\"wp-block-paragraph\">A fines del a\u00f1o pasado, Guevara ya tuvo la oportunidad de probar un prototipo de la categor\u00eda reina. El piloto hab\u00eda apostado con Gino Borsoi, jefe de Pramac, que si ganaba una carrera en Moto2 podr\u00eda probar la moto de Yamaha. Eso ocurri\u00f3 durante el test de postemporada de Valencia, cuando se subi\u00f3 a la YZR-M1 de Jack Miller.<\/p>\n\n\n\n<p class=\"wp-block-paragraph\">El <strong>MotoGP volver\u00e1 a <\/strong><strong>la pista del 28 al 30 de agosto con el GP de Arag\u00f3n<\/strong>, 13\u00aa fecha de la temporada 2026. <\/p>\n\n\n\n<h3 class=\"wp-block-heading\">Preguntas frecuentes<\/h3>\n\n\n\n<p class=\"wp-block-paragraph\"><strong>\u00bfQui\u00e9n ser\u00e1 el compa\u00f1ero de Toprak Razgatlioglu en MotoGP 2027?<\/strong><br><strong>Izan Guevara<\/strong> ser\u00e1 el compa\u00f1ero de Toprak Razgatlioglu en Yamaha para la temporada 2027, despu\u00e9s de que el fabricante confirmara su ascenso desde Moto2.<\/p>\n\n\n\n<p class=\"wp-block-paragraph\"><strong>\u00bfPor qu\u00e9 Yamaha eligi\u00f3 a Izan Guevara?<\/strong><br>Yamaha destac\u00f3 su velocidad, evoluci\u00f3n, determinaci\u00f3n, consistencia y madurez despu\u00e9s de dos temporadas dif\u00edciles en Moto2. El fabricante considera que el espa\u00f1ol est\u00e1 preparado para afrontar el salto a MotoGP.<\/p>\n\n\n\n<p class=\"wp-block-paragraph\"><strong>\u00bfQu\u00e9 pilotos debutar\u00e1n en MotoGP en 2027?<\/strong><br>Hasta ahora, <strong>Izan Guevara, David Alonso y Dani Holgado<\/strong> fueron confirmados como debutantes para la temporada 2027. Alonso estar\u00e1 vinculado a Honda y Holgado llegar\u00e1 a Gresini.<\/p>\n\n\n\n<p class=\"wp-block-paragraph\"><\/p>\n","protected":false},"excerpt":{"rendered":"<p>Horas despu\u00e9s de confirmar la salida de Jack Miller, Yamaha anunci\u00f3 la contrataci\u00f3n de Izan Guevara para formar dupla con el turco Toprak Razgatlioglu<\/p>\n","protected":false},"author":15,"featured_media":1020313018,"comment_status":"closed","ping_status":"closed","sticky":false,"template":"","format":"standard","meta":{"42wp_featured_image_caption":"Iz\u00e1n Guevara y Toprak Razgatlioglu formar\u00e1n la dupla de Pramac en 2027.","42wp_featured_image_credits":"Yamaha","42wp_featured_video":"","42wp_featured_image_hidden":false,"42wp_authors_list":[{"id":14225,"location":""},{"id":14223,"location":""}],"footnotes":""},"categories":[8],"tags":[14387,1293,10078,3820,1309],"42wp_author":[14223,14225],"class_list":["post-39400","post","type-post","status-publish","format-standard","has-post-thumbnail","hentry","category-motogp","tag-izan-guevara-2","tag-motogp","tag-motogp-2027","tag-toprak-razgatlioglu","tag-yamaha","42wp_author-esteban-nieto","42wp_author-juliana-tesser"],"_links":{"self":[{"href":"https:\/\/grandepremio.com\/es\/wp-json\/wp\/v2\/posts\/39400","targetHints":{"allow":["GET"]}}],"collection":[{"href":"https:\/\/grandepremio.com\/es\/wp-json\/wp\/v2\/posts"}],"about":[{"href":"https:\/\/grandepremio.com\/es\/wp-json\/wp\/v2\/types\/post"}],"author":[{"embeddable":true,"href":"https:\/\/grandepremio.com\/es\/wp-json\/wp\/v2\/users\/15"}],"replies":[{"embeddable":true,"href":"https:\/\/grandepremio.com\/es\/wp-json\/wp\/v2\/comments?post=39400"}],"version-history":[{"count":2,"href":"https:\/\/grandepremio.com\/es\/wp-json\/wp\/v2\/posts\/39400\/revisions"}],"predecessor-version":[{"id":39427,"href":"https:\/\/grandepremio.com\/es\/wp-json\/wp\/v2\/posts\/39400\/revisions\/39427"}],"wp:featuredmedia":[{"embeddable":true,"href":"https:\/\/grandepremio.com\/es\/wp-json\/wp\/v2\/media\/1020313018"}],"wp:attachment":[{"href":"https:\/\/grandepremio.com\/es\/wp-json\/wp\/v2\/media?parent=39400"}],"wp:term":[{"taxonomy":"category","embeddable":true,"href":"https:\/\/grandepremio.com\/es\/wp-json\/wp\/v2\/categories?post=39400"},{"taxonomy":"post_tag","embeddable":true,"href":"https:\/\/grandepremio.com\/es\/wp-json\/wp\/v2\/tags?post=39400"},{"taxonomy":"42wp_author","embeddable":true,"href":"https:\/\/grandepremio.com\/es\/wp-json\/wp\/v2\/42wp_author?post=39400"}],"curies":[{"name":"wp","href":"https:\/\/api.w.org\/{rel}","templated":true}]}}