{"id":39454,"date":"2026-08-27T13:00:09","date_gmt":"2026-08-27T16:00:09","guid":{"rendered":"https:\/\/grandepremio.com\/es\/?p=39454"},"modified":"2026-08-27T13:00:10","modified_gmt":"2026-08-27T16:00:10","slug":"albon-niega-tension-sainz-accidente-zandvoort","status":"publish","type":"post","link":"https:\/\/grandepremio.com\/es\/f1\/albon-niega-tension-sainz-accidente-zandvoort\/","title":{"rendered":"Albon niega una tensi\u00f3n con Sainz tras el accidente entre ambos en Zandvoort: &#8220;Me invit\u00f3 a un caf\u00e9&#8221;"},"content":{"rendered":"\n<p class=\"wp-block-paragraph\">El equipo <strong>Williams <\/strong>vivi\u00f3 un momento de extrema tensi\u00f3n en el <strong>GP de Pa\u00edses Bajos<\/strong> de <strong>F\u00f3rmula 1<\/strong> en Zandvoort cuando se chocaron <strong>Alexander Albon<\/strong> y <strong>Carlos Sainz<\/strong> a pocas vueltas del final. El piloto espa\u00f1ol quiso defenderse con los neum\u00e1ticos desgastados de su compa\u00f1ero y provoc\u00f3 un choque entre ambos que da\u00f1\u00f3 los dos coches.<\/p>\n\n\n\n<p class=\"wp-block-paragraph\">\ud83d\udfe5&nbsp;<strong><em>\u00a1Todas las novedades te esperan en el canal de&nbsp;<\/em><\/strong><a href=\"https:\/\/www.youtube.com\/@GrandePremioES\"><em>YouTube<\/em><\/a><strong><em>&nbsp;de Grande Pr\u00eamio en Espa\u00f1ol!<\/em><\/strong>&nbsp;\ud83d\udfe8<\/p>\n\n\n\n<p class=\"wp-block-paragraph\">Sainz recibi\u00f3 una penalizaci\u00f3n de 10 segundos de recargo por considerarlo responsable del accidente y hubo muchos comentarios sobre supuestos problemas con Albon. El piloto anglo-tailand\u00e9s desminti\u00f3 cualquier problema en una entrevista con el podcast <em>The Fast And The Curious<\/em> y dijo que hablaron en un desayuno el d\u00eda despu\u00e9s de la carrera.<\/p>\n\n\n\n<p class=\"wp-block-paragraph\"><strong><em>\u201cDesayunamos juntos el lunes. Carlos se ofreci\u00f3 a pagar. Le dej\u00e9 pagar\u201d,<\/em><\/strong> dijo Albon sobre el tema y lo compar\u00f3 con el choque en plena recta entre Max Verstappen y Daniel Ricciado en el GP de Azerbaiy\u00e1n de 2018. <strong><em>\u201cTodo est\u00e1 bien. Creo que la gente tiende a exagerar la importancia del evento, pero al mismo tiempo, no fue como Max Verstappen y Daniel Ricciardo [en Bak\u00fa, en 2018]. Para m\u00ed, eso era importante\u201d<\/em><\/strong>, a\u00f1adi\u00f3.<\/p>\n\n\n\n<figure class=\"wp-block-embed is-type-video is-provider-youtube wp-block-embed-youtube wp-embed-aspect-16-9 wp-has-aspect-ratio\"><div class=\"wp-block-embed__wrapper\">\n<iframe loading=\"lazy\" title=\"NORRIS REPITE Y  LA FIA PENALIZA MAL A COLAPINTO EN ZANDVOORT\" width=\"500\" height=\"281\" src=\"https:\/\/www.youtube.com\/embed\/9DoFaYz6ebA?feature=oembed\" frameborder=\"0\" allow=\"accelerometer; autoplay; clipboard-write; encrypted-media; gyroscope; picture-in-picture; web-share\" referrerpolicy=\"strict-origin-when-cross-origin\" allowfullscreen><\/iframe>\n<\/div><\/figure>\n\n\n\n<p class=\"wp-block-paragraph\">A su vez, Alex critic\u00f3 a la prensa por estar<em> \u2018esperando\u2019 <\/em>a las entrevistas despu\u00e9s de la carrera de Zandvoort para buscar la pol\u00e9mica con Carlos: <strong>\u201cSe nota en la zona de entrevistas: en cuanto termina la carrera, parece que el entrevistador se relame los labios, muy emocionado. As\u00ed que hay que lidiar con eso y decir: \u2018No, no vamos a seguir por ese camino\u2019\u201d.<\/strong><\/p>\n\n\n\n<p class=\"wp-block-paragraph\">Tras el abandono de Albon por los da\u00f1os en el suelo de su auto, Williams sigue entre los \u00faltimos del Mundial de Constructores con apenas 11 puntos, solo por delante de Aston Martin y de Cadillac. Sainz, en tanto, fue 16\u00b0 el pasado domingo luego de cumplir con la penalizaci\u00f3n.<\/p>\n\n\n\n<p class=\"wp-block-paragraph\">\u23e9&nbsp;<strong><em>\u00a1Seguinos en redes por&nbsp;<\/em><\/strong><a href=\"https:\/\/twitter.com\/grandepremioES\"><em>Twitter&nbsp;<\/em><\/a><strong><em>e&nbsp;<\/em><\/strong><a href=\"https:\/\/www.instagram.com\/grandepremioes\/\"><em>Instagram!<br><\/em><\/a>\u23e9&nbsp;<strong><em>Adem\u00e1s, tenemos nuestro&nbsp;<\/em><\/strong><a href=\"https:\/\/whatsapp.com\/channel\/0029VaDZ5zb0gcfDxuwxBM05\"><em>canal de Whatsapp<\/em><\/a><strong><em>&nbsp;con toda la informaci\u00f3n al instante<\/em><\/strong>&nbsp;\ud83c\udfc1<\/p>\n\n\n\n<p class=\"wp-block-paragraph\">La F\u00f3rmula 1 regresar\u00e1 la semana que viene, entre el 4 y el 6 de septiembre, con el Gran Premio de Italia a disputarse en el circuito de Monza.<\/p>\n","protected":false},"excerpt":{"rendered":"<p>Alexander Albon afirm\u00f3 haber resuelto sus diferencias con Carlos Sainz tras el choque entre ambos durante el Gran Premio de Pa\u00edses Bajos y neg\u00f3 cualquier desacuerdo interno con su compa\u00f1ero. Adem\u00e1s, critic\u00f3 a la prensa, que \u00abse relame de gusto\u00bb buscando pol\u00e9mica.<\/p>\n","protected":false},"author":31,"featured_media":1020313003,"comment_status":"closed","ping_status":"closed","sticky":false,"template":"","format":"standard","meta":{"42wp_featured_image_caption":"Alexander Albon desestim\u00f3 problemas con Carlos Sainz. Foto: Gabriel L\u00f3pez\/Grande Pr\u00eamio","42wp_featured_image_credits":"","42wp_featured_video":"","42wp_featured_image_hidden":false,"42wp_authors_list":[{"id":14237,"location":"de Buenos Aires"}],"footnotes":""},"categories":[5],"tags":[293,302,179,1574,204],"42wp_author":[14237],"class_list":["post-39454","post","type-post","status-publish","format-standard","has-post-thumbnail","hentry","category-f1","tag-alexander-albon","tag-carlos-sainz","tag-formula-1","tag-gp-de-paises-bajos","tag-williams","42wp_author-gabriel-garcia"],"_links":{"self":[{"href":"https:\/\/grandepremio.com\/es\/wp-json\/wp\/v2\/posts\/39454","targetHints":{"allow":["GET"]}}],"collection":[{"href":"https:\/\/grandepremio.com\/es\/wp-json\/wp\/v2\/posts"}],"about":[{"href":"https:\/\/grandepremio.com\/es\/wp-json\/wp\/v2\/types\/post"}],"author":[{"embeddable":true,"href":"https:\/\/grandepremio.com\/es\/wp-json\/wp\/v2\/users\/31"}],"replies":[{"embeddable":true,"href":"https:\/\/grandepremio.com\/es\/wp-json\/wp\/v2\/comments?post=39454"}],"version-history":[{"count":3,"href":"https:\/\/grandepremio.com\/es\/wp-json\/wp\/v2\/posts\/39454\/revisions"}],"predecessor-version":[{"id":39457,"href":"https:\/\/grandepremio.com\/es\/wp-json\/wp\/v2\/posts\/39454\/revisions\/39457"}],"wp:featuredmedia":[{"embeddable":true,"href":"https:\/\/grandepremio.com\/es\/wp-json\/wp\/v2\/media\/1020313003"}],"wp:attachment":[{"href":"https:\/\/grandepremio.com\/es\/wp-json\/wp\/v2\/media?parent=39454"}],"wp:term":[{"taxonomy":"category","embeddable":true,"href":"https:\/\/grandepremio.com\/es\/wp-json\/wp\/v2\/categories?post=39454"},{"taxonomy":"post_tag","embeddable":true,"href":"https:\/\/grandepremio.com\/es\/wp-json\/wp\/v2\/tags?post=39454"},{"taxonomy":"42wp_author","embeddable":true,"href":"https:\/\/grandepremio.com\/es\/wp-json\/wp\/v2\/42wp_author?post=39454"}],"curies":[{"name":"wp","href":"https:\/\/api.w.org\/{rel}","templated":true}]}}