{"id":39477,"date":"2026-08-27T16:02:31","date_gmt":"2026-08-27T19:02:31","guid":{"rendered":"https:\/\/grandepremio.com\/es\/?p=39477"},"modified":"2026-08-27T16:02:32","modified_gmt":"2026-08-27T19:02:32","slug":"pirelli-define-neumaticos-regreso-formula-1-malasia","status":"publish","type":"post","link":"https:\/\/grandepremio.com\/es\/f1\/pirelli-define-neumaticos-regreso-formula-1-malasia\/","title":{"rendered":"Pirelli define los compuestos de neum\u00e1ticos para el regreso de la F\u00f3rmula 1 a Malasia en 2026"},"content":{"rendered":"\n<p class=\"wp-block-paragraph\">Este jueves se anunci\u00f3 por parte de <strong>Pirelli<\/strong>, la empresa proveedora de neum\u00e1ticos de la <strong>F\u00f3rmula 1<\/strong>, que llevar\u00e1 la gama media de sus compuestos al <strong>Gran Premio de Bahrein<\/strong>, que se desarrollar\u00e1 en Malasia el domingo 4 de octubre.<\/p>\n\n\n\n<p class=\"wp-block-paragraph\">\ud83d\udfe5&nbsp;<strong><em>\u00a1Todas las novedades te esperan en el canal de&nbsp;<\/em><\/strong><a href=\"https:\/\/www.youtube.com\/@GrandePremioES\"><em>YouTube<\/em><\/a><strong><em>&nbsp;de Grande Pr\u00eamio en Espa\u00f1ol!<\/em><\/strong>&nbsp;\ud83d\udfe8<\/p>\n\n\n\n<p class=\"wp-block-paragraph\">A pesar de las caracter\u00edsticas abrasivas del asfalto del circuito de <strong>Sepang<\/strong>, que albergar\u00e1 \u201cen nombre\u201d de Bahrein la carrera de ese pa\u00eds por los conflictos b\u00e9licos en curso en medio oriente, la compa\u00f1\u00eda llevar\u00e1 el C2 como el m\u00e1s duro, el C3, la gama media, y el C4 como el m\u00e1s blando.<\/p>\n\n\n\n<p class=\"wp-block-paragraph\">Mediante un comunicado oficial, la empresa italiana explic\u00f3 su elecci\u00f3n: <strong>\u201cEl asfalto de Kuala Lumpur es particularmente abrasivo y no se ha reasfaltado desde la \u00faltima carrera de F\u00f3rmula 1 que alberg\u00f3 en 2017. La decisi\u00f3n de no usar los compuestos m\u00e1s duros busca reducir la diferencia en el tiempo por vuelta entre una carrera con una parada y una con dos paradas, fomentando as\u00ed una mayor variedad de estrategias de carrera posibles\u201d.<\/strong><\/p>\n\n\n\n<figure class=\"wp-block-embed is-type-video is-provider-youtube wp-block-embed-youtube wp-embed-aspect-16-9 wp-has-aspect-ratio\"><div class=\"wp-block-embed__wrapper\">\n<iframe loading=\"lazy\" title=\"NORRIS REPITE Y  LA FIA PENALIZA MAL A COLAPINTO EN ZANDVOORT\" width=\"500\" height=\"281\" src=\"https:\/\/www.youtube.com\/embed\/9DoFaYz6ebA?feature=oembed\" frameborder=\"0\" allow=\"accelerometer; autoplay; clipboard-write; encrypted-media; gyroscope; picture-in-picture; web-share\" referrerpolicy=\"strict-origin-when-cross-origin\" allowfullscreen><\/iframe>\n<\/div><\/figure>\n\n\n\n<p class=\"wp-block-paragraph\">Por otor lado, las carreras en <strong>Baku <\/strong>y en <strong>Marina Bay<\/strong> ser\u00e1n diferentes al ser circuitos callejeros, se utilizar\u00e1n compuestos m\u00e1s blandos, el C3, el C4 y el C5. Esta es la configuraci\u00f3n que m\u00e1s se utiliz\u00f3 en lo que va de la temporada 2026, con siete eventos hasta el momento. En contraste, la gama m\u00e1s dura (C1, C2 y C3) apareci\u00f3 en solo dos ocasiones: Jap\u00f3n e Inglaterra.<\/p>\n\n\n\n<p class=\"wp-block-paragraph\">\u23e9&nbsp;<strong><em>\u00a1Seguinos en redes por&nbsp;<\/em><\/strong><a href=\"https:\/\/twitter.com\/grandepremioES\"><em>Twitter&nbsp;<\/em><\/a><strong><em>e&nbsp;<\/em><\/strong><a href=\"https:\/\/www.instagram.com\/grandepremioes\/\"><em>Instagram!<br><\/em><\/a>\u23e9&nbsp;<strong><em>Adem\u00e1s, tenemos nuestro&nbsp;<\/em><\/strong><a href=\"https:\/\/whatsapp.com\/channel\/0029VaDZ5zb0gcfDxuwxBM05\"><em>canal de Whatsapp<\/em><\/a><strong><em>&nbsp;con toda la informaci\u00f3n al instante<\/em><\/strong>&nbsp;\ud83c\udfc1<\/p>\n\n\n\n<p class=\"wp-block-paragraph\">La F\u00f3rmula 1 regresar\u00e1 la semana que viene, entre el 4 y el 6 de septiembre, con el Gran Premio de Italia a disputarse en el circuito de Monza.<\/p>\n","protected":false},"excerpt":{"rendered":"<p>Pirelli proporcionar\u00e1 a los equipos de F\u00f3rmula 1 una gama intermedia de neum\u00e1ticos para la carrera de Sepang, que se celebrar\u00e1 entre los Grandes Premios de Azerbaiy\u00e1n y Singapur, a comienzos de octubre. <\/p>\n","protected":false},"author":2,"featured_media":1020310636,"comment_status":"closed","ping_status":"closed","sticky":false,"template":"","format":"standard","meta":{"42wp_featured_image_caption":"Pirelli asign\u00f3 la gama intermedia (C2, C3 y C4) para el circuito de Sepang","42wp_featured_image_credits":"F1","42wp_featured_video":"","42wp_featured_image_hidden":false,"42wp_authors_list":[{"id":14237,"location":"de Buenos Aires"}],"footnotes":""},"categories":[5],"tags":[179,520,2077],"42wp_author":[14237],"class_list":["post-39477","post","type-post","status-publish","format-standard","has-post-thumbnail","hentry","category-f1","tag-formula-1","tag-pirelli","tag-sepang","42wp_author-gabriel-garcia"],"_links":{"self":[{"href":"https:\/\/grandepremio.com\/es\/wp-json\/wp\/v2\/posts\/39477","targetHints":{"allow":["GET"]}}],"collection":[{"href":"https:\/\/grandepremio.com\/es\/wp-json\/wp\/v2\/posts"}],"about":[{"href":"https:\/\/grandepremio.com\/es\/wp-json\/wp\/v2\/types\/post"}],"author":[{"embeddable":true,"href":"https:\/\/grandepremio.com\/es\/wp-json\/wp\/v2\/users\/2"}],"replies":[{"embeddable":true,"href":"https:\/\/grandepremio.com\/es\/wp-json\/wp\/v2\/comments?post=39477"}],"version-history":[{"count":4,"href":"https:\/\/grandepremio.com\/es\/wp-json\/wp\/v2\/posts\/39477\/revisions"}],"predecessor-version":[{"id":39489,"href":"https:\/\/grandepremio.com\/es\/wp-json\/wp\/v2\/posts\/39477\/revisions\/39489"}],"wp:featuredmedia":[{"embeddable":true,"href":"https:\/\/grandepremio.com\/es\/wp-json\/wp\/v2\/media\/1020310636"}],"wp:attachment":[{"href":"https:\/\/grandepremio.com\/es\/wp-json\/wp\/v2\/media?parent=39477"}],"wp:term":[{"taxonomy":"category","embeddable":true,"href":"https:\/\/grandepremio.com\/es\/wp-json\/wp\/v2\/categories?post=39477"},{"taxonomy":"post_tag","embeddable":true,"href":"https:\/\/grandepremio.com\/es\/wp-json\/wp\/v2\/tags?post=39477"},{"taxonomy":"42wp_author","embeddable":true,"href":"https:\/\/grandepremio.com\/es\/wp-json\/wp\/v2\/42wp_author?post=39477"}],"curies":[{"name":"wp","href":"https:\/\/api.w.org\/{rel}","templated":true}]}}