{"id":39498,"date":"2026-08-28T09:01:48","date_gmt":"2026-08-28T12:01:48","guid":{"rendered":"https:\/\/grandepremio.com\/es\/?p=39498"},"modified":"2026-08-28T09:41:35","modified_gmt":"2026-08-28T12:41:35","slug":"almansa-encabeza-entrenamientos-moto3-gp-aragon-perrone-morelli","status":"publish","type":"post","link":"https:\/\/grandepremio.com\/es\/motogp\/almansa-encabeza-entrenamientos-moto3-gp-aragon-perrone-morelli\/","title":{"rendered":"Almansa encabeza los entrenamientos de Moto3 en el GP de Arag\u00f3n; Perrone finaliza tercero y Morelli es 11\u00b0"},"content":{"rendered":"\n<p class=\"wp-block-paragraph\"><strong>David Almansa<\/strong> fue el m\u00e1s veloz del viernes en los entrenamientos del <strong>GP de Arag\u00f3n<\/strong> de <strong>Moto3<\/strong>, que reanud\u00f3 sus actividades este viernes despu\u00e9s de tres semanas de hiato con un tiempo de 1:57.473, con el que super\u00f3 por casi una d\u00e9cima a Rico Salmela, que fue segundo, y <strong>Valent\u00edn Perrone<\/strong> finaliz\u00f3 tercero, a 0.45s del piloto espa\u00f1ol.<\/p>\n\n\n\n<p class=\"wp-block-paragraph\">El otro piloto argentino, Marco Morelli, fue 11\u00b0 y pudo clasificar de manera directa a la Q2 de ma\u00f1ana al igual que su compatriota. Por su parte, los diez primeros, adem\u00e1s de los ya mencionados, se completaron de este modo: Adri\u00e1n Fern\u00e1ndez, \u00c1lvaro Carpe, Casey O\u2019Gorman, Jes\u00fas R\u00edos, M\u00e1ximo Quiles, Matteo Bertelle y Guido Pini. <\/p>\n\n\n\n<p class=\"wp-block-paragraph\">Moto3 vovler\u00e1 ma\u00f1ana a las actividades en la pista espa\u00f1ola con la FP2 y la clasificaci\u00f3n, que comenzar\u00e1 con la Q1 a las 7:45, hora de Buenos Aires, mientras que la Q2 ser\u00e1 a las 8:10. <\/p>\n\n\n\n<p class=\"wp-block-paragraph\">\u23e9&nbsp;<strong><em>\u00a1Seguinos en redes por&nbsp;<\/em><\/strong><a href=\"https:\/\/twitter.com\/grandepremioES\"><em>Twitter&nbsp;<\/em><\/a><strong><em>e&nbsp;<\/em><\/strong><a href=\"https:\/\/www.instagram.com\/grandepremioes\/\"><em>Instagram!<br><\/em><\/a>\u23e9&nbsp;<strong><em>Adem\u00e1s, tenemos nuestro&nbsp;<\/em><\/strong><a href=\"https:\/\/whatsapp.com\/channel\/0029VaDZ5zb0gcfDxuwxBM05\"><em>canal de Whatsapp<\/em><\/a><strong><em>&nbsp;con toda la informaci\u00f3n al instante<\/em><\/strong>&nbsp;\ud83c\udfc1<\/p>\n\n\n\n<figure class=\"wp-block-image size-large\"><img loading=\"lazy\" decoding=\"async\" width=\"1024\" height=\"683\" src=\"https:\/\/grandepremio.com\/es\/wp-content\/uploads\/2026\/08\/2026-M3-Perrone-AragonGP-012-1024x683.jpg\" alt=\"\" class=\"wp-image-1020313058\" srcset=\"https:\/\/grandepremio.com\/wp-content\/uploads\/2026\/08\/2026-M3-Perrone-AragonGP-012-1024x683.jpg 1024w, https:\/\/grandepremio.com\/wp-content\/uploads\/2026\/08\/2026-M3-Perrone-AragonGP-012-300x200.jpg 300w, https:\/\/grandepremio.com\/wp-content\/uploads\/2026\/08\/2026-M3-Perrone-AragonGP-012-768x512.jpg 768w, https:\/\/grandepremio.com\/wp-content\/uploads\/2026\/08\/2026-M3-Perrone-AragonGP-012-1536x1024.jpg 1536w, https:\/\/grandepremio.com\/wp-content\/uploads\/2026\/08\/2026-M3-Perrone-AragonGP-012-2048x1366.jpg 2048w, https:\/\/grandepremio.com\/wp-content\/uploads\/2026\/08\/2026-M3-Perrone-AragonGP-012-150x100.jpg 150w\" sizes=\"(max-width: 1024px) 100vw, 1024px\" \/><figcaption class=\"wp-element-caption\">Valent\u00edn Perrone aprovech\u00f3 una excelente vuelta y fue 3\u00b0 en la FP de Arag\u00f3n. (Foto: Tech3)<\/figcaption><\/figure>\n\n\n\n<p class=\"wp-block-paragraph\"><strong>As\u00ed se desarroll\u00f3 la FP de Moto3 en Motorland de Arag\u00f3n: <\/strong><\/p>\n\n\n\n<p class=\"wp-block-paragraph\">Todos los pilotos de la categor\u00eda menor del Mundial de Motociclismo salieron a pista para completar la jornada del viernes con el entrenamiento que defini\u00f3 a los clasificados directos a la Q2. David Almansa comenz\u00f3 como el m\u00e1s r\u00e1pido en 1:57.874, con 0.227s de diferencia sobre el segundo, Casey O\u2019Gorman. Valent\u00edn Perrone mejor\u00f3 considerablemente su registro y salt\u00f3 de sexto a sexto, a solo 0.053s del espa\u00f1ol.<\/p>\n\n\n\n<p class=\"wp-block-paragraph\"><strong>Marco Morelli<\/strong>, el otro piloto argentino, se ubicaba 10\u00b0 a seis d\u00e9cimas del piloto del Intact tras la primera vuelta registrada. Almansa volvi\u00f3 a mejorar el tiempo que ya ten\u00eda a 1:57.845, apenas dos cent\u00e9simas, pero lideraba la tanda con 10 minutos transcurridos con casi una d\u00e9cima de ventaja sobre Perrone y dos d\u00e9cimas sobre Rico Salmela, el tercero.<\/p>\n\n\n\n<p class=\"wp-block-paragraph\">La primera ca\u00edda de la sesi\u00f3n fue la de <strong>Cormac Buchanan<\/strong>, que se fue a la parte sucia en la curva 17 y sufri\u00f3 una fuerte ca\u00edda al ser tirado<em> \u201cpor orejas\u201d<\/em> de la moto, pero pudo salir de la situaci\u00f3n por sus propios medios. Mientras, sus rivales segu\u00edan en pista tratando de marcar los mejores tiempos posibles. Almansa estaba al comando de la FP, escoltado por Perrone y Salmela. O\u2019Gorman, M\u00e1ximo Quiles, \u00c1lvaro Carpe, Matteo Bertelle, Jes\u00fas R\u00edos, Adri\u00e1n Cruces y Guido Pini eran los diez primeros.<\/p>\n\n\n\n<figure class=\"wp-block-video\"><video class=\"video-js vjs-big-play-centered\" data-gp-vjs=\"1\" controls src=\"https:\/\/grandepremio-portal.b-cdn.net\/2026\/08\/ACIDENTE-CORMAC-BUACHAN-TREINO-MOTO3-ARAGAO.mp4\"><\/video><figcaption class=\"wp-element-caption\">Cormac Buchanan sufre un high-side en Arag\u00f3n (V\u00eddeo: MotoGP)<\/figcaption><\/figure>\n\n\n\n<p class=\"wp-block-paragraph\"><strong>Ryusei Yamanaka<\/strong> protagoniz\u00f3 la segunda ca\u00edda en la curva 12 en un momento donde los pilotos fueron entrando a la zona de boxes para realizar ajustes en las motos y poder mejorar los tiempos en la parte final del entrenamiento. Con la mayor\u00eda de pilotos en boxes, solo estaba en la pista Adri\u00e1n Fern\u00e1ndez, ubicado 14\u00b0 en el clasificador.<\/p>\n\n\n\n<p class=\"wp-block-paragraph\">Con 10 minutos para terminar la tanda, los pilotos salieron nuevamente a la pista para intentar mejorar los tiempos. Almansa aprovech\u00f3 un momento de pista limpia para seguir liderando la sesi\u00f3n con 1:57.473, demostrando que es el hombre a batir en Arag\u00f3n. Pini mejor\u00f3 de d\u00e9cimo a octavo, pero estaba a siete d\u00e9cimas del piloto espa\u00f1ol. La diferencia que hab\u00eda sacado era de 0,454s sobre Perrone.<\/p>\n\n\n\n<p class=\"wp-block-paragraph\">Una vuelta incluso m\u00e1s veloz que la de su tiempo anterior tuvo que ser abortada por Almansa por la gran cantidad de pilotos que iban lentos buscando la succi\u00f3n de otros competidores para ayudarse a bajar los tiempos. El espa\u00f1ol siempre gir\u00f3 solo en todo momento. Solo tres minutos y medio quedaban para el cierre de la actividad del viernes y todos parec\u00edan esperar necesariamente la succi\u00f3n de las otras motos en grupo para conseguir unas d\u00e9cimas m\u00e1s.<\/p>\n\n\n\n<figure class=\"wp-block-image size-full\"><img loading=\"lazy\" decoding=\"async\" width=\"1024\" height=\"682\" src=\"https:\/\/grandepremio.com\/es\/wp-content\/uploads\/2026\/08\/Morelli-Moto3-Silverstone-2026.jpg\" alt=\"\" class=\"wp-image-1020311787\" srcset=\"https:\/\/grandepremio.com\/wp-content\/uploads\/2026\/08\/Morelli-Moto3-Silverstone-2026.jpg 1024w, https:\/\/grandepremio.com\/wp-content\/uploads\/2026\/08\/Morelli-Moto3-Silverstone-2026-300x200.jpg 300w, https:\/\/grandepremio.com\/wp-content\/uploads\/2026\/08\/Morelli-Moto3-Silverstone-2026-768x512.jpg 768w, https:\/\/grandepremio.com\/wp-content\/uploads\/2026\/08\/Morelli-Moto3-Silverstone-2026-150x100.jpg 150w\" sizes=\"(max-width: 1024px) 100vw, 1024px\" \/><figcaption class=\"wp-element-caption\">Marco Morelli tuvo un viernes algo complicado, pero se clasific\u00f3 a la Q2. (Foto: Aspar)<\/figcaption><\/figure>\n\n\n\n<p class=\"wp-block-paragraph\">Hasta ese momento, Valent\u00edn se colocaba segundo y Marco Morelli era 13\u00b0 con la moto del equipo de Aspar. Los comisarios deportivos emitieron un mensaje sobre que investigaban lo sucedido con Almansa, que se pas\u00f3 de largo para evitar chocar con alguien de los pilotos lentos. De todos modos, parec\u00eda que el #22 se iba a quedar con lo mejor de un agitado viernes en el Motorland.<\/p>\n\n\n\n<p class=\"wp-block-paragraph\">Yamanaka tuvo otro incidente en la curva 15, donde se fue afuera sobre el pasto para no chocar a otro rival, en una de estos intentos de agarrar la succi\u00f3n en pelot\u00f3n. Morelli mejor\u00f3 un poco y se coloc\u00f3 11\u00b0, pero m\u00e1s lo hizo Fern\u00e1ndez, que trep\u00f3 hasta la tercera colocaci\u00f3n. El tiempo se hab\u00eda acabado y nadie parec\u00eda bajar a Almansa de lo m\u00e1s alto.<\/p>\n\n\n\n<p class=\"wp-block-paragraph\">El \u00fanico que mejor\u00f3 el tiempo fue Salmela, que se puso segundo, a 0.079s de Almansa, Hakim Danish dej\u00f3 fuera de la Q2 a Brian Uriarte en 14\u00b0 posici\u00f3n, pero nadie m\u00e1s pudo mejorar por el caos generado de los pilotos en grupo. As\u00ed, Almansa fue el m\u00e1s r\u00e1pido del viernes, seguido por el finland\u00e9s como escolta, Perrone en tercero, luego hasta el d\u00e9cimo se ubicaron as\u00ed: Fern\u00e1ndez, Carpe, O\u2019Gorman, R\u00edos, Quiles, Bertelle y Pini. Morelli tambi\u00e9n pas\u00f3 directo a la Q2 en el puesto 11.<\/p>\n\n\n\n<h2 class=\"wp-block-heading\">Moto3 2026-FP-GP de Arag\u00f3n:<\/h2>\n\n\n\n<figure class=\"wp-block-table\"><table class=\"has-fixed-layout\"><tbody><tr><td>\u00a0Pos<\/td><td>Piloto<\/td><td>Equipo<\/td><td>Tiempo<\/td><td>Dif<\/td><\/tr><tr><td>1<\/td><td>D ALMANSA<\/td><td>Intact GP KTM<\/td><td>1:57.473<\/td><td>&nbsp;<\/td><\/tr><tr><td>2<\/td><td>R SALMELA<\/td><td>Red Bull KTM Tech3<\/td><td>1:57.552<\/td><td>+0.079<\/td><\/tr><tr><td>3<\/td><td>V PERRONE<\/td><td>Red Bull KTM Tech3<\/td><td>1:57.927<\/td><td>+0.454<\/td><\/tr><tr><td>4<\/td><td>A FERN\u00c1NDEZ<\/td><td>Leopard Honda<\/td><td>1:57.938<\/td><td>+0.465<\/td><\/tr><tr><td>5<\/td><td>A CARPE<\/td><td>Red Bull KTM Ajo<\/td><td>1:57.945<\/td><td>+0.472<\/td><\/tr><tr><td>6<\/td><td>C O\u2019GORMAN<\/td><td>Sic58 Honda<\/td><td>1:57.980<\/td><td>+0.507<\/td><\/tr><tr><td>7<\/td><td>J R\u00cdOS<\/td><td>Snipers Team<\/td><td>1:58.111<\/td><td>+0.638<\/td><\/tr><tr><td>8<\/td><td>M QUILES<\/td><td>CFMoto Aspar KTM<\/td><td>1:58.114<\/td><td>+0.641<\/td><\/tr><tr><td>9<\/td><td>M BERTELLE<\/td><td>LevelUp MTA KTM<\/td><td>1:58.202<\/td><td>+0.729<\/td><\/tr><tr><td>10<\/td><td>G PINI<\/td><td>Leopard Honda<\/td><td>1:58.202<\/td><td>+0.729<\/td><\/tr><tr><td>11<\/td><td>M MORELLI<\/td><td>CFMoto Aspar KTM<\/td><td>1:58.293<\/td><td>+0.820<\/td><\/tr><tr><td>12<\/td><td>A CRUCES<\/td><td>CIP Green Power KTM<\/td><td>1:58.333<\/td><td>+0.860<\/td><\/tr><tr><td>13<\/td><td>J KELSO<\/td><td>Gryd Racing<\/td><td>1:58.351<\/td><td>+0.878<\/td><\/tr><tr><td>14<\/td><td>H DANISH<\/td><td>MSi KTM<\/td><td>1:58.362<\/td><td>+0.889<\/td><\/tr><tr><td>15<\/td><td>S OGDEN<\/td><td>CIP Green Power KTM<\/td><td>1:58.372<\/td><td>+0.899<\/td><\/tr><tr><td>16<\/td><td>D GONZ\u00c1LEZ<\/td><td>Intact GP KTM<\/td><td>1:58.418<\/td><td>+0.945<\/td><\/tr><tr><td>17<\/td><td>B URIARTE<\/td><td>Red Bull KTM Ajo<\/td><td>1:58.465<\/td><td>+0.992<\/td><\/tr><tr><td>18<\/td><td>R MOODLEY<\/td><td>Code Motorsports KTM<\/td><td>1:58.503<\/td><td>+1.030<\/td><\/tr><tr><td>19<\/td><td>E O\u2019SHEA<\/td><td>Gryd Racing<\/td><td>1:58.625<\/td><td>+1.152<\/td><\/tr><tr><td>20<\/td><td>V PRATAMA<\/td><td>Honda Team Asia<\/td><td>1:58.660<\/td><td>+1.187<\/td><\/tr><tr><td>21<\/td><td>R YAMANAKA<\/td><td>MSi KTM<\/td><td>1:58.739<\/td><td>+1.266<\/td><\/tr><tr><td>22<\/td><td>L RAMMERSTORFER<\/td><td>Sic58 Honda<\/td><td>1:58.814<\/td><td>+1.341<\/td><\/tr><tr><td>23<\/td><td>N CARRARO<\/td><td>Snipers Team Honda<\/td><td>1:58.861<\/td><td>+1.388<\/td><\/tr><tr><td>24<\/td><td>J ESTEBAN<\/td><td>LevelUp MTA KTM<\/td><td>1:59.337<\/td><td>+1.864<\/td><\/tr><tr><td>25<\/td><td>Z MITANI<\/td><td>Honda Team Asia<\/td><td>2:00.863<\/td><td>+3.390<\/td><\/tr><tr><td>26<\/td><td>C BUCHANAN<\/td><td>Code Motorsports KTM<\/td><td>2:00.917<\/td><td>+3.444<\/td><\/tr><\/tbody><\/table><\/figure>\n","protected":false},"excerpt":{"rendered":"<p>David Almansa no pudo ser batido por ning\u00fan rival este viernes en los entrenamientos de Moto3 en Arag\u00f3n y lider\u00f3 la tabla de tiempos en una tanda muy revuelta. Valent\u00edn Perrone fue tercero y Marco Morelli termin\u00f3 11\u00b0.<\/p>\n","protected":false},"author":31,"featured_media":1020313057,"comment_status":"closed","ping_status":"closed","sticky":false,"template":"","format":"standard","meta":{"42wp_featured_image_caption":"David Almansa (Foto: Intact)","42wp_featured_image_credits":"","42wp_featured_video":"","42wp_featured_image_hidden":false,"42wp_authors_list":[{"id":14237,"location":"de Buenos Aires"}],"footnotes":""},"categories":[8],"tags":[12070,1571,1366,10848],"42wp_author":[14237],"class_list":["post-39498","post","type-post","status-publish","format-standard","has-post-thumbnail","hentry","category-motogp","tag-david-almansa","tag-gp-de-aragon","tag-moto3","tag-valentin-perrone","42wp_author-gabriel-garcia"],"_links":{"self":[{"href":"https:\/\/grandepremio.com\/es\/wp-json\/wp\/v2\/posts\/39498","targetHints":{"allow":["GET"]}}],"collection":[{"href":"https:\/\/grandepremio.com\/es\/wp-json\/wp\/v2\/posts"}],"about":[{"href":"https:\/\/grandepremio.com\/es\/wp-json\/wp\/v2\/types\/post"}],"author":[{"embeddable":true,"href":"https:\/\/grandepremio.com\/es\/wp-json\/wp\/v2\/users\/31"}],"replies":[{"embeddable":true,"href":"https:\/\/grandepremio.com\/es\/wp-json\/wp\/v2\/comments?post=39498"}],"version-history":[{"count":7,"href":"https:\/\/grandepremio.com\/es\/wp-json\/wp\/v2\/posts\/39498\/revisions"}],"predecessor-version":[{"id":39508,"href":"https:\/\/grandepremio.com\/es\/wp-json\/wp\/v2\/posts\/39498\/revisions\/39508"}],"wp:featuredmedia":[{"embeddable":true,"href":"https:\/\/grandepremio.com\/es\/wp-json\/wp\/v2\/media\/1020313057"}],"wp:attachment":[{"href":"https:\/\/grandepremio.com\/es\/wp-json\/wp\/v2\/media?parent=39498"}],"wp:term":[{"taxonomy":"category","embeddable":true,"href":"https:\/\/grandepremio.com\/es\/wp-json\/wp\/v2\/categories?post=39498"},{"taxonomy":"post_tag","embeddable":true,"href":"https:\/\/grandepremio.com\/es\/wp-json\/wp\/v2\/tags?post=39498"},{"taxonomy":"42wp_author","embeddable":true,"href":"https:\/\/grandepremio.com\/es\/wp-json\/wp\/v2\/42wp_author?post=39498"}],"curies":[{"name":"wp","href":"https:\/\/api.w.org\/{rel}","templated":true}]}}