{"id":39517,"date":"2026-08-28T11:26:56","date_gmt":"2026-08-28T14:26:56","guid":{"rendered":"https:\/\/grandepremio.com\/es\/?p=39517"},"modified":"2026-08-28T11:26:58","modified_gmt":"2026-08-28T14:26:58","slug":"motogp-encamina-cancelar-gp-qatar-oriente-medio","status":"publish","type":"post","link":"https:\/\/grandepremio.com\/es\/motogp\/motogp-encamina-cancelar-gp-qatar-oriente-medio\/","title":{"rendered":"MotoGP se encamina a cancelar el GP de Qatar debido a los conflictos b\u00e9licos en Oriente Medio"},"content":{"rendered":"\n<p class=\"wp-block-paragraph\">La continuidad de la guerra en Medio Oriente ha generado que la direcci\u00f3n de <strong>MotoGP <\/strong>est\u00e9 cerca de decidir la <strong><em>cancelaci\u00f3n <\/em><\/strong>del<strong> GP de Qatar<\/strong>, que ten\u00eda que disputarse entre el 6 y el 8 de noviembre, y que ya se hab\u00eda aplazado por el estallido del conflicto b\u00e9lico a comienzos de este a\u00f1o.<\/p>\n\n\n\n<p class=\"wp-block-paragraph\">\ud83d\udfe5&nbsp;<strong><em>\u00a1Todas las novedades te esperan en el canal de&nbsp;<\/em><\/strong><a href=\"https:\/\/www.youtube.com\/@GrandePremioES\"><em>YouTube<\/em><\/a><strong><em>&nbsp;de Grande Pr\u00eamio en Espa\u00f1ol!<\/em><\/strong>&nbsp;\ud83d\udfe8<\/p>\n\n\n\n<p class=\"wp-block-paragraph\">De acuerdo con la informaci\u00f3n del sitio web <em>The Race<\/em>, se hab\u00eda evaluado hacer una doble carrera en el circuito de <strong>Sepang <\/strong>cuando se visite a finales de octubre por el GP de Malasia, pero este plan no es el favorito de los equipos, as\u00ed que se descartar\u00eda quedando el calendario en 21 carreras para las tres categor\u00edas del mundial.<\/p>\n\n\n\n<p class=\"wp-block-paragraph\">Hay que recordar que, debido al cambio de fecha de la cita en Qatar, se hab\u00edan pospuesto una semana la disputa de los <em>Grandes Premios de Portugal y de Valencia<\/em> por la inestabilidad en la regi\u00f3n, motivada por los enfrentamientos armados entre Estados Unidos, Israel e Ir\u00e1n. Se cree que estas fechas, que cierran el calendario del Mundial, se van a mantener tal como fueron reprogramadas.<\/p>\n\n\n\n<figure class=\"wp-block-embed is-type-video is-provider-youtube wp-block-embed-youtube wp-embed-aspect-16-9 wp-has-aspect-ratio\"><div class=\"wp-block-embed__wrapper\">\n<iframe loading=\"lazy\" title=\"COLAPINTO RENUEVA CON ALPINE PARA 2027\" width=\"500\" height=\"281\" src=\"https:\/\/www.youtube.com\/embed\/HvUBP_HOB-Q?feature=oembed\" frameborder=\"0\" allow=\"accelerometer; autoplay; clipboard-write; encrypted-media; gyroscope; picture-in-picture; web-share\" referrerpolicy=\"strict-origin-when-cross-origin\" allowfullscreen><\/iframe>\n<\/div><\/figure>\n\n\n\n<p class=\"wp-block-paragraph\">Por el momento, la <strong>F\u00f3rmula 1<\/strong> tiene pautado celebrar su cierre de temporada en Qatar y en Abu Dhabi, sin que haya anuncios oficiales sobre su disputa o suspensi\u00f3n, algo que se espera para el mes que viene, antes del viaje a Sepang y a Estados Unidos en octubre.<\/p>\n\n\n\n<p class=\"wp-block-paragraph\">Como la organizaci\u00f3n de MotoGP no est\u00e1 dispuesta a reemplazar la carrera de Lusail, el campeonato de 2026 contar\u00eda con 21 eventos. La situaci\u00f3n geopol\u00edtica actual tampoco ha permitido confirmar con antelaci\u00f3n el calendario de 2027, reconocido por el vicepresidente, <strong>Carlos Ezpeleta<\/strong>. De hecho, el regreso del <strong>GP de Argentina<\/strong> a Buenos Aires del a\u00f1o que viene no tiene fecha pactada, aunque podr\u00eda ser a comienzos de abril.<\/p>\n\n\n\n<p class=\"wp-block-paragraph\">\u23e9&nbsp;<strong><em>\u00a1Seguinos en redes por&nbsp;<\/em><\/strong><a href=\"https:\/\/twitter.com\/grandepremioES\"><em>Twitter&nbsp;<\/em><\/a><strong><em>e&nbsp;<\/em><\/strong><a href=\"https:\/\/www.instagram.com\/grandepremioes\/\"><em>Instagram!<br><\/em><\/a>\u23e9&nbsp;<strong><em>Adem\u00e1s, tenemos nuestro&nbsp;<\/em><\/strong><a href=\"https:\/\/whatsapp.com\/channel\/0029VaDZ5zb0gcfDxuwxBM05\"><em>canal de Whatsapp<\/em><\/a><strong><em>&nbsp;con toda la informaci\u00f3n al instante<\/em><\/strong>&nbsp;\ud83c\udfc1<\/p>\n\n\n\n<p class=\"wp-block-paragraph\">MotoGP continuar\u00e1 ma\u00f1ana con el Gran Premio de Arag\u00f3n, la 13\u00b0 prueba del campeonato 2026 con la FP2, la clasificaci\u00f3n y la carrera sprint desde las 5:10, hora de Buenos Aires.<\/p>\n","protected":false},"excerpt":{"rendered":"<p>El conflicto armado en Oriente Medio mantiene la incertidumbre sobre el evento y se espera que altere el calendario de MotoGP por segunda vez en 2026, dejando as\u00ed un calendario de 21 carreras, ya que se optar\u00eda por no reemplazar la cita en Lusail.<\/p>\n","protected":false},"author":31,"featured_media":1020313071,"comment_status":"closed","ping_status":"closed","sticky":false,"template":"","format":"standard","meta":{"42wp_featured_image_caption":"\u00c1lex M\u00e1rquez (Foto: Michelin)","42wp_featured_image_credits":"","42wp_featured_video":"","42wp_featured_image_hidden":false,"42wp_authors_list":[{"id":14237,"location":"de Buenos Aires"}],"footnotes":""},"categories":[8],"tags":[1563,1293],"42wp_author":[14237],"class_list":["post-39517","post","type-post","status-publish","format-standard","has-post-thumbnail","hentry","category-motogp","tag-gp-de-qatar","tag-motogp","42wp_author-gabriel-garcia"],"_links":{"self":[{"href":"https:\/\/grandepremio.com\/es\/wp-json\/wp\/v2\/posts\/39517","targetHints":{"allow":["GET"]}}],"collection":[{"href":"https:\/\/grandepremio.com\/es\/wp-json\/wp\/v2\/posts"}],"about":[{"href":"https:\/\/grandepremio.com\/es\/wp-json\/wp\/v2\/types\/post"}],"author":[{"embeddable":true,"href":"https:\/\/grandepremio.com\/es\/wp-json\/wp\/v2\/users\/31"}],"replies":[{"embeddable":true,"href":"https:\/\/grandepremio.com\/es\/wp-json\/wp\/v2\/comments?post=39517"}],"version-history":[{"count":2,"href":"https:\/\/grandepremio.com\/es\/wp-json\/wp\/v2\/posts\/39517\/revisions"}],"predecessor-version":[{"id":39528,"href":"https:\/\/grandepremio.com\/es\/wp-json\/wp\/v2\/posts\/39517\/revisions\/39528"}],"wp:featuredmedia":[{"embeddable":true,"href":"https:\/\/grandepremio.com\/es\/wp-json\/wp\/v2\/media\/1020313071"}],"wp:attachment":[{"href":"https:\/\/grandepremio.com\/es\/wp-json\/wp\/v2\/media?parent=39517"}],"wp:term":[{"taxonomy":"category","embeddable":true,"href":"https:\/\/grandepremio.com\/es\/wp-json\/wp\/v2\/categories?post=39517"},{"taxonomy":"post_tag","embeddable":true,"href":"https:\/\/grandepremio.com\/es\/wp-json\/wp\/v2\/tags?post=39517"},{"taxonomy":"42wp_author","embeddable":true,"href":"https:\/\/grandepremio.com\/es\/wp-json\/wp\/v2\/42wp_author?post=39517"}],"curies":[{"name":"wp","href":"https:\/\/api.w.org\/{rel}","templated":true}]}}