{"id":3952,"date":"2025-11-29T12:31:07","date_gmt":"2025-11-29T15:31:07","guid":{"rendered":"https:\/\/grandepremio.com\/es\/2025\/11\/29\/norris-acepta-tercer-puesto-sprint-qatar-f1-2025\/"},"modified":"2025-11-29T12:31:11","modified_gmt":"2025-11-29T15:31:11","slug":"norris-acepta-tercer-puesto-sprint-qatar-f1-2025","status":"publish","type":"post","link":"https:\/\/grandepremio.com\/es\/f1\/norris-acepta-tercer-puesto-sprint-qatar-f1-2025\/","title":{"rendered":"Norris acepta el tercer puesto en sprint de Qatar y afirma: &#8220;No vi a Verstappen detr\u00e1s&#8221;"},"content":{"rendered":"\n<p class=\"wp-block-paragraph\">El campeonato <strong>Mundial de Pilotos<\/strong> de la <strong>F\u00f3rmula 1<\/strong> entr\u00f3 en su fase decisiva con la disputa de la carrera sprint del <strong>GP de Qatar<\/strong>, que dej\u00f3 a<strong> Lando Norris<\/strong> a un paso de obtener el t\u00edtulo ma\u00f1ana en la carrera principal con el tercer puesto en la competencia corta.<\/p>\n\n\n\n<p class=\"wp-block-paragraph\">\ud83d\udfe5&nbsp;<strong><em>\u00a1Todas las novedades te esperan en el canal de&nbsp;<\/em><\/strong><a href=\"https:\/\/www.youtube.com\/@GrandePremioES\"><em>YouTube<\/em><\/a><strong><em>&nbsp;de Grande Pr\u00eamio en Espa\u00f1ol!<\/em><\/strong>&nbsp;\ud83d\udfe8<\/p>\n\n\n\n<p class=\"wp-block-paragraph\">Norris se mantuvo en la posici\u00f3n de largada, fue atacado por <strong>Max Verstappen<\/strong> en las primas vueltas, pero hizo diferencias desde mitad de la prueba y se asegur\u00f3 que <strong>Oscar Piastri<\/strong>, el ganador de este s\u00e1bado en <strong>Lusail<\/strong>, solo le pudiera recoertar dos puntos de los 24 que le lleva al frente del certamen, manteniendo 22 de ventaja.<\/p>\n\n\n\n<p class=\"wp-block-paragraph\">As\u00ed, terminando delante del australiano ma\u00f1ana se puede coronar como nuevo campe\u00f3n del mundo sumando cuatro puntos m\u00e1s que su compa\u00f1ero de <strong>McLaren<\/strong>. Con respecto al neerland\u00e9s, la ventaja ahora es de 25 unidades.<\/p>\n\n\n\n<figure class=\"wp-block-embed is-type-video is-provider-youtube wp-block-embed-youtube wp-embed-aspect-16-9 wp-has-aspect-ratio\"><div class=\"wp-block-embed__wrapper\">\n<iframe loading=\"lazy\" title=\"VERSTAPPEN Y LA UTOP\u00cdA POSIBLE DEL PENTACAMPEONATO\" width=\"500\" height=\"281\" src=\"https:\/\/www.youtube.com\/embed\/3rZA7LrB9Zc?feature=oembed\" frameborder=\"0\" allow=\"accelerometer; autoplay; clipboard-write; encrypted-media; gyroscope; picture-in-picture; web-share\" referrerpolicy=\"strict-origin-when-cross-origin\" allowfullscreen><\/iframe>\n<\/div><\/figure>\n\n\n\n<p class=\"wp-block-paragraph\">Tras la carrera, Lando habl\u00f3 con la transmisi\u00f3n oficial y coment\u00f3: <strong>\u201cEn realidad, nunca vi a Max detr\u00e1s. Solo vi a George por delante. Intent\u00e9 avanzar. Est\u00e1bamos muy cerca al principio, pero estuvo bien\u201d.<\/strong><\/p>\n\n\n\n<p class=\"wp-block-paragraph\"><strong>\u201cNo vi lo que pas\u00f3 por detr\u00e1s. En un relevo largo, parec\u00eda que est\u00e1bamos presionando mucho, as\u00ed que ma\u00f1ana ser\u00e1 una carrera dif\u00edcil. No es f\u00e1cil adelantar aqu\u00ed, es demasiado dif\u00edcil, as\u00ed que todo depende de la clasificaci\u00f3n\u201d<\/strong>, concluy\u00f3 el brit\u00e1nico, l\u00edder del certamen de corredores en la F1 2025.<\/p>\n\n\n\n<p class=\"wp-block-paragraph\">\u23e9&nbsp;<strong><em>\u00a1Seguinos en redes por&nbsp;<\/em><\/strong><a href=\"https:\/\/twitter.com\/grandepremioES\"><em>Twitter&nbsp;<\/em><\/a><strong><em>e&nbsp;<\/em><\/strong><a href=\"https:\/\/www.instagram.com\/grandepremioes\/\"><em>Instagram!<br><\/em><\/a>\u23e9&nbsp;<strong><em>Adem\u00e1s, tenemos nuestro&nbsp;<\/em><\/strong><a href=\"https:\/\/whatsapp.com\/channel\/0029VaDZ5zb0gcfDxuwxBM05\"><em>canal de Whatsapp<\/em><\/a><strong><em>&nbsp;con toda la informaci\u00f3n al instante<\/em><\/strong>&nbsp;\ud83c\udfc1<\/p>\n\n\n\n<p class=\"wp-block-paragraph\">La F\u00f3rmula 1 regresar\u00e1 a las pistas esta tarde con la clasificaci\u00f3n del GP de Qatar desde las 15:00, hora de Brasilia y Buenos Aires, para la pen\u00faltima ronda del campeonato.<\/p>\n","protected":false},"excerpt":{"rendered":"<p>Lando Norris termin\u00f3 tercero en la carrera sprint del Gran Premio de Qatar de la F\u00f3rmula 1 y admiti\u00f3 que acept\u00f3 el resultado desde la largada, pero que no vio a Max Verstappen detr\u00e1s suyo a lo largo de la prueba. <\/p>\n","protected":false},"author":0,"featured_media":1010380761,"comment_status":"closed","ping_status":"closed","sticky":false,"template":"","format":"standard","meta":{"42wp_featured_image_caption":"","42wp_featured_image_credits":"","42wp_featured_video":"","42wp_featured_image_hidden":false,"42wp_authors_list":[],"footnotes":""},"categories":[5],"tags":[1710,179,1563,268,2307,249,269,1517,278],"42wp_author":[14237],"class_list":["post-3952","post","type-post","status-publish","format-standard","has-post-thumbnail","hentry","category-f1","tag-f1-2025","tag-formula-1","tag-gp-de-qatar","tag-lando-norris","tag-lusail","tag-max-verstappen","tag-mclaren","tag-mundial-de-pilotos","tag-oscar-piastri","42wp_author-gabriel-garcia"],"_links":{"self":[{"href":"https:\/\/grandepremio.com\/es\/wp-json\/wp\/v2\/posts\/3952","targetHints":{"allow":["GET"]}}],"collection":[{"href":"https:\/\/grandepremio.com\/es\/wp-json\/wp\/v2\/posts"}],"about":[{"href":"https:\/\/grandepremio.com\/es\/wp-json\/wp\/v2\/types\/post"}],"replies":[{"embeddable":true,"href":"https:\/\/grandepremio.com\/es\/wp-json\/wp\/v2\/comments?post=3952"}],"version-history":[{"count":0,"href":"https:\/\/grandepremio.com\/es\/wp-json\/wp\/v2\/posts\/3952\/revisions"}],"wp:featuredmedia":[{"embeddable":true,"href":"https:\/\/grandepremio.com\/es\/wp-json\/wp\/v2\/media\/1010380761"}],"wp:attachment":[{"href":"https:\/\/grandepremio.com\/es\/wp-json\/wp\/v2\/media?parent=3952"}],"wp:term":[{"taxonomy":"category","embeddable":true,"href":"https:\/\/grandepremio.com\/es\/wp-json\/wp\/v2\/categories?post=3952"},{"taxonomy":"post_tag","embeddable":true,"href":"https:\/\/grandepremio.com\/es\/wp-json\/wp\/v2\/tags?post=3952"},{"taxonomy":"42wp_author","embeddable":true,"href":"https:\/\/grandepremio.com\/es\/wp-json\/wp\/v2\/42wp_author?post=3952"}],"curies":[{"name":"wp","href":"https:\/\/api.w.org\/{rel}","templated":true}]}}