{"id":39530,"date":"2026-08-28T11:45:05","date_gmt":"2026-08-28T14:45:05","guid":{"rendered":"https:\/\/grandepremio.com\/es\/?p=39530"},"modified":"2026-08-28T11:45:06","modified_gmt":"2026-08-28T14:45:06","slug":"indycar-extiende-acuerdo-milwaukee-calendario","status":"publish","type":"post","link":"https:\/\/grandepremio.com\/es\/indy\/indycar-extiende-acuerdo-milwaukee-calendario\/","title":{"rendered":"IndyCar extiende acuerdo y asegura la carrera de Milwaukee en el calendario por varios a\u00f1os"},"content":{"rendered":"\n<p class=\"wp-block-paragraph\">La <strong>IndyCar <\/strong>anunci\u00f3 en la jornada de ayer que extendi\u00f3 el contrato por varios a\u00f1os con el \u00f3valo de <strong>Milwaukee<\/strong>, que ser\u00e1 la sede de la pen\u00faltima fecha del campeonato con dos carreras este fin de semana, donde podr\u00eda coronarse quintuple campe\u00f3n <strong>\u00c1lex Palou<\/strong> si se dan los resultados en pista.<\/p>\n\n\n\n<p class=\"wp-block-paragraph\">\ud83d\udfe5&nbsp;<strong><em>\u00a1Todas las novedades te esperan en el canal de&nbsp;<\/em><\/strong><a href=\"https:\/\/www.youtube.com\/@GrandePremioES\"><em>YouTube<\/em><\/a><strong><em>&nbsp;de Grande Pr\u00eamio en Espa\u00f1ol!<\/em><\/strong>&nbsp;\ud83d\udfe8<\/p>\n\n\n\n<p class=\"wp-block-paragraph\">Si bien el tradicional \u00f3valo de una milla, ubicado en el Wisconsin State Fair Park, tiene asegurado su lugar en el calendario por algunas temporadas m\u00e1s, no se sabe el formato ni la fecha de disputa, algo que la Indy deber\u00e1 anunciar m\u00e1s adelante.<\/p>\n\n\n\n<p class=\"wp-block-paragraph\">Milwaukee volvi\u00f3 a la categor\u00eda en 2024 luego de nueve a\u00f1os de ausencia y no se han repetido ganadores: <strong>Patricio O\u2019Ward<\/strong>, Scott McLaughlin y Christian Rasmussen, en la \u00fanica carrera del a\u00f1o pasado. Este a\u00f1o se recuper\u00f3 el formato de doble competencia.<\/p>\n\n\n\n<figure class=\"wp-block-embed is-type-video is-provider-youtube wp-block-embed-youtube wp-embed-aspect-16-9 wp-has-aspect-ratio\"><div class=\"wp-block-embed__wrapper\">\n<iframe loading=\"lazy\" title=\"COLAPINTO RENUEVA CON ALPINE PARA 2027\" width=\"500\" height=\"281\" src=\"https:\/\/www.youtube.com\/embed\/HvUBP_HOB-Q?feature=oembed\" frameborder=\"0\" allow=\"accelerometer; autoplay; clipboard-write; encrypted-media; gyroscope; picture-in-picture; web-share\" referrerpolicy=\"strict-origin-when-cross-origin\" allowfullscreen><\/iframe>\n<\/div><\/figure>\n\n\n\n<p class=\"wp-block-paragraph\"><strong>\u201cTraer de vuelta la IndyCar al legendario \u00f3valo de Milwaukee en 2024 fue una victoria para Wisconsin y para los aficionados a las carreras. Esperamos seguir trabajando juntos para ofrecer la serie de carreras m\u00e1s r\u00e1pida del mundo en el circuito m\u00e1s hist\u00f3rico del planeta\u201d<\/strong>, declar\u00f3 Shari Black, directora ejecutiva del Wisconsin State Fair Park.<\/p>\n\n\n\n<p class=\"wp-block-paragraph\"><strong>\u201cNuestra alianza refleja un compromiso compartido con las personas, las habilidades y la excelencia t\u00e9cnica que impulsan la IndyCar. Esta extensi\u00f3n demuestra la solidez de nuestra amplia relaci\u00f3n con la IndyCar, el Indianapolis Motor Speedway y el Milwaukee Mile. Esperamos continuar nuestro trabajo conjunto y celebrar a las personas que hacen posible el \u00e9xito\u201d,<\/strong> afirm\u00f3 Mark Miles, director ejecutivo de IndyCar y Penske Entertainment.<\/p>\n\n\n\n<p class=\"wp-block-paragraph\">\u23e9&nbsp;<strong><em>\u00a1Seguinos en redes por&nbsp;<\/em><\/strong><a href=\"https:\/\/twitter.com\/grandepremioES\"><em>Twitter&nbsp;<\/em><\/a><strong><em>e&nbsp;<\/em><\/strong><a href=\"https:\/\/www.instagram.com\/grandepremioes\/\"><em>Instagram!<br><\/em><\/a>\u23e9&nbsp;<strong><em>Adem\u00e1s, tenemos nuestro&nbsp;<\/em><\/strong><a href=\"https:\/\/whatsapp.com\/channel\/0029VaDZ5zb0gcfDxuwxBM05\"><em>canal de Whatsapp<\/em><\/a><strong><em>&nbsp;con toda la informaci\u00f3n al instante<\/em><\/strong>&nbsp;\ud83c\udfc1<\/p>\n\n\n\n<p class=\"wp-block-paragraph\">IndyCar retoma este viernes sus actividades con la FP1 del evento en Milwaukee, que se gan\u00f3 una renovaci\u00f3n de contrato despu\u00e9s de buenas carreras que se han producido all\u00ed.<\/p>\n","protected":false},"excerpt":{"rendered":"<p>Milwaukee, sede de una doble jornada este fin de semana, asegura un acuerdo plurianual, pero la IndyCar a\u00fan no ha confirmado la fecha ni el formato para 2027.<\/p>\n","protected":false},"author":31,"featured_media":1020313041,"comment_status":"closed","ping_status":"closed","sticky":false,"template":"","format":"standard","meta":{"42wp_featured_image_caption":"Indy confirma la extensi\u00f3n del acuerdo con Milwaukee (Foto: IndyCar)","42wp_featured_image_credits":"","42wp_featured_video":"","42wp_featured_image_hidden":false,"42wp_authors_list":[{"id":14237,"location":"de Buenos Aires"}],"footnotes":""},"categories":[7],"tags":[8013,310,8941],"42wp_author":[14237],"class_list":["post-39530","post","type-post","status-publish","format-standard","has-post-thumbnail","hentry","category-indy","tag-alex-palou-3","tag-indycar","tag-milwaukee","42wp_author-gabriel-garcia"],"_links":{"self":[{"href":"https:\/\/grandepremio.com\/es\/wp-json\/wp\/v2\/posts\/39530","targetHints":{"allow":["GET"]}}],"collection":[{"href":"https:\/\/grandepremio.com\/es\/wp-json\/wp\/v2\/posts"}],"about":[{"href":"https:\/\/grandepremio.com\/es\/wp-json\/wp\/v2\/types\/post"}],"author":[{"embeddable":true,"href":"https:\/\/grandepremio.com\/es\/wp-json\/wp\/v2\/users\/31"}],"replies":[{"embeddable":true,"href":"https:\/\/grandepremio.com\/es\/wp-json\/wp\/v2\/comments?post=39530"}],"version-history":[{"count":5,"href":"https:\/\/grandepremio.com\/es\/wp-json\/wp\/v2\/posts\/39530\/revisions"}],"predecessor-version":[{"id":39535,"href":"https:\/\/grandepremio.com\/es\/wp-json\/wp\/v2\/posts\/39530\/revisions\/39535"}],"wp:featuredmedia":[{"embeddable":true,"href":"https:\/\/grandepremio.com\/es\/wp-json\/wp\/v2\/media\/1020313041"}],"wp:attachment":[{"href":"https:\/\/grandepremio.com\/es\/wp-json\/wp\/v2\/media?parent=39530"}],"wp:term":[{"taxonomy":"category","embeddable":true,"href":"https:\/\/grandepremio.com\/es\/wp-json\/wp\/v2\/categories?post=39530"},{"taxonomy":"post_tag","embeddable":true,"href":"https:\/\/grandepremio.com\/es\/wp-json\/wp\/v2\/tags?post=39530"},{"taxonomy":"42wp_author","embeddable":true,"href":"https:\/\/grandepremio.com\/es\/wp-json\/wp\/v2\/42wp_author?post=39530"}],"curies":[{"name":"wp","href":"https:\/\/api.w.org\/{rel}","templated":true}]}}