{"id":39575,"date":"2026-08-28T16:00:00","date_gmt":"2026-08-28T19:00:00","guid":{"rendered":"https:\/\/grandepremio.com\/es\/?p=39575"},"modified":"2026-08-28T16:26:33","modified_gmt":"2026-08-28T19:26:33","slug":"indycar-desmiente-alcalde-barranquilla-afirma-acuerdo-carrera-esta-lejos","status":"publish","type":"post","link":"https:\/\/grandepremio.com\/es\/indy\/indycar-desmiente-alcalde-barranquilla-afirma-acuerdo-carrera-esta-lejos\/","title":{"rendered":"IndyCar desmiente al alcalde de Barranquilla y afirma que el acuerdo para una carrera \u201cest\u00e1 lejos\u201d"},"content":{"rendered":"\n<h3 class=\"wp-block-heading\">Puntos Claves<\/h3>\n\n\n\n<ul class=\"wp-block-list\">\n<li><strong>El alcalde de Barranquilla dio por hecha una carrera de IndyCar en abril de 2028<\/strong>, destacando un trazado callejero de 4,3 km en el Gran Malec\u00f3n del R\u00edo.<\/li>\n\n\n\n<li><strong>IndyCar desminti\u00f3 la existencia de un acuerdo firmado<\/strong> y precis\u00f3 que a\u00fan no ha enviado delegaciones t\u00e9cnicas a territorio colombiano.<\/li>\n\n\n\n<li>La serie estadounidense no celebra eventos fuera de Norteam\u00e9rica desde la temporada 2013, aunque analiza proyectos internacionales como el de Goi\u00e2nia para 2027.<\/li>\n<\/ul>\n\n\n\n<p class=\"wp-block-paragraph\">La <a target=\"_blank\" rel=\"noopener\" href=\"https:\/\/grandepremio.com\/es\/indy\/\">IndyCar<\/a> saldi\u00f3 al paso de las declaraciones emitidas por el alcalde de Barranquilla, Alejandro Char, quien anunci\u00f3 p\u00fablicamente que la ciudad colombiana albergar\u00e1 una fecha oficial de la categor\u00eda en abril de 2028. La dirigencia del campeonato estadounidense desminti\u00f3 que exista un contrato firmado y enfatiz\u00f3 que las conversaciones se encuentran en una etapa sumamente preliminar.<\/p>\n\n\n\n<p class=\"wp-block-paragraph\">La propuesta impulsada por la alcald\u00eda local contempla un circuito urbano de 4,3 kil\u00f3metros trazado en el Malec\u00f3n del R\u00edo Magdalena y la V\u00eda 40. La iniciativa cuenta adem\u00e1s con la asesor\u00eda y el respaldo de Juan Pablo Montoya, dos veces vencedor de las 500 Millas de Indian\u00e1polis.<\/p>\n\n\n\n<p class=\"wp-block-paragraph\">Pese al entusiasmo de la comitiva colombiana \u2014que sostuvo reuniones con Mark Miles, CEO de Penske Entertainment, durante el mes de junio\u2014, la categor\u00eda fue tajante respecto al estado real de las negociaciones.<\/p>\n\n\n\n<figure class=\"wp-block-image size-large\"><img loading=\"lazy\" decoding=\"async\" width=\"1200\" height=\"800\" src=\"https:\/\/grandepremio.com\/br\/wp-content\/uploads\/2026\/06\/san-nicolas-3-1920x1280-1-1200x800.jpg\" alt=\"\" class=\"wp-image-1001099633\" srcset=\"https:\/\/grandepremio.com\/wp-content\/uploads\/2026\/06\/san-nicolas-3-1920x1280-1-1200x800.jpg 1200w, https:\/\/grandepremio.com\/wp-content\/uploads\/2026\/06\/san-nicolas-3-1920x1280-1-300x200.jpg 300w, https:\/\/grandepremio.com\/wp-content\/uploads\/2026\/06\/san-nicolas-3-1920x1280-1-768x512.jpg 768w, https:\/\/grandepremio.com\/wp-content\/uploads\/2026\/06\/san-nicolas-3-1920x1280-1-1536x1024.jpg 1536w, https:\/\/grandepremio.com\/wp-content\/uploads\/2026\/06\/san-nicolas-3-1920x1280-1-150x100.jpg 150w, https:\/\/grandepremio.com\/wp-content\/uploads\/2026\/06\/san-nicolas-3-1920x1280-1.jpg 1920w\" sizes=\"(max-width: 1200px) 100vw, 1200px\" \/><figcaption class=\"wp-element-caption\">Alejandro Char, alcalde de Barranquilla, anunci\u00f3 el proyecto para 2028 (Foto: Alcald\u00eda de Barranquilla)<\/figcaption><\/figure>\n\n\n\n<p class=\"wp-block-paragraph\">&#8220;A menudo recibimos acercamientos de partes interesadas en explorar la realizaci\u00f3n de pruebas internacionales. Nos reunimos con delegados de Barranquilla en Indian\u00e1polis, pero no hemos visitado la ciudad de manera presencial. Si bien existe inter\u00e9s de su parte para 2028, estamos en fases iniciales de an\u00e1lisis de viabilidad. Estamos muy lejos de un acuerdo y cualquier suposici\u00f3n en contrario es prematura&#8221;, precis\u00f3 la categor\u00eda en un comunicado dirigido al medio <em>IndyStar<\/em>.<\/p>\n\n\n\n<p class=\"wp-block-paragraph\">La serie norteamericana no compite fuera de Estados Unidos y Canad\u00e1 desde 2013. Mientras eval\u00faa la opci\u00f3n de Barranquilla a largo plazo, la categor\u00eda analiza con mayor optimismo la posibilidad de retornar a Sudam\u00e9rica con un evento en Goi\u00e2nia (Brasil) proyectado para la temporada 2027.<\/p>\n\n\n\n<p class=\"wp-block-paragraph\">La <a target=\"_blank\" rel=\"noopener\" href=\"https:\/\/grandepremio.com\/es\/indy\/\">IndyCar<\/a> reanudar\u00e1 su certamen este fin de semana con la disputa de la <strong>doble fecha en el \u00f3valo de Milwaukee<\/strong>. La cobertura integral estar\u00e1 a cargo de <strong>GRANDE PR\u00caMIO<\/strong>.<\/p>\n\n\n\n<h3 class=\"wp-block-heading\">Horarios del fin de semana de la IndyCar en Milwaukee<\/h3>\n\n\n\n<ul class=\"wp-block-list\">\n<li><strong>Horario Local de Milwaukee (CDT \/ UTC-5)<\/strong>\n<ul class=\"wp-block-list\">\n<li><strong>S\u00e1bado, 29 de agosto<\/strong>\n<ul class=\"wp-block-list\">\n<li>Clasificaci\u00f3n: 10:00<\/li>\n\n\n\n<li>Carrera 1 (Snap-on Makers and Fixers 250): 13:30 <em>(Bandera verde ~13:50)<\/em><\/li>\n<\/ul>\n<\/li>\n\n\n\n<li><strong>Domingo, 30 de agosto<\/strong>\n<ul class=\"wp-block-list\">\n<li>Carrera 2 (Snap-on Milwaukee Mile 250): 12:00 <em>(Bandera verde ~12:20)<\/em><\/li>\n<\/ul>\n<\/li>\n<\/ul>\n<\/li>\n\n\n\n<li><strong>M\u00e9xico (CDMX) \/ Colombia<\/strong>\n<ul class=\"wp-block-list\">\n<li><strong>S\u00e1bado, 29 de agosto<\/strong>\n<ul class=\"wp-block-list\">\n<li>Clasificaci\u00f3n: 10:00<\/li>\n\n\n\n<li>Carrera 1: 13:30<\/li>\n<\/ul>\n<\/li>\n\n\n\n<li><strong>Domingo, 30 de agosto<\/strong>\n<ul class=\"wp-block-list\">\n<li>Carrera 2: 12:00<\/li>\n<\/ul>\n<\/li>\n<\/ul>\n<\/li>\n\n\n\n<li><strong>Argentina \/ Paraguay<\/strong>\n<ul class=\"wp-block-list\">\n<li><strong>S\u00e1bado, 29 de agosto<\/strong>\n<ul class=\"wp-block-list\">\n<li>Clasificaci\u00f3n: 12:00<\/li>\n\n\n\n<li>Carrera 1: 15:30<\/li>\n<\/ul>\n<\/li>\n\n\n\n<li><strong>Domingo, 30 de agosto<\/strong>\n<ul class=\"wp-block-list\">\n<li>Carrera 2: 14:00<\/li>\n<\/ul>\n<\/li>\n<\/ul>\n<\/li>\n\n\n\n<li><strong>Espa\u00f1a (Peninsular &#8211; CEST \/ UTC+2)<\/strong>\n<ul class=\"wp-block-list\">\n<li><strong>S\u00e1bado, 29 de agosto<\/strong>\n<ul class=\"wp-block-list\">\n<li>Clasificaci\u00f3n: 17:00<\/li>\n\n\n\n<li>Carrera 1: 20:30<\/li>\n<\/ul>\n<\/li>\n\n\n\n<li><strong>Domingo, 30 de agosto<\/strong>\n<ul class=\"wp-block-list\">\n<li>Carrera 2: 19:00<\/li>\n<\/ul>\n<\/li>\n<\/ul>\n<\/li>\n<\/ul>\n\n\n\n<h3 class=\"wp-block-heading\">Preguntas Frecuentes<\/h3>\n\n\n\n<p class=\"wp-block-paragraph\"><strong>1. \u00bfQu\u00e9 dijo la IndyCar sobre la confirmaci\u00f3n de una carrera en Colombia para 2028?<\/strong><\/p>\n\n\n\n<p class=\"wp-block-paragraph\">La categor\u00eda desminti\u00f3 la firma de un acuerdo y asegur\u00f3 que <strong>el proyecto est\u00e1 lejos de concretarse<\/strong>, manteni\u00e9ndose en una fase preliminar de viabilidad.<\/p>\n\n\n\n<p class=\"wp-block-paragraph\"><strong>2. \u00bfD\u00f3nde se pretende construir el trazado callejero en Barranquilla?<\/strong><\/p>\n\n\n\n<p class=\"wp-block-paragraph\">El trazado proyectado contempla un recorrido de <strong>4,3 kil\u00f3metros<\/strong> a lo largo del Gran Malec\u00f3n del R\u00edo y la V\u00eda 40.<\/p>\n\n\n\n<p class=\"wp-block-paragraph\"><strong>3. \u00bfCu\u00e1ndo disput\u00f3 la IndyCar su \u00faltima carrera fuera de Norteam\u00e9rica?<\/strong><\/p>\n\n\n\n<p class=\"wp-block-paragraph\">La categor\u00eda no realiza competencias fuera del territorio de Estados Unidos y Canad\u00e1 desde la <strong>temporada 2013<\/strong>.<\/p>\n","protected":false},"excerpt":{"rendered":"<p>Alejandro Char asegur\u00f3 que la categor\u00eda correr\u00e1 en las calles de la ciudad colombiana en abril de 2028, pero la dirigencia del certamen aclar\u00f3 que el proyecto apenas transita una fase preliminar de evaluaci\u00f3n<\/p>\n","protected":false},"author":2,"featured_media":1001093682,"comment_status":"closed","ping_status":"closed","sticky":false,"template":"","format":"standard","meta":{"42wp_featured_image_caption":"Alejandro Char, alcalde de Barranquilla, anunci\u00f3 el proyecto para 2028","42wp_featured_image_credits":"IndyCar","42wp_featured_video":"","42wp_featured_image_hidden":false,"42wp_authors_list":[{"id":14241,"location":""}],"footnotes":""},"categories":[7],"tags":[2110,2109],"42wp_author":[14241],"class_list":["post-39575","post","type-post","status-publish","format-standard","has-post-thumbnail","hentry","category-indy","tag-barranquilla","tag-colombia","42wp_author-daniel-balsa"],"_links":{"self":[{"href":"https:\/\/grandepremio.com\/es\/wp-json\/wp\/v2\/posts\/39575","targetHints":{"allow":["GET"]}}],"collection":[{"href":"https:\/\/grandepremio.com\/es\/wp-json\/wp\/v2\/posts"}],"about":[{"href":"https:\/\/grandepremio.com\/es\/wp-json\/wp\/v2\/types\/post"}],"author":[{"embeddable":true,"href":"https:\/\/grandepremio.com\/es\/wp-json\/wp\/v2\/users\/2"}],"replies":[{"embeddable":true,"href":"https:\/\/grandepremio.com\/es\/wp-json\/wp\/v2\/comments?post=39575"}],"version-history":[{"count":2,"href":"https:\/\/grandepremio.com\/es\/wp-json\/wp\/v2\/posts\/39575\/revisions"}],"predecessor-version":[{"id":39577,"href":"https:\/\/grandepremio.com\/es\/wp-json\/wp\/v2\/posts\/39575\/revisions\/39577"}],"wp:featuredmedia":[{"embeddable":true,"href":"https:\/\/grandepremio.com\/es\/wp-json\/wp\/v2\/media\/1001093682"}],"wp:attachment":[{"href":"https:\/\/grandepremio.com\/es\/wp-json\/wp\/v2\/media?parent=39575"}],"wp:term":[{"taxonomy":"category","embeddable":true,"href":"https:\/\/grandepremio.com\/es\/wp-json\/wp\/v2\/categories?post=39575"},{"taxonomy":"post_tag","embeddable":true,"href":"https:\/\/grandepremio.com\/es\/wp-json\/wp\/v2\/tags?post=39575"},{"taxonomy":"42wp_author","embeddable":true,"href":"https:\/\/grandepremio.com\/es\/wp-json\/wp\/v2\/42wp_author?post=39575"}],"curies":[{"name":"wp","href":"https:\/\/api.w.org\/{rel}","templated":true}]}}