{"id":39592,"date":"2026-08-29T08:15:20","date_gmt":"2026-08-29T11:15:20","guid":{"rendered":"https:\/\/grandepremio.com\/es\/?p=39592"},"modified":"2026-08-29T08:20:42","modified_gmt":"2026-08-29T11:20:42","slug":"norris-refuerza-alianza-extiende-mclaren-formula-1","status":"publish","type":"post","link":"https:\/\/grandepremio.com\/es\/f1\/norris-refuerza-alianza-extiende-mclaren-formula-1\/","title":{"rendered":"Norris refuerza su exitosa alianza y extiende su contrato con McLaren en la F\u00f3rmula 1 hasta 2030"},"content":{"rendered":"\n<p class=\"wp-block-paragraph\">Habr\u00e1 <strong>Lando Norris<\/strong> para rato. Es que <strong>McLaren <\/strong>despej\u00f3 cualquier duda y anunci\u00f3 este s\u00e1bado la continuidad del campe\u00f3n del mundo de <strong>F\u00f3rmula 1<\/strong> hasta 2030, como m\u00ednimo, ya que se ha contemplado una clausula de extensi\u00f3n por varios a\u00f1os m\u00e1s.<\/p>\n\n\n\n<p class=\"wp-block-paragraph\">\ud83d\udfe5&nbsp;<strong><em>\u00a1Todas las novedades te esperan en el canal de&nbsp;<\/em><\/strong><a href=\"https:\/\/www.youtube.com\/@GrandePremioES\"><em>YouTube<\/em><\/a><strong><em>&nbsp;de Grande Pr\u00eamio en Espa\u00f1ol!<\/em><\/strong>&nbsp;\ud83d\udfe8<\/p>\n\n\n\n<p class=\"wp-block-paragraph\">Norris ten\u00eda un contrato hasta finales del a\u00f1o que viene, pero el equipo activ\u00f3 las negociaciones para asegurarse la continuidad de su piloto, que tendr\u00e1 31 a\u00f1os cuando termine su extensi\u00f3n del v\u00ednculo y 12 temporadas como piloto de la estructura de <em>Woking<\/em>. La alianza entre las partes se remonta al 2017, cuando Lando ya despuntaba en las categor\u00edas junior de monoplazas y se uni\u00f3 al programa de pilotos de desarrollo, luego fue confirmado como piloto oficial dos a\u00f1os despu\u00e9s.<\/p>\n\n\n\n<p class=\"wp-block-paragraph\"><strong>\u201cMcLaren es mi casa, y estoy muy contento de firmar un nuevo contrato que me mantendr\u00e1 en el equipo al menos hasta 2030. Cuando comenc\u00e9 esta aventura hace nueve a\u00f1os, ten\u00eda claros los objetivos que quer\u00eda alcanzar: devolver a McLaren a la cima y ganar campeonatos. Logramos ese objetivo, pero queremos seguir ganando y sabemos, como equipo, que somos capaces de conseguirlo\u201d,<\/strong> declar\u00f3 Lando.<\/p>\n\n\n\n<figure class=\"wp-block-embed is-type-video is-provider-youtube wp-block-embed-youtube wp-embed-aspect-16-9 wp-has-aspect-ratio\"><div class=\"wp-block-embed__wrapper\">\n<iframe loading=\"lazy\" title=\"COLAPINTO RENUEVA CON ALPINE PARA 2027\" width=\"500\" height=\"281\" src=\"https:\/\/www.youtube.com\/embed\/HvUBP_HOB-Q?feature=oembed\" frameborder=\"0\" allow=\"accelerometer; autoplay; clipboard-write; encrypted-media; gyroscope; picture-in-picture; web-share\" referrerpolicy=\"strict-origin-when-cross-origin\" allowfullscreen><\/iframe>\n<\/div><\/figure>\n\n\n\n<p class=\"wp-block-paragraph\">El campe\u00f3n del mundo, que gan\u00f3 la semana pasada en Zandvoort, ya suma 13 victorias, 18 poles y 48 podios en 163 carreras en la F\u00f3rmula 1. Con estos n\u00fameros, el brit\u00e1nico es el piloto que m\u00e1s competencias particip\u00f3 con <strong>McLaren <\/strong>en la categor\u00eda. Adem\u00e1s, se le obsequiar\u00e1 como parte de la renovaci\u00f3n el MCL39, el auto con el que bati\u00f3 a <strong>Max Verstappen<\/strong> por el t\u00edtulo de la temporada 2025<\/p>\n\n\n\n<p class=\"wp-block-paragraph\"><strong>Zak Brown, <\/strong>el CEO de McLaren, celebr\u00f3 la renovaci\u00f3n de su piloto: <strong>\u201cMe complace enormemente firmar un nuevo contrato con Lando [Norris], extendiendo su compromiso con McLaren al menos hasta 2030. Su trayectoria con el equipo es un ejemplo fant\u00e1stico de nuestro compromiso con la identificaci\u00f3n, el desarrollo y el apoyo de talentos de primer nivel, y sus logros hablan por s\u00ed solos\u201d.<\/strong><\/p>\n\n\n\n<p class=\"wp-block-paragraph\"><strong>\u201cJunto con Andrea [Stella], Oscar [Piastri] y todo el equipo, Lando ayud\u00f3 a McLaren a entrar en una nueva era de \u00e9xitos, llev\u00e1ndonos desde la parte trasera de la parrilla a ganar dos t\u00edtulos consecutivos de Constructores en 2024 y 2025, as\u00ed como nuestro primer Campeonato Mundial de Pilotos en 17 a\u00f1os. Estamos muy ilusionados con lo que nos depara el futuro y totalmente concentrados en seguir compitiendo por victorias y campeonatos\u201d<\/strong>, a\u00f1adi\u00f3.<\/p>\n\n\n\n<figure class=\"wp-block-image size-large\"><img loading=\"lazy\" decoding=\"async\" width=\"1024\" height=\"819\" src=\"https:\/\/grandepremio.com\/es\/wp-content\/uploads\/2026\/08\/f1-2026-paises-baixos-corrida-mclaren-lando-norris-03-1024x819.jpg\" alt=\"F1 2026, PAISES BAIXOS, CORRIDA, MCLAREN, LANDO NORRIS\" class=\"wp-image-1020312963\" srcset=\"https:\/\/grandepremio.com\/wp-content\/uploads\/2026\/08\/f1-2026-paises-baixos-corrida-mclaren-lando-norris-03-1024x819.jpg 1024w, https:\/\/grandepremio.com\/wp-content\/uploads\/2026\/08\/f1-2026-paises-baixos-corrida-mclaren-lando-norris-03-300x240.jpg 300w, https:\/\/grandepremio.com\/wp-content\/uploads\/2026\/08\/f1-2026-paises-baixos-corrida-mclaren-lando-norris-03-768x614.jpg 768w, https:\/\/grandepremio.com\/wp-content\/uploads\/2026\/08\/f1-2026-paises-baixos-corrida-mclaren-lando-norris-03-1536x1229.jpg 1536w, https:\/\/grandepremio.com\/wp-content\/uploads\/2026\/08\/f1-2026-paises-baixos-corrida-mclaren-lando-norris-03-2048x1638.jpg 2048w, https:\/\/grandepremio.com\/wp-content\/uploads\/2026\/08\/f1-2026-paises-baixos-corrida-mclaren-lando-norris-03-150x120.jpg 150w\" sizes=\"(max-width: 1024px) 100vw, 1024px\" \/><figcaption class=\"wp-element-caption\">Hace seis d\u00edas, Lando Norris ganaba en Zandvoort y hoy extendi\u00f3 su contrato. Foto: Gabriel L\u00f3pez\/Grande Pr\u00eamio<\/figcaption><\/figure>\n\n\n\n<p class=\"wp-block-paragraph\"><strong>Andrea Stella<\/strong>, el jefe del equipo, tambi\u00e9n elogi\u00f3 a Norris por seguir con ellos: <strong>\u201cLando [Norris] ha sido una pieza fundamental en la trayectoria y el \u00e9xito de McLaren durante los \u00faltimos nueve a\u00f1os, y estamos muy contentos de continuar nuestra colaboraci\u00f3n con \u00e9l al menos hasta 2030. Es un piloto excepcional, que combina una impresionante velocidad natural con madurez, consistencia y un fuerte compromiso con McLaren; pero, sobre todo, es una persona especial, valorada por todos en el equipo\u201d.<\/strong><\/p>\n\n\n\n<p class=\"wp-block-paragraph\">\u23e9&nbsp;<strong><em>\u00a1Seguinos en redes por&nbsp;<\/em><\/strong><a href=\"https:\/\/twitter.com\/grandepremioES\"><em>Twitter&nbsp;<\/em><\/a><strong><em>e&nbsp;<\/em><\/strong><a href=\"https:\/\/www.instagram.com\/grandepremioes\/\"><em>Instagram!<br><\/em><\/a>\u23e9&nbsp;<strong><em>Adem\u00e1s, tenemos nuestro&nbsp;<\/em><\/strong><a href=\"https:\/\/whatsapp.com\/channel\/0029VaDZ5zb0gcfDxuwxBM05\"><em>canal de Whatsapp<\/em><\/a><strong><em>&nbsp;con toda la informaci\u00f3n al instante<\/em><\/strong>&nbsp;\ud83c\udfc1<\/p>\n\n\n\n<p class=\"wp-block-paragraph\">La F\u00f3rmula 1 regresar\u00e1 la semana que viene, entre el 4 y el 6 de septiembre, con el Gran Premio de Italia a disputarse en el circuito de Monza.<\/p>\n","protected":false},"excerpt":{"rendered":"<p>El actual campe\u00f3n del mundo de la F\u00f3rmula 1 fue anunciado este s\u00e1bado por el equipo McLaren en una extensi\u00f3n de contrato por varios a\u00f1os, hasta 2030, por lo que podr\u00eda completar 12 temporadas consecutivas con el equipo \u201cpapaya\u201d.<\/p>\n","protected":false},"author":31,"featured_media":1020312970,"comment_status":"closed","ping_status":"closed","sticky":false,"template":"","format":"standard","meta":{"42wp_featured_image_caption":"Lando Norris. Foto: Gabriel L\u00f3pez\/Grande Pr\u00eamio","42wp_featured_image_credits":"","42wp_featured_video":"","42wp_featured_image_hidden":false,"42wp_authors_list":[{"id":14237,"location":"de Buenos Aires"}],"footnotes":""},"categories":[5],"tags":[179,268,269],"42wp_author":[14237],"class_list":["post-39592","post","type-post","status-publish","format-standard","has-post-thumbnail","hentry","category-f1","tag-formula-1","tag-lando-norris","tag-mclaren","42wp_author-gabriel-garcia"],"_links":{"self":[{"href":"https:\/\/grandepremio.com\/es\/wp-json\/wp\/v2\/posts\/39592","targetHints":{"allow":["GET"]}}],"collection":[{"href":"https:\/\/grandepremio.com\/es\/wp-json\/wp\/v2\/posts"}],"about":[{"href":"https:\/\/grandepremio.com\/es\/wp-json\/wp\/v2\/types\/post"}],"author":[{"embeddable":true,"href":"https:\/\/grandepremio.com\/es\/wp-json\/wp\/v2\/users\/31"}],"replies":[{"embeddable":true,"href":"https:\/\/grandepremio.com\/es\/wp-json\/wp\/v2\/comments?post=39592"}],"version-history":[{"count":5,"href":"https:\/\/grandepremio.com\/es\/wp-json\/wp\/v2\/posts\/39592\/revisions"}],"predecessor-version":[{"id":39597,"href":"https:\/\/grandepremio.com\/es\/wp-json\/wp\/v2\/posts\/39592\/revisions\/39597"}],"wp:featuredmedia":[{"embeddable":true,"href":"https:\/\/grandepremio.com\/es\/wp-json\/wp\/v2\/media\/1020312970"}],"wp:attachment":[{"href":"https:\/\/grandepremio.com\/es\/wp-json\/wp\/v2\/media?parent=39592"}],"wp:term":[{"taxonomy":"category","embeddable":true,"href":"https:\/\/grandepremio.com\/es\/wp-json\/wp\/v2\/categories?post=39592"},{"taxonomy":"post_tag","embeddable":true,"href":"https:\/\/grandepremio.com\/es\/wp-json\/wp\/v2\/tags?post=39592"},{"taxonomy":"42wp_author","embeddable":true,"href":"https:\/\/grandepremio.com\/es\/wp-json\/wp\/v2\/42wp_author?post=39592"}],"curies":[{"name":"wp","href":"https:\/\/api.w.org\/{rel}","templated":true}]}}