{"id":39598,"date":"2026-08-29T09:06:52","date_gmt":"2026-08-29T12:06:52","guid":{"rendered":"https:\/\/grandepremio.com\/es\/?p=39598"},"modified":"2026-08-29T09:06:53","modified_gmt":"2026-08-29T12:06:53","slug":"bezzecchi-supera-marc-marquez-pole-motogp-aragon-martin","status":"publish","type":"post","link":"https:\/\/grandepremio.com\/es\/motogp\/bezzecchi-supera-marc-marquez-pole-motogp-aragon-martin\/","title":{"rendered":"Bezzecchi supera a Marc M\u00e1rquez y consigue la pole en MotoGP para el GP de Arag\u00f3n; Mart\u00edn, 5\u00b0"},"content":{"rendered":"\n<p class=\"wp-block-paragraph\"><strong>MotoGP <\/strong>comenz\u00f3 con su actividad del s\u00e1bado con una temperatura de 23 grados cent\u00edgrados y de 31 en la pista, con vientos de 4 km\/h y una humedad del 44 % para la definici\u00f3n de la grilla de salida para el fin de semana del <strong>GP de Arag\u00f3n<\/strong>. La primera sesi\u00f3n del d\u00eda fue la FP2 con 30 minutos para los pilotos con neum\u00e1ticos medios delanteros y blandos traseros.<\/p>\n\n\n\n<p class=\"wp-block-paragraph\">Aunque <strong>Marc M\u00e1rquez<\/strong> se puso primero con 1:46.448 batiendo el tiempo previo de <strong>Marco Bezzecchi<\/strong>, los ajustes le permitieron al italiano mejorar aun m\u00e1s su tiempo a 1:46.216 para ser el m\u00e1s r\u00e1pido de todos, como ayer en los entrenamientos, y convertirse en el principal rival del espa\u00f1ol en la pista del Motorland<\/p>\n\n\n\n<p class=\"wp-block-paragraph\"><strong><u>Q1: Bagnaia y Moreira pasan a la Q2<\/u><\/strong><\/p>\n\n\n\n<figure class=\"wp-block-video\"><video class=\"video-js vjs-big-play-centered\" data-gp-vjs=\"1\" controls src=\"https:\/\/grandepremio-portal.b-cdn.net\/2026\/08\/diogo-moreira-queda-motogp-aragao.mp4\"><\/video><figcaption class=\"wp-element-caption\">Moreira se cae pero pasa a la Q2 en Arag\u00f3n (V\u00eddeo: MotoGP)<\/figcaption><\/figure>\n\n\n\n<p class=\"wp-block-paragraph\">La Q1 comenz\u00f3 con una intensa batalla por los dos puestos en la Q2, reuniendo nombres como Fabio Quartararo, <strong>Francesco Bagnaia<\/strong>, Luca Marini, Joan Mir y <strong>Diogo Moreira<\/strong>, quien marc\u00f3 la primera referencia en 1:45.841. Tras los ajustes en la zona de boxes, Bagnaia mejor\u00f3 el tiempo de Moreira en 1:45.820, y justo despu\u00e9s el brasile\u00f1o se cay\u00f3 al piso y puso en riesgo su pase a la siguiente ronda clasificatoria.<\/p>\n\n\n\n<p class=\"wp-block-paragraph\">Si bien Joan Mir presion\u00f3 hasta el final para poder desbancar a Moreira, lo cierto es que Pecco y Diogo fueron los pilotos que avanzaron para unirse a los diez mejores de la tarde del viernes y luchar por la pole.<\/p>\n\n\n\n<p class=\"wp-block-paragraph\"><strong>Q2: Bezzecchi sigue imparable y bate a M\u00e1rquez por la pole<\/strong><\/p>\n\n\n\n<figure class=\"wp-block-image size-large\"><img loading=\"lazy\" decoding=\"async\" width=\"1024\" height=\"640\" src=\"https:\/\/grandepremio.com\/es\/wp-content\/uploads\/2026\/08\/1-55493342448_7832254257_h-1024x640.webp\" alt=\"\" class=\"wp-image-1020313121\" srcset=\"https:\/\/grandepremio.com\/wp-content\/uploads\/2026\/08\/1-55493342448_7832254257_h-1024x640.webp 1024w, https:\/\/grandepremio.com\/wp-content\/uploads\/2026\/08\/1-55493342448_7832254257_h-300x188.webp 300w, https:\/\/grandepremio.com\/wp-content\/uploads\/2026\/08\/1-55493342448_7832254257_h-768x480.webp 768w, https:\/\/grandepremio.com\/wp-content\/uploads\/2026\/08\/1-55493342448_7832254257_h-150x94.webp 150w, https:\/\/grandepremio.com\/wp-content\/uploads\/2026\/08\/1-55493342448_7832254257_h.webp 1233w\" sizes=\"(max-width: 1024px) 100vw, 1024px\" \/><figcaption class=\"wp-element-caption\">Marc M\u00e1rquez (Foto: Michelin)<\/figcaption><\/figure>\n\n\n\n<p class=\"wp-block-paragraph\">Con seis <strong>Ducati<\/strong>, tres <strong>Aprilia<\/strong>, dos Honda y una KTM, comenzaba la lucha por la pole en Arag\u00f3n. Bezzecchi se coloc\u00f3 primero con 1:44.984, batiendo a M\u00e1rquez por 0.152s. Tras los ajustes realizados en las motos, las \u00faltimas vueltas vieron al piloto oficial de Aprilia mejorar un poco m\u00e1s su tiempo y, as\u00ed, asegurarse la pole por 0.089s sobre M\u00e1rquez.<\/p>\n\n\n\n<p class=\"wp-block-paragraph\">Bezzecchi estableci\u00f3 1:44.962 para la pole, Marc fue segundo y <strong>\u00c1lex M\u00e1rquez<\/strong> los acompa\u00f1ar\u00e1 en las dos carreras en la primera fila. Ra\u00fal Fern\u00e1ndez fue cuarto con la Aprilia del equipo Trackhouse, a 0.413s y Jorge Mart\u00edn, l\u00edder del campeonato, finaliz\u00f3 quinto a casi medio segundo de su compa\u00f1ero de equipo.<\/p>\n\n\n\n<p class=\"wp-block-paragraph\">Pedro Acosta, Fabio Di Giannantonio, Francesco Bagnaia, Johann Zarco, que fue top diez ayer y hoy, Moreira, Ferm\u00edn Aldeguer y Franco Morbidelli completaron la n\u00f3mina de participantes de la Q2.<\/p>\n\n\n\n<p class=\"wp-block-paragraph\">\u23e9&nbsp;<strong><em>\u00a1Seguinos en redes por&nbsp;<\/em><\/strong><a href=\"https:\/\/twitter.com\/grandepremioES\"><em>Twitter&nbsp;<\/em><\/a><strong><em>e&nbsp;<\/em><\/strong><a href=\"https:\/\/www.instagram.com\/grandepremioes\/\"><em>Instagram!<br><\/em><\/a>\u23e9&nbsp;<strong><em>Adem\u00e1s, tenemos nuestro&nbsp;<\/em><\/strong><a href=\"https:\/\/whatsapp.com\/channel\/0029VaDZ5zb0gcfDxuwxBM05\"><em>canal de Whatsapp<\/em><\/a><strong><em>&nbsp;con toda la informaci\u00f3n al instante<\/em><\/strong>&nbsp;\ud83c\udfc1<\/p>\n\n\n\n<p class=\"wp-block-paragraph\">MotoGP vuelve a la pista de Arag\u00f3n este mismo s\u00e1bado desde las 10:00, hora de Buenos Aires, para correr la carrera sprint del fin de semana, que entregar\u00e1 puntos a los nueve primeros colocados.<\/p>\n\n\n\n<h2 class=\"wp-block-heading\"><strong>MotoGP 2026<\/strong>-Clasificaci\u00f3n-GP de Arag\u00f3n:<\/h2>\n\n\n\n<figure class=\"wp-block-table\"><table class=\"has-fixed-layout\"><tbody><tr><td>POS<\/td><td>Piloto<\/td><td>Equipo<\/td><td>Tiempo<\/td><td>\u00a0Dif<\/td><\/tr><tr><td>1<\/td><td>M BEZZECCHI<\/td><td>Aprilia<\/td><td>1:44.962<\/td><td>&nbsp;<\/td><\/tr><tr><td>2<\/td><td>M M\u00c1RQUEZ<\/td><td>Ducati<\/td><td>1:45.051<\/td><td>+0.089<\/td><\/tr><tr><td>3<\/td><td>A M\u00c1RQUEZ<\/td><td>Gresini Ducati<\/td><td>1:45.261<\/td><td>+0.299<\/td><\/tr><tr><td>4<\/td><td>R FERN\u00c1NDEZ<\/td><td>Trackhouse Aprilia<\/td><td>1:45.375<\/td><td>+0.413<\/td><\/tr><tr><td>5<\/td><td>J MART\u00cdN<\/td><td>Aprilia<\/td><td>1:45.436<\/td><td>+0.474<\/td><\/tr><tr><td>6<\/td><td>P ACOSTA<\/td><td>KTM<\/td><td>1:45.555<\/td><td>+0.593<\/td><\/tr><tr><td>7<\/td><td>F DI GIANNANTONIO<\/td><td>VR46 Ducati<\/td><td>1:45.615<\/td><td>+0.653<\/td><\/tr><tr><td>8<\/td><td>F BAGNAIA<\/td><td>Ducati<\/td><td>1:45.671<\/td><td>+0.709<\/td><\/tr><tr><td>9<\/td><td>J ZARCO<\/td><td>LCR Honda<\/td><td>1:45.783<\/td><td>+0.821<\/td><\/tr><tr><td>10<\/td><td>D MOREIRA<\/td><td>LCR Honda<\/td><td>1:45.802<\/td><td>+0.840<\/td><\/tr><tr><td>11<\/td><td>F ALDEGUER<\/td><td>Gresini Ducati<\/td><td>1:45.892<\/td><td>+0.930<\/td><\/tr><tr><td>12<\/td><td>F MORBIDELLI<\/td><td>VR46 Ducati<\/td><td>1:45.919<\/td><td>+0.957<\/td><\/tr><tr><td>13<\/td><td>J MILLER<\/td><td>Pramac Yamaha<\/td><td>1:45.959<\/td><td>+0.997<\/td><\/tr><tr><td>14<\/td><td>B BINDER<\/td><td>KTM<\/td><td>1:45.998<\/td><td>+1.036<\/td><\/tr><tr><td>15<\/td><td>J MIR<\/td><td>Honda<\/td><td>1:46.026<\/td><td>+1.064<\/td><\/tr><tr><td>16<\/td><td>E BASTIANINI<\/td><td>Tech3 KTM<\/td><td>1:46.096<\/td><td>+1.134<\/td><\/tr><tr><td>17<\/td><td>F QUARTARARO<\/td><td>Yamaha<\/td><td>1:46.131<\/td><td>+1.169<\/td><\/tr><tr><td>18<\/td><td>L MARINI<\/td><td>Honda<\/td><td>1:46.211<\/td><td>+1.249<\/td><\/tr><tr><td>19<\/td><td>A RINS<\/td><td>Yamaha<\/td><td>1:46.322<\/td><td>+1.360<\/td><\/tr><tr><td>20<\/td><td>P ESPARGAR\u00d3<\/td><td>Tech3 KTM<\/td><td>1:46.384<\/td><td>+1.422<\/td><\/tr><tr><td>21<\/td><td>T RAZGATLIOGLU<\/td><td>Pramac Yamaha<\/td><td>1:46.549<\/td><td>+1.587<\/td><\/tr><tr><td>22<\/td><td>L SAVADORI<\/td><td>Trackhouse Aprilia<\/td><td>1:47.388<\/td><td>+2.426<\/td><\/tr><\/tbody><\/table><\/figure>\n\n\n\n<h2 class=\"wp-block-heading\">MotoGP 2026, GP de Arag\u00e3o, MotorLand, Hor\u00e1rios:<\/h2>\n\n\n\n<h2 class=\"wp-block-heading\">Hor\u00e1rios do Brasil*<\/h2>\n\n\n\n<h3 class=\"wp-block-heading\">S\u00e1bado:<\/h3>\n\n\n\n<ul id=\"block-258bc9b4-c437-4672-8998-29c74f5688c9\" class=\"wp-block-list\">\n<li>Copa do Mundo de Harley-Davidson Bagger \u2013 Classifica\u00e7\u00e3o: 7h10<\/li>\n\n\n\n<li>Moto3 \u2013 Q1: 7h45 \ud83d\udcfa<\/li>\n\n\n\n<li>Moto3 \u2013 Q2: 8h10 \ud83d\udcfa<\/li>\n\n\n\n<li>Moto2 \u2013 Q1: 8h40 \ud83d\udcfa<\/li>\n\n\n\n<li>Moto2 \u2013 Q2: 9h05 \ud83d\udcfa<\/li>\n\n\n\n<li>MotoGP \u2013 Sprint (11 voltas): 10h \ud83d\udcfa<\/li>\n\n\n\n<li>Copa do Mundo de Harley-Davidson Baggers \u2013 Corrida 1 (8 voltas): 11h10 \ud83d\udcfa<\/li>\n<\/ul>\n\n\n\n<h3 class=\"wp-block-heading\">Domingo:<\/h3>\n\n\n\n<ul id=\"block-2d527b67-381e-45bc-94b8-c58c84bff551\" class=\"wp-block-list\">\n<li>Copa do Mundo de Harley-Davidson Baggers \u2013 Corrida 2 (8 voltas): 3h55 \ud83d\udcfa<\/li>\n\n\n\n<li>MotoGP \u2013 Warm-up: 4h40<\/li>\n\n\n\n<li>Moto3 \u2013 GP (17 voltas): 6h \ud83d\udcfa<\/li>\n\n\n\n<li>Moto2 \u2013 GP (19 voltas): 7h15 \ud83d\udcfa<\/li>\n\n\n\n<li>MotoGP \u2013 GP (23 voltas): 9h \ud83d\udcfa<\/li>\n<\/ul>\n\n\n\n<h2 class=\"wp-block-heading\">Hor\u00e1rios de Portugal*<\/h2>\n\n\n\n<h3 class=\"wp-block-heading\">S\u00e1bado:<\/h3>\n\n\n\n<ul id=\"block-258bc9b4-c437-4672-8998-29c74f5688c9\" class=\"wp-block-list\">\n<li>Copa do Mundo de Harley-Davidson Bagger \u2013 Classifica\u00e7\u00e3o: 11h10\ud83d\udcfa<\/li>\n\n\n\n<li>Moto3 \u2013 Q1: 11h45 \ud83d\udcfa<\/li>\n\n\n\n<li>Moto3 \u2013 Q2: 12h10 \ud83d\udcfa<\/li>\n\n\n\n<li>Moto2 \u2013 Q1: 12h40 \ud83d\udcfa<\/li>\n\n\n\n<li>Moto2 \u2013 Q2: 13h05 \ud83d\udcfa<\/li>\n\n\n\n<li>MotoGP \u2013 Sprint (11 voltas): 14h \ud83d\udcfa<\/li>\n\n\n\n<li>Copa do Mundo de Harley-Davidson Baggers \u2013 Corrida 1 (8 voltas): 15h10 \ud83d\udcfa<\/li>\n<\/ul>\n\n\n\n<h3 class=\"wp-block-heading\">Domingo:<\/h3>\n\n\n\n<ul id=\"block-2d527b67-381e-45bc-94b8-c58c84bff551\" class=\"wp-block-list\">\n<li>Copa do Mundo de Harley-Davidson Baggers \u2013 Corrida 2 (8 voltas): 7h55 \ud83d\udcfa<\/li>\n\n\n\n<li>MotoGP \u2013 Warm-up: 8h40\ud83d\udcfa<\/li>\n\n\n\n<li>Moto3 \u2013 GP (17 voltas): 10h \ud83d\udcfa<\/li>\n\n\n\n<li>Moto2 \u2013 GP (19 voltas): 11h15 \ud83d\udcfa<\/li>\n\n\n\n<li>MotoGP \u2013 GP (23 voltas): 13h \ud83d\udcfa<\/li>\n<\/ul>\n","protected":false},"excerpt":{"rendered":"<p>Marco Bezzecchi confirm\u00f3 la fortaleza que demostr\u00f3 el viernes en los entrenamientos para asegurar la primera posici\u00f3n en la clasificaci\u00f3n del Gran Premio de Arag\u00f3n y ser el principal rival de Marc M\u00e1rquez este fin de semana. <\/p>\n","protected":false},"author":31,"featured_media":1020313187,"comment_status":"closed","ping_status":"closed","sticky":false,"template":"","format":"standard","meta":{"42wp_featured_image_caption":"Marco Bezzecchi bati\u00f3 a Marc M\u00e1rquez por la pole en Arag\u00f3n. (Foto: MotoGP)","42wp_featured_image_credits":"","42wp_featured_video":"","42wp_featured_image_hidden":false,"42wp_authors_list":[{"id":14237,"location":"de Buenos Aires"}],"footnotes":""},"categories":[8],"tags":[1571,1392,1615,1293],"42wp_author":[14237],"class_list":["post-39598","post","type-post","status-publish","format-standard","has-post-thumbnail","hentry","category-motogp","tag-gp-de-aragon","tag-marc-marquez-2","tag-marco-bezzecchi","tag-motogp","42wp_author-gabriel-garcia"],"_links":{"self":[{"href":"https:\/\/grandepremio.com\/es\/wp-json\/wp\/v2\/posts\/39598","targetHints":{"allow":["GET"]}}],"collection":[{"href":"https:\/\/grandepremio.com\/es\/wp-json\/wp\/v2\/posts"}],"about":[{"href":"https:\/\/grandepremio.com\/es\/wp-json\/wp\/v2\/types\/post"}],"author":[{"embeddable":true,"href":"https:\/\/grandepremio.com\/es\/wp-json\/wp\/v2\/users\/31"}],"replies":[{"embeddable":true,"href":"https:\/\/grandepremio.com\/es\/wp-json\/wp\/v2\/comments?post=39598"}],"version-history":[{"count":5,"href":"https:\/\/grandepremio.com\/es\/wp-json\/wp\/v2\/posts\/39598\/revisions"}],"predecessor-version":[{"id":39611,"href":"https:\/\/grandepremio.com\/es\/wp-json\/wp\/v2\/posts\/39598\/revisions\/39611"}],"wp:featuredmedia":[{"embeddable":true,"href":"https:\/\/grandepremio.com\/es\/wp-json\/wp\/v2\/media\/1020313187"}],"wp:attachment":[{"href":"https:\/\/grandepremio.com\/es\/wp-json\/wp\/v2\/media?parent=39598"}],"wp:term":[{"taxonomy":"category","embeddable":true,"href":"https:\/\/grandepremio.com\/es\/wp-json\/wp\/v2\/categories?post=39598"},{"taxonomy":"post_tag","embeddable":true,"href":"https:\/\/grandepremio.com\/es\/wp-json\/wp\/v2\/tags?post=39598"},{"taxonomy":"42wp_author","embeddable":true,"href":"https:\/\/grandepremio.com\/es\/wp-json\/wp\/v2\/42wp_author?post=39598"}],"curies":[{"name":"wp","href":"https:\/\/api.w.org\/{rel}","templated":true}]}}