{"id":39599,"date":"2026-08-29T08:41:15","date_gmt":"2026-08-29T11:41:15","guid":{"rendered":"https:\/\/grandepremio.com\/es\/?p=39599"},"modified":"2026-08-29T09:30:27","modified_gmt":"2026-08-29T12:30:27","slug":"almansa-bate-morelli-pole-moto3-aragon-perrone","status":"publish","type":"post","link":"https:\/\/grandepremio.com\/es\/motogp\/almansa-bate-morelli-pole-moto3-aragon-perrone\/","title":{"rendered":"Almansa bate a Morelli y logra la pole con r\u00e9cord de Moto3 en Arag\u00f3n despu\u00e9s de una ca\u00edda; Perrone es 9\u00b0"},"content":{"rendered":"\n<p class=\"wp-block-paragraph\">Cuando parec\u00eda que <strong>David Almansa<\/strong> se iba a quedar sin nada por una ca\u00edda, \u00e9l mismo levant\u00f3 su moto para lograr la pole de <strong>Moto3<\/strong> y con r\u00e9cord de la pista del Motorland de Arag\u00f3n en 1:56.347 con el que le <em>&#8220;sac\u00f3&#8221;<\/em> la chance a <strong>Marco Morelli<\/strong> de alcanzar su primera pole en la categor\u00eda. El piloto argentino fue segundo y M\u00e1ximo Quiles acab\u00f3 tercero. <\/p>\n\n\n\n<p class=\"wp-block-paragraph\"><strong>Valent\u00edn Perrone<\/strong> tuvo otra buena actuaci\u00f3n y fue noveno con la moto del Tech3, aunque no logr\u00f3 mejorar su tiempo de la primera salida a pusta. Ambos representantes argentinos buscar\u00e1n destacarse en el GP de Arag\u00f3n que se correr\u00e1 ma\u00f1ana. <\/p>\n\n\n\n<p class=\"wp-block-paragraph\">Moto3 volver\u00e1 a pista para disputar la carrera en Arag\u00f3n ma\u00f1ana desde las 6:00, hora de Buenos Aires, y con la cobertura de GRANDE PREMIO en espa\u00f1ol.<\/p>\n\n\n\n<p class=\"wp-block-paragraph\">\u23e9&nbsp;<strong><em>\u00a1Seguinos en redes por&nbsp;<\/em><\/strong><a href=\"https:\/\/twitter.com\/grandepremioES\"><em>Twitter&nbsp;<\/em><\/a><strong><em>e&nbsp;<\/em><\/strong><a href=\"https:\/\/www.instagram.com\/grandepremioes\/\"><em>Instagram!<br><\/em><\/a>\u23e9&nbsp;<strong><em>Adem\u00e1s, tenemos nuestro&nbsp;<\/em><\/strong><a href=\"https:\/\/whatsapp.com\/channel\/0029VaDZ5zb0gcfDxuwxBM05\"><em>canal de Whatsapp<\/em><\/a><strong><em>&nbsp;con toda la informaci\u00f3n al instante<\/em><\/strong>&nbsp;\ud83c\udfc1<\/p>\n\n\n\n<figure class=\"wp-block-image size-large\"><img loading=\"lazy\" decoding=\"async\" width=\"1024\" height=\"683\" src=\"https:\/\/grandepremio.com\/es\/wp-content\/uploads\/2026\/08\/MORELLI-1024x683.jpg\" alt=\"\" class=\"wp-image-1020313205\" srcset=\"https:\/\/grandepremio.com\/wp-content\/uploads\/2026\/08\/MORELLI-1024x683.jpg 1024w, https:\/\/grandepremio.com\/wp-content\/uploads\/2026\/08\/MORELLI-300x200.jpg 300w, https:\/\/grandepremio.com\/wp-content\/uploads\/2026\/08\/MORELLI-768x512.jpg 768w, https:\/\/grandepremio.com\/wp-content\/uploads\/2026\/08\/MORELLI-1536x1025.jpg 1536w, https:\/\/grandepremio.com\/wp-content\/uploads\/2026\/08\/MORELLI-150x100.jpg 150w, https:\/\/grandepremio.com\/wp-content\/uploads\/2026\/08\/MORELLI.jpg 2048w\" sizes=\"(max-width: 1024px) 100vw, 1024px\" \/><figcaption class=\"wp-element-caption\">Marco Morelli (Foto: Aspar)<\/figcaption><\/figure>\n\n\n\n<p class=\"wp-block-paragraph\"><strong>As\u00ed fue la clasificaci\u00f3n de Moto3 en Arag\u00f3n:<\/strong><\/p>\n\n\n\n<p class=\"wp-block-paragraph\">La Q1 comenz\u00f3 con un sol a pleno en el <strong>Motorland<\/strong> de Arag\u00f3n y 12 pilotos buscando los 4 lugares disponibles para pasar a la Q2 de Moto3. <strong>Brian Uriarte<\/strong> marc\u00f3 el mejor tiempo en 1:57.049, escoltado por David Gonz\u00e1lez, Eddie O\u2019Shea y Cormac Buchanan a pocos minutos del final. El piloto espa\u00f1ol sigui\u00f3 de largo cuando quer\u00eda bajar su tiempo y tuvo que abortar el giro veloz.<\/p>\n\n\n\n<p class=\"wp-block-paragraph\">Sobre el final, Joel Esteban desbanc\u00f3 del top cuatro a O\u2019Shea con un tiempo de 1:57.6, y se sum\u00f3 a Uriarte, Gonz\u00e1lez y Buchanan como los que iban a pasar a la segunda parte de la clasificaci\u00f3n. Entre los eliminados se encontraban O\u2019Shea, Ryusei Yamanaka, Scott Ogden y Veda Pratama, que se hab\u00eda destacado en la primera parte del campeonato.<\/p>\n\n\n\n<p class=\"wp-block-paragraph\">Con una temperatura de 27 grados en el ambiente y de 47 en la pista, la Q2 de la categor\u00eda menor del mundial de las dos ruedas comenz\u00f3 sin pilotos en el circuito. Los 18 competidores esperaban en boxes el paso de los minutos con un solo objetivo: salir en grupo y aprovechar la succi\u00f3n. Buchanan fue el primero en salir y, detr\u00e1s de \u00e9l, lo hicieron todos.<\/p>\n\n\n\n<figure class=\"wp-block-image size-large\"><img loading=\"lazy\" decoding=\"async\" width=\"1024\" height=\"683\" src=\"https:\/\/grandepremio.com\/es\/wp-content\/uploads\/2026\/08\/QUILES-1024x683.jpg\" alt=\"\" class=\"wp-image-1020313206\" srcset=\"https:\/\/grandepremio.com\/wp-content\/uploads\/2026\/08\/QUILES-1024x683.jpg 1024w, https:\/\/grandepremio.com\/wp-content\/uploads\/2026\/08\/QUILES-300x200.jpg 300w, https:\/\/grandepremio.com\/wp-content\/uploads\/2026\/08\/QUILES-768x512.jpg 768w, https:\/\/grandepremio.com\/wp-content\/uploads\/2026\/08\/QUILES-1536x1025.jpg 1536w, https:\/\/grandepremio.com\/wp-content\/uploads\/2026\/08\/QUILES-150x100.jpg 150w, https:\/\/grandepremio.com\/wp-content\/uploads\/2026\/08\/QUILES.jpg 2048w\" sizes=\"(max-width: 1024px) 100vw, 1024px\" \/><figcaption class=\"wp-element-caption\">M\u00e1ximo Quiles (Foto: Aspar)<\/figcaption><\/figure>\n\n\n\n<p class=\"wp-block-paragraph\">Uriarte estableci\u00f3 la primera referencia en 1:56.963, <strong>M\u00e1ximo Quiles<\/strong> se puso segundo en una vuelta en solitario, y \u00c1lvaro Carpe era tercero. Valent\u00edn Perrone hizo una vuelta buena para quedar quinto, y Marco Morelli trep\u00f3 hasta el s\u00e9ptimo. Sin embargo, Quiles ten\u00eda otros planes y le baj\u00f3 medio segundo el tiempo a Uriarte en 1:56.390. La diferencia era de 0,573s entre los dos primeros.<\/p>\n\n\n\n<p class=\"wp-block-paragraph\">Gonz\u00e1lez se fue al piso en la curva cinco, causando una breve bandera amarilla, y David Almansa no ten\u00eda tiempos porque se encontr\u00f3 con un sobrepaso de Uriarte, que despu\u00e9s se hab\u00eda puesto primero en la Q2 de manera provisional. El piloto espa\u00f1ol, que ayer hab\u00eda liderado los entrenamientos, se cay\u00f3 en la curva cinco y seis, pero pudo levantar su moto y continuar clasificando.<\/p>\n\n\n\n<p class=\"wp-block-paragraph\">Esteban tambi\u00e9n se cay\u00f3 causando una breve bandera amarilla y solo restaba un minuto para acabar la clasificaci\u00f3n. Los instantes finales fueron muy tensos porque parec\u00eda que Morelli iba a lograr su primera pole en Moto3, pero Almansa ten\u00eda un plan diferente y volvi\u00f3 desde la ca\u00edda para ser el mejor de todos en Arag\u00f3n con un nuevo r\u00e9cord en 1:56.347. Los dos pilotos de Aspar lo escoltaron en un cierre espectacular.<\/p>\n\n\n\n<figure class=\"wp-block-image size-large\"><img loading=\"lazy\" decoding=\"async\" width=\"1024\" height=\"683\" src=\"https:\/\/grandepremio.com\/es\/wp-content\/uploads\/2026\/08\/2026-M3-Perrone-AragonGP-045-1024x683.jpg\" alt=\"\" class=\"wp-image-1020313215\" srcset=\"https:\/\/grandepremio.com\/wp-content\/uploads\/2026\/08\/2026-M3-Perrone-AragonGP-045-1024x683.jpg 1024w, https:\/\/grandepremio.com\/wp-content\/uploads\/2026\/08\/2026-M3-Perrone-AragonGP-045-300x200.jpg 300w, https:\/\/grandepremio.com\/wp-content\/uploads\/2026\/08\/2026-M3-Perrone-AragonGP-045-768x512.jpg 768w, https:\/\/grandepremio.com\/wp-content\/uploads\/2026\/08\/2026-M3-Perrone-AragonGP-045-1536x1024.jpg 1536w, https:\/\/grandepremio.com\/wp-content\/uploads\/2026\/08\/2026-M3-Perrone-AragonGP-045-2048x1365.jpg 2048w, https:\/\/grandepremio.com\/wp-content\/uploads\/2026\/08\/2026-M3-Perrone-AragonGP-045-150x100.jpg 150w\" sizes=\"(max-width: 1024px) 100vw, 1024px\" \/><figcaption class=\"wp-element-caption\">Valent\u00edn Perrone largar\u00e1 este domingo en la tercera fila. (Foto: Tech3)<\/figcaption><\/figure>\n\n\n\n<p class=\"wp-block-paragraph\">Detr\u00e1s de los tres primeros, Matteo Bertelle culmin\u00f3 cuarto, seguido por Adri\u00e1n Cruces y Uriarte, que fue el m\u00e1s veloz de la Q1. Carpe, Adri\u00e1n Fern\u00e1ndez, Perrone, Jes\u00fas R\u00edos, Guido Pini, Rico Salmela, Hakim Danish, O\u2019Gorman, Joel Kelso, Buchanan, Gonz\u00e1lez y Esteban completaron la n\u00f3mina de participantes de esta clasificaci\u00f3n aragonesa.<\/p>\n\n\n\n<p class=\"wp-block-paragraph\"><strong>MOTO3 2026-CLASIFICACI\u00d3N-GP DE ARAG\u00d3N:<\/strong><\/p>\n\n\n\n<figure class=\"wp-block-table\"><table class=\"has-fixed-layout\"><tbody><tr><td>Pos<\/td><td>Piloto<\/td><td>Equipo<\/td><td>Tiempo<\/td><td>Dif<\/td><\/tr><tr><td>1<\/td><td>D ALMANSA<\/td><td>Intact GP KTM <\/td><td>1:56.347<\/td><td>&nbsp;<\/td><\/tr><tr><td>2<\/td><td>M MORELLI <\/td><td>CFMoto Aspar KTM<\/td><td>1:56.380<\/td><td>+0.033<\/td><\/tr><tr><td>3<\/td><td>M QUILES<\/td><td>CFMoto Aspar KTM<\/td><td>1:56.390<\/td><td>+0.043<\/td><\/tr><tr><td>4<\/td><td>M BERTELLE<\/td><td>LevelUp MTA KTM<\/td><td>1:56.606<\/td><td>+0.259<\/td><\/tr><tr><td>5<\/td><td>A CRUCES<\/td><td>CIP Green Power KTM<\/td><td>1:56.613<\/td><td>+0.266<\/td><\/tr><tr><td>6<\/td><td>B URIARTE<\/td><td>Red Bull KTM Ajo<\/td><td>1:56.644<\/td><td>+0.297<\/td><\/tr><tr><td>7<\/td><td>A CARPE<\/td><td>Red Bull KTM Ajo<\/td><td>1:56.670<\/td><td>+0.323<\/td><\/tr><tr><td>8<\/td><td>A FERN\u00c1NDEZ<\/td><td>Leopard Honda<\/td><td>1:56.727<\/td><td>+0.380<\/td><\/tr><tr><td>9<\/td><td>V PERRONE<\/td><td>Red Bull KTM Tech3<\/td><td>1:56.790<\/td><td>+0.443<\/td><\/tr><tr><td>10<\/td><td>J R\u00cdOS<\/td><td>Snipers Team<\/td><td>1:56.838<\/td><td>+0.491<\/td><\/tr><tr><td>11<\/td><td>G PINI<\/td><td>Leopard Honda<\/td><td>1:56.904<\/td><td>+0.557<\/td><\/tr><tr><td>12<\/td><td>R SALMELA<\/td><td>Red Bull KTM Tech3<\/td><td>1:56.969<\/td><td>+0.622<\/td><\/tr><tr><td>13<\/td><td>H DANISH<\/td><td>MSi KTM<\/td><td>1:57.052<\/td><td>+0.705<\/td><\/tr><tr><td>14<\/td><td>C O\u2019GORMAN<\/td><td>Sic58 Honda<\/td><td>1:57.067<\/td><td>+0.720<\/td><\/tr><tr><td>15<\/td><td>J KELSO<\/td><td>Gryd Racing<\/td><td>1:57.130<\/td><td>+0.783<\/td><\/tr><tr><td>16<\/td><td>C BUCHANAN<\/td><td>Code Motorsports KTM<\/td><td>1:57.289<\/td><td>+0.942<\/td><\/tr><tr><td>17<\/td><td>D GONZ\u00c1LEZ<\/td><td>Intact GP KTM<\/td><td>1:57.794<\/td><td>+1.447<\/td><\/tr><tr><td>18<\/td><td>J ESTEBAN<\/td><td>LevelUp MTA KTM<\/td><td>s\/ tempo<\/td><td><\/td><\/tr><tr><td>19<\/td><td>E O\u2019SHEA<\/td><td>Gryd Racing<\/td><td>1:57.716<\/td><td>+1.369<\/td><\/tr><tr><td>20<\/td><td>R YAMANAKA<\/td><td>MSi KTM<\/td><td>1:57.947<\/td><td>+1.600<\/td><\/tr><tr><td>21<\/td><td>S OGDEN<\/td><td>CIP Green Power KTM<\/td><td>1:57.965<\/td><td>+1.618<\/td><\/tr><tr><td>22<\/td><td>V PRATAMA<\/td><td>Honda Team Asia<\/td><td>1:58.041<\/td><td>+1.694<\/td><\/tr><tr><td>23<\/td><td>R MOODLEY<\/td><td>Code Motorsports KTM<\/td><td>1:58.107<\/td><td>+1.760<\/td><\/tr><tr><td>24<\/td><td>L RAMMERSTORFER<\/td><td>Sic58 Honda<\/td><td>1:58.414<\/td><td>+2.067<\/td><\/tr><tr><td>25<\/td><td>Z MITANI<\/td><td>Honda Team Asia<\/td><td>1:58.569<\/td><td>+2.222<\/td><\/tr><tr><td>26<\/td><td>N CARRARO<\/td><td>Snipers Team Honda<\/td><td>1:58.791<\/td><td>+2.444<\/td><\/tr><\/tbody><\/table><\/figure>\n","protected":false},"excerpt":{"rendered":"<p>David Almansa le sac\u00f3 en el ultimo instante lo que hubiera sido la primera pole de Marco Morelli en Moto3 en una agitada clasificaci\u00f3n para el Gran Premio de Arag\u00f3n, que vio al espa\u00f1ol alzarse con la quinta pole del a\u00f1o. Valent\u00edn Perrone mantuvo el nivel del viernes y clasific\u00f3 noveno.<\/p>\n","protected":false},"author":31,"featured_media":1020313207,"comment_status":"closed","ping_status":"closed","sticky":false,"template":"","format":"standard","meta":{"42wp_featured_image_caption":"David Almansa, el poleman en Aragon. (Foto: Intact)","42wp_featured_image_credits":"","42wp_featured_video":"","42wp_featured_image_hidden":false,"42wp_authors_list":[{"id":14237,"location":"de Buenos Aires"}],"footnotes":""},"categories":[8],"tags":[12070,12666,1366,10848],"42wp_author":[14237],"class_list":["post-39599","post","type-post","status-publish","format-standard","has-post-thumbnail","hentry","category-motogp","tag-david-almansa","tag-marco-morelli","tag-moto3","tag-valentin-perrone","42wp_author-gabriel-garcia"],"_links":{"self":[{"href":"https:\/\/grandepremio.com\/es\/wp-json\/wp\/v2\/posts\/39599","targetHints":{"allow":["GET"]}}],"collection":[{"href":"https:\/\/grandepremio.com\/es\/wp-json\/wp\/v2\/posts"}],"about":[{"href":"https:\/\/grandepremio.com\/es\/wp-json\/wp\/v2\/types\/post"}],"author":[{"embeddable":true,"href":"https:\/\/grandepremio.com\/es\/wp-json\/wp\/v2\/users\/31"}],"replies":[{"embeddable":true,"href":"https:\/\/grandepremio.com\/es\/wp-json\/wp\/v2\/comments?post=39599"}],"version-history":[{"count":6,"href":"https:\/\/grandepremio.com\/es\/wp-json\/wp\/v2\/posts\/39599\/revisions"}],"predecessor-version":[{"id":39617,"href":"https:\/\/grandepremio.com\/es\/wp-json\/wp\/v2\/posts\/39599\/revisions\/39617"}],"wp:featuredmedia":[{"embeddable":true,"href":"https:\/\/grandepremio.com\/es\/wp-json\/wp\/v2\/media\/1020313207"}],"wp:attachment":[{"href":"https:\/\/grandepremio.com\/es\/wp-json\/wp\/v2\/media?parent=39599"}],"wp:term":[{"taxonomy":"category","embeddable":true,"href":"https:\/\/grandepremio.com\/es\/wp-json\/wp\/v2\/categories?post=39599"},{"taxonomy":"post_tag","embeddable":true,"href":"https:\/\/grandepremio.com\/es\/wp-json\/wp\/v2\/tags?post=39599"},{"taxonomy":"42wp_author","embeddable":true,"href":"https:\/\/grandepremio.com\/es\/wp-json\/wp\/v2\/42wp_author?post=39599"}],"curies":[{"name":"wp","href":"https:\/\/api.w.org\/{rel}","templated":true}]}}