{"id":39620,"date":"2026-08-29T10:35:40","date_gmt":"2026-08-29T13:35:40","guid":{"rendered":"https:\/\/grandepremio.com\/es\/?p=39620"},"modified":"2026-08-29T10:55:38","modified_gmt":"2026-08-29T13:55:38","slug":"marc-marquez-supera-bezzecchi-triunfa-sprint-aragon-motogp","status":"publish","type":"post","link":"https:\/\/grandepremio.com\/es\/motogp\/marc-marquez-supera-bezzecchi-triunfa-sprint-aragon-motogp\/","title":{"rendered":"Marc M\u00e1rquez supera a Bezzecchi y triunfa en la carrera sprint del GP de Arag\u00f3n de MotoGP"},"content":{"rendered":"\n<p class=\"wp-block-paragraph\">Una vez m\u00e1s, <strong>Marc M\u00e1rquez<\/strong> domin\u00f3 de punta a punta en la carrera sprint de <strong>MotoGP<\/strong> para el <strong>GP de Arag\u00f3n<\/strong>, la 13\u00b0 cita del campeonato 2026, y lider\u00f3 el 1-2 de la familia con su hermano \u00c1lex M\u00e1rquez, y ambos aprovecharon la primera frenada para dejar tercero a <strong>Marco Bezzecchi<\/strong>, el autor de la pole. <\/p>\n\n\n\n<p class=\"wp-block-paragraph\">Pedro Acosta acab\u00f3 cuarto, superando a <strong>Jorge Mart\u00edn <\/strong>en una dura batalla, mientras que Ferm\u00edn Aldeguer regres\u00f3 a pista con un sexto puesto a bordo de la <strong>Ducati <\/strong>del equipo Gresini. Diogo Moreira sum\u00f3 puntos en s\u00e9ptimo, Ra\u00fal Fern\u00e1ndez fue octavo y Johann Zarco aguant\u00f3 toda la carrera y logr\u00f3 un punto con el noveno puesto. Jack Miller termin\u00f3 d\u00e9cimo con la mejor <strong>Yamaha<\/strong>. <\/p>\n\n\n\n<p class=\"wp-block-paragraph\">Tras esta carrera corta, MotoGP disputar\u00e1 ma\u00f1ana la carrera principal del evento aragon\u00e9s desde las 9:00, hora de Buenos Aires, con la cobertura de GRANDE PREMIO en espa\u00f1ol.<\/p>\n\n\n\n<p class=\"wp-block-paragraph\">\u23e9&nbsp;<strong><em>\u00a1Seguinos en redes por&nbsp;<\/em><\/strong><a href=\"https:\/\/twitter.com\/grandepremioES\"><em>Twitter&nbsp;<\/em><\/a><strong><em>e&nbsp;<\/em><\/strong><a href=\"https:\/\/www.instagram.com\/grandepremioes\/\"><em>Instagram!<br><\/em><\/a>\u23e9&nbsp;<strong><em>Adem\u00e1s, tenemos nuestro&nbsp;<\/em><\/strong><a href=\"https:\/\/whatsapp.com\/channel\/0029VaDZ5zb0gcfDxuwxBM05\"><em>canal de Whatsapp<\/em><\/a><strong><em>&nbsp;con toda la informaci\u00f3n al instante<\/em><\/strong>&nbsp;\ud83c\udfc1<\/p>\n\n\n\n<figure class=\"wp-block-image size-large\"><img loading=\"lazy\" decoding=\"async\" width=\"1024\" height=\"683\" src=\"https:\/\/grandepremio.com\/es\/wp-content\/uploads\/2026\/08\/AFP__20260829__C6TC7Q6__v1__MidRes__MotoPrixEspSprint-1024x683.jpg\" alt=\"\" class=\"wp-image-1020313248\" srcset=\"https:\/\/grandepremio.com\/wp-content\/uploads\/2026\/08\/AFP__20260829__C6TC7Q6__v1__MidRes__MotoPrixEspSprint-1024x683.jpg 1024w, https:\/\/grandepremio.com\/wp-content\/uploads\/2026\/08\/AFP__20260829__C6TC7Q6__v1__MidRes__MotoPrixEspSprint-300x200.jpg 300w, https:\/\/grandepremio.com\/wp-content\/uploads\/2026\/08\/AFP__20260829__C6TC7Q6__v1__MidRes__MotoPrixEspSprint-768x512.jpg 768w, https:\/\/grandepremio.com\/wp-content\/uploads\/2026\/08\/AFP__20260829__C6TC7Q6__v1__MidRes__MotoPrixEspSprint-150x100.jpg 150w, https:\/\/grandepremio.com\/wp-content\/uploads\/2026\/08\/AFP__20260829__C6TC7Q6__v1__MidRes__MotoPrixEspSprint.jpg 1200w\" sizes=\"(max-width: 1024px) 100vw, 1024px\" \/><figcaption class=\"wp-element-caption\">Marc M\u00e1rquez y \u00c1lex M\u00e1rquez celebran el 1-2 en la carrera corta de Arag\u00f3n (Foto: AFP)<\/figcaption><\/figure>\n\n\n\n<p class=\"wp-block-paragraph\"><strong><u>As\u00ed se desarroll\u00f3 la carrera sprint de MotoGP en Alca\u00f1iz:<\/u><\/strong><\/p>\n\n\n\n<p class=\"wp-block-paragraph\">MotoGP cerr\u00f3 el s\u00e1bado con la disputa de la carrera sprint en el circuito de <strong>Motorland <\/strong>en Alcaniz, donde se present\u00f3 un d\u00eda a pleno sol, caluroso y sin nubes. Marco Bezzecchi hab\u00eda logrado la pole hoy m\u00e1s temprano y tenia nada menos que a los hermanos Marc y \u00c1lex M\u00e1rquez acompa\u00f1\u00e1ndolo en la primera fila de la grilla.<\/p>\n\n\n\n<p class=\"wp-block-paragraph\">Aunque el italiano movi\u00f3 bien, Marc M\u00e1rquez encabezaba la carrera en el inicio y seguido de cerca por \u00c1lex. Marco cay\u00f3 al tercer puesto, mientras que <strong>Luca Marini<\/strong> se fue al suelo en la curva siete durante el giro inicial de la competencia. Pedro Acosta aprovech\u00f3 una mala maniobra de Jorge Mart\u00edn y super\u00f3 al l\u00edder del campeonato y adelant\u00f3 con el motor de la <strong>KTM <\/strong>a Ra\u00fal Fern\u00e1ndez con la <strong>Aprilia<\/strong>.<\/p>\n\n\n\n<p class=\"wp-block-paragraph\">Los M\u00e1rquez estaban liderando al cabo de la primera vuelta, Bezzecchi era tercero, con Acosta en cuarto, Mart\u00edn quinto y Fern\u00e1ndez en sexta posici\u00f3n. <strong>Fabio Di Giannantonio<\/strong> se cay\u00f3 en la \u00faltima curva y perdi\u00f3 chances de poder seguir sumando puntos en funci\u00f3n del campeonato. <strong>Diogo Moreira<\/strong>, en tanto, luchaba, y consegu\u00eda, ganarle el sexto puesto a Fern\u00e1ndez.<\/p>\n\n\n\n<figure class=\"wp-block-video\"><video class=\"video-js vjs-big-play-centered\" data-gp-vjs=\"1\" controls src=\"https:\/\/grandepremio-portal.b-cdn.net\/2026\/08\/fabio-quartararo-sprint-motogp-aragao.mp4\"><\/video><figcaption class=\"wp-element-caption\">Fabio Quartararo abandon\u00f3 la carrera sprint por una rotura del motor (V\u00eddeo: MotoGP)<\/figcaption><\/figure>\n\n\n\n<p class=\"wp-block-paragraph\">Mart\u00edn pudo aprovechar la frenada para dejar cuarto a Acosta, y se escap\u00f3 de su rival r\u00e1pidamente. El l\u00edder del campeonato estaba a un segundo de su compa\u00f1ero de equipo. Marc se escapaba a ocho d\u00e9cimas de su hermano \u00c1lex tras haber marcado el mejor tiempo de la carrera corta de los s\u00e1bados, en una pista que le es hist\u00f3ricamente muy favorable.<\/p>\n\n\n\n<p class=\"wp-block-paragraph\"><strong>Fabio Quartararo<\/strong> vio como el motor de su Yamaha se rompi\u00f3 en la recta que lleva a la \u00faltima curva y tir\u00f3 su moto al costado de la pista y evitar que el aceite quede en la zona de la trayectoria de sus rivales. Mientras, Acosta era cuarto al adelantar otra vez a Mart\u00edn, que no pudo dar caza a Bezzecchi. Ferm\u00edn Aldeguer tambi\u00e9n progresaba y sub\u00eda al octavo puesto a expensas de <strong>Johann Zarco<\/strong>, los dos que volvieron a correr este fin de semana en suelo espa\u00f1ol.<\/p>\n\n\n\n<p class=\"wp-block-paragraph\">Sin lucha por la punta, porque M\u00e1rquez le hizo un segundo a su hermano y Bezzecchi estaba a otras ocho d\u00e9cimas del piloto de Gresini, la batalla era por el sexto puesto entre Moreira, Fern\u00e1ndez y Aldeguer. Poco m\u00e1s se vio en un desarrollo lineal de la prueba corta. Ferm\u00edn avanz\u00f3 al s\u00e9ptimo puesto sobre Ra\u00fal, y ten\u00eda muy cerca a la mejor Honda de todas. Ya en la \u00faltima vuelta, el espa\u00f1ol de la #54 dej\u00f3 atr\u00e1s a Diogo para ser sexto.<\/p>\n\n\n\n<figure class=\"wp-block-image size-large\"><img loading=\"lazy\" decoding=\"async\" width=\"1024\" height=\"745\" src=\"https:\/\/grandepremio.com\/es\/wp-content\/uploads\/2026\/08\/AFP__20260829__C6T64A3__v1__MidRes__MotoPrixEspQualifying-1024x745.jpg\" alt=\"\" class=\"wp-image-1020313241\" srcset=\"https:\/\/grandepremio.com\/wp-content\/uploads\/2026\/08\/AFP__20260829__C6T64A3__v1__MidRes__MotoPrixEspQualifying-1024x745.jpg 1024w, https:\/\/grandepremio.com\/wp-content\/uploads\/2026\/08\/AFP__20260829__C6T64A3__v1__MidRes__MotoPrixEspQualifying-300x218.jpg 300w, https:\/\/grandepremio.com\/wp-content\/uploads\/2026\/08\/AFP__20260829__C6T64A3__v1__MidRes__MotoPrixEspQualifying-768x559.jpg 768w, https:\/\/grandepremio.com\/wp-content\/uploads\/2026\/08\/AFP__20260829__C6T64A3__v1__MidRes__MotoPrixEspQualifying-150x109.jpg 150w, https:\/\/grandepremio.com\/wp-content\/uploads\/2026\/08\/AFP__20260829__C6T64A3__v1__MidRes__MotoPrixEspQualifying.jpg 1200w\" sizes=\"(max-width: 1024px) 100vw, 1024px\" \/><figcaption class=\"wp-element-caption\">Marco Bezzecchi (Foto: AFP)<\/figcaption><\/figure>\n\n\n\n<p class=\"wp-block-paragraph\">Tras 11 vueltas disputadas, Marc M\u00e1rquez volvi\u00f3 a ganar una carrera sprint en Arag\u00f3n, escoltado por su hermano \u00c1lex M\u00e1rquez, mientras que Marco Bezzecchi se debi\u00f3 conformar con la tercera colocaci\u00f3n. Acosta, Mart\u00edn, Aldeguer, Moreira, Fern\u00e1ndez y Zarco sumaron puntos este s\u00e1bado, en tanto que Jack Miller fue d\u00e9cimo con la mejor Yamaha.<\/p>\n\n\n\n<h2 class=\"wp-block-heading\">MotoGP 2026-Sprint-GP de Arag\u00f3n:<\/h2>\n\n\n\n<figure class=\"wp-block-table\"><table class=\"has-fixed-layout\"><tbody><tr><td>POS<\/td><td>Piloto<\/td><td>Equipo<\/td><td>\u00a0Dif<\/td><\/tr><tr><td>1<\/td><td>M M\u00c1RQUEZ<\/td><td>Ducati<\/td><td>11 v<\/td><\/tr><tr><td>2<\/td><td>A M\u00c1RQUEZ<\/td><td>Gresini Ducati<\/td><td>+ 1.140<\/td><\/tr><tr><td>3<\/td><td>M BEZZECCHI<\/td><td>Aprilia<\/td><td>+ 2.089<\/td><\/tr><tr><td>4<\/td><td>P ACOSTA<\/td><td>KTM<\/td><td>+ 2.648<\/td><\/tr><tr><td>5<\/td><td>J MART\u00cdN<\/td><td>Aprilia<\/td><td>+ 6.237<\/td><\/tr><tr><td>6<\/td><td>F ALDEGUER<\/td><td>Gresini Ducati<\/td><td>+ 10.475<\/td><\/tr><tr><td>7<\/td><td>D MOREIRA<\/td><td>LCR Honda<\/td><td>+ 11.071<\/td><\/tr><tr><td>8<\/td><td>R FERN\u00c1NDEZ<\/td><td>Trackhouse Aprilia<\/td><td>+ 11.213<\/td><\/tr><tr><td>9<\/td><td>J ZARCO<\/td><td>LCR Honda<\/td><td>+ 12.021<\/td><\/tr><tr><td>10<\/td><td>J MILLER<\/td><td>Pramac Yamaha<\/td><td>+ 12.166<\/td><\/tr><tr><td>11<\/td><td>F BAGNAIA<\/td><td>Ducati<\/td><td>+ 14.575<\/td><\/tr><tr><td>12<\/td><td>A RINS<\/td><td>Yamaha<\/td><td>+ 14.648<\/td><\/tr><tr><td>13<\/td><td>T RAZGATLIOGLU<\/td><td>Pramac Yamaha<\/td><td>+ 15.776<\/td><\/tr><tr><td>14<\/td><td>E BASTIANINI<\/td><td>Tech3 KTM<\/td><td>+ 16.051<\/td><\/tr><tr><td>15<\/td><td>B BINDER<\/td><td>KTM<\/td><td>+ 16.761<\/td><\/tr><tr><td>16<\/td><td>J MIR<\/td><td>Honda<\/td><td>+ 19.845<\/td><\/tr><tr><td>17<\/td><td>P ESPARGAR\u00d3<\/td><td>Tech3 KTM<\/td><td>+ 23.160<\/td><\/tr><tr><td>18<\/td><td>F MORBIDELLI<\/td><td>VR46 Ducati<\/td><td>+ 25.074<\/td><\/tr><tr><td>19<\/td><td>L SAVADORI<\/td><td>Trackhouse Aprilia<\/td><td>+ 27.798<\/td><\/tr><tr><td>&nbsp;<\/td><td>F QUARTARARO<\/td><td>Yamaha<\/td><td>Ab<\/td><\/tr><tr><td>&nbsp;<\/td><td>F DI GIANNANTONIO<\/td><td>VR46 Ducati<\/td><td>Ab<\/td><\/tr><tr><td>&nbsp;<\/td><td>L MARINI<\/td><td>Honda<\/td><td>Ab<\/td><\/tr><\/tbody><\/table><\/figure>\n","protected":false},"excerpt":{"rendered":"<p>Marc M\u00e1rquez no dej\u00f3 dudas que el Motorland de Arag\u00f3n es uno de sus circuitos favoritos y gan\u00f3 de punta a punta la carrera sprint del Gran Premio de Arag\u00f3n de MotoGP luego de superar a Marco Bezzecchi en la frenada de la curva uno.<\/p>\n","protected":false},"author":31,"featured_media":1020313121,"comment_status":"closed","ping_status":"closed","sticky":false,"template":"","format":"standard","meta":{"42wp_featured_image_caption":"Marc M\u00e1rquez (Foto: Michelin)","42wp_featured_image_credits":"","42wp_featured_video":"","42wp_featured_image_hidden":false,"42wp_authors_list":[{"id":14237,"location":"de Buenos Aires"}],"footnotes":""},"categories":[8],"tags":[1571,1392,1615,1293],"42wp_author":[14237],"class_list":["post-39620","post","type-post","status-publish","format-standard","has-post-thumbnail","hentry","category-motogp","tag-gp-de-aragon","tag-marc-marquez-2","tag-marco-bezzecchi","tag-motogp","42wp_author-gabriel-garcia"],"_links":{"self":[{"href":"https:\/\/grandepremio.com\/es\/wp-json\/wp\/v2\/posts\/39620","targetHints":{"allow":["GET"]}}],"collection":[{"href":"https:\/\/grandepremio.com\/es\/wp-json\/wp\/v2\/posts"}],"about":[{"href":"https:\/\/grandepremio.com\/es\/wp-json\/wp\/v2\/types\/post"}],"author":[{"embeddable":true,"href":"https:\/\/grandepremio.com\/es\/wp-json\/wp\/v2\/users\/31"}],"replies":[{"embeddable":true,"href":"https:\/\/grandepremio.com\/es\/wp-json\/wp\/v2\/comments?post=39620"}],"version-history":[{"count":8,"href":"https:\/\/grandepremio.com\/es\/wp-json\/wp\/v2\/posts\/39620\/revisions"}],"predecessor-version":[{"id":39630,"href":"https:\/\/grandepremio.com\/es\/wp-json\/wp\/v2\/posts\/39620\/revisions\/39630"}],"wp:featuredmedia":[{"embeddable":true,"href":"https:\/\/grandepremio.com\/es\/wp-json\/wp\/v2\/media\/1020313121"}],"wp:attachment":[{"href":"https:\/\/grandepremio.com\/es\/wp-json\/wp\/v2\/media?parent=39620"}],"wp:term":[{"taxonomy":"category","embeddable":true,"href":"https:\/\/grandepremio.com\/es\/wp-json\/wp\/v2\/categories?post=39620"},{"taxonomy":"post_tag","embeddable":true,"href":"https:\/\/grandepremio.com\/es\/wp-json\/wp\/v2\/tags?post=39620"},{"taxonomy":"42wp_author","embeddable":true,"href":"https:\/\/grandepremio.com\/es\/wp-json\/wp\/v2\/42wp_author?post=39620"}],"curies":[{"name":"wp","href":"https:\/\/api.w.org\/{rel}","templated":true}]}}