{"id":39632,"date":"2026-08-29T11:12:49","date_gmt":"2026-08-29T14:12:49","guid":{"rendered":"https:\/\/grandepremio.com\/es\/?p=39632"},"modified":"2026-08-29T11:12:50","modified_gmt":"2026-08-29T14:12:50","slug":"mclaren-elogia-norris-renovacion-formula-1","status":"publish","type":"post","link":"https:\/\/grandepremio.com\/es\/f1\/mclaren-elogia-norris-renovacion-formula-1\/","title":{"rendered":"McLaren elogia a Norris por su renovaci\u00f3n del contrato en la F\u00f3rmula 1 hasta 2030: &#8220;Piloto excepcional&#8221;"},"content":{"rendered":"\n<p class=\"wp-block-paragraph\">Se conoci\u00f3 este s\u00e1bado la renovaci\u00f3n del contrato de <strong>Lando Norris<\/strong> con el equipo <strong>McLaren<\/strong> hasta, al menos, la temporada 2030 de la <strong>F\u00f3rmula 1<\/strong>, llegando as\u00ed a 12 temporadas de asociaci\u00f3n entre el equipo \u201cpapaya\u201d y el campe\u00f3n del mundo, que gan\u00f3 la semana pasada en el GP de Pa\u00edses Bajos en Zandvoort.<\/p>\n\n\n\n<p class=\"wp-block-paragraph\">\ud83d\udfe5&nbsp;<strong><em>\u00a1Todas las novedades te esperan en el canal de&nbsp;<\/em><\/strong><a href=\"https:\/\/www.youtube.com\/@GrandePremioES\"><em>YouTube<\/em><\/a><strong><em>&nbsp;de Grande Pr\u00eamio en Espa\u00f1ol!<\/em><\/strong>&nbsp;\ud83d\udfe8<\/p>\n\n\n\n<p class=\"wp-block-paragraph\">Tanto para <strong>Zak Brown<\/strong>, el CEO, como el jefe, <strong>Andrea Stella<\/strong>, destacaron que la extensi\u00f3n del v\u00ednculo con Norris habla de la solidez del proyecto y pusieron como ejemplo que el brit\u00e1nico fue piloto de desarrollo desde 2017 antes de ser ascendido a la F1 en 2019.<\/p>\n\n\n\n<p class=\"wp-block-paragraph\"><strong>\u201cMe complace enormemente firmar un nuevo contrato con Lando [Norris], extendiendo su compromiso con McLaren al menos hasta 2030. Su trayectoria dentro del equipo es un ejemplo fant\u00e1stico de nuestro compromiso con la identificaci\u00f3n, el desarrollo y el apoyo de talentos de clase mundial, y sus logros hablan por s\u00ed solos\u201d,<\/strong> declar\u00f3 el empresario.<\/p>\n\n\n\n<figure class=\"wp-block-embed is-type-video is-provider-youtube wp-block-embed-youtube wp-embed-aspect-16-9 wp-has-aspect-ratio\"><div class=\"wp-block-embed__wrapper\">\n<iframe loading=\"lazy\" title=\"COLAPINTO RENUEVA CON ALPINE PARA 2027\" width=\"500\" height=\"281\" src=\"https:\/\/www.youtube.com\/embed\/HvUBP_HOB-Q?feature=oembed\" frameborder=\"0\" allow=\"accelerometer; autoplay; clipboard-write; encrypted-media; gyroscope; picture-in-picture; web-share\" referrerpolicy=\"strict-origin-when-cross-origin\" allowfullscreen><\/iframe>\n<\/div><\/figure>\n\n\n\n<p class=\"wp-block-paragraph\"><strong>\u201cJunto con Andrea [Stella], Oscar [Piastri] y todo el equipo, Lando ha contribuido a que McLaren inicie una nueva era de \u00e9xitos rotundo, llev\u00e1ndonos desde la parte trasera de la parrilla a ganar dos t\u00edtulos consecutivos de Constructores en 2024 y 2025, adem\u00e1s de nuestro primer Campeonato Mundial de Pilotos en 17 a\u00f1os. Estamos muy ilusionados con el futuro y totalmente centrados en seguir compitiendo por victorias y campeonatos\u201d,<\/strong> enfatiz\u00f3 Brown, que tambi\u00e9n celebr\u00f3 hace pocos d\u00edas la renovaci\u00f3n del contrato con Oscar Piastri hasta 2028.<\/p>\n\n\n\n<p class=\"wp-block-paragraph\">Por otro lado, Stella tambi\u00e9n destac\u00f3 la evoluci\u00f3n y la madurez de Norris con el paso de los a\u00f1os en el equipo: <strong>\u201cLando [Norris] ha sido una pieza fundamental en la trayectoria y el \u00e9xito de McLaren durante los \u00faltimos nueve a\u00f1os, y estamos muy contentos de continuar nuestra colaboraci\u00f3n con \u00e9l al menos hasta 2030. Es un piloto excepcional que combina una impresionante velocidad natural con madurez, constancia y un fuerte compromiso con McLaren\u201d.<\/strong><\/p>\n\n\n\n<p class=\"wp-block-paragraph\">\u23e9&nbsp;<strong><em>\u00a1Seguinos en redes por&nbsp;<\/em><\/strong><a href=\"https:\/\/twitter.com\/grandepremioES\"><em>Twitter&nbsp;<\/em><\/a><strong><em>e&nbsp;<\/em><\/strong><a href=\"https:\/\/www.instagram.com\/grandepremioes\/\"><em>Instagram!<br><\/em><\/a>\u23e9&nbsp;<strong><em>Adem\u00e1s, tenemos nuestro&nbsp;<\/em><\/strong><a href=\"https:\/\/whatsapp.com\/channel\/0029VaDZ5zb0gcfDxuwxBM05\"><em>canal de Whatsapp<\/em><\/a><strong><em>&nbsp;con toda la informaci\u00f3n al instante<\/em><\/strong>&nbsp;\ud83c\udfc1<\/p>\n\n\n\n<p class=\"wp-block-paragraph\">La F\u00f3rmula 1 regresar\u00e1 la semana que viene, entre el 4 y el 6 de septiembre, con el Gran Premio de Italia a disputarse en el circuito de Monza.<\/p>\n","protected":false},"excerpt":{"rendered":"<p>Zak Brown destac\u00f3 la trayectoria del brit\u00e1nico desde el programa de j\u00f3venes pilotos de McLaren, mientras que Andrea Stella elogi\u00f3 las cualidades t\u00e9cnicas y humanas de Lando Norris en la F\u00f3rmula 1. <\/p>\n","protected":false},"author":31,"featured_media":1020312757,"comment_status":"closed","ping_status":"closed","sticky":false,"template":"","format":"standard","meta":{"42wp_featured_image_caption":"Lando Norris (Foto: Reproducci\u00f3n\/F1)","42wp_featured_image_credits":"","42wp_featured_video":"","42wp_featured_image_hidden":false,"42wp_authors_list":[{"id":14237,"location":"de Buenos Aires"}],"footnotes":""},"categories":[5],"tags":[4497,179,268,269,328],"42wp_author":[14237],"class_list":["post-39632","post","type-post","status-publish","format-standard","has-post-thumbnail","hentry","category-f1","tag-andrea-stella","tag-formula-1","tag-lando-norris","tag-mclaren","tag-zak-brown","42wp_author-gabriel-garcia"],"_links":{"self":[{"href":"https:\/\/grandepremio.com\/es\/wp-json\/wp\/v2\/posts\/39632","targetHints":{"allow":["GET"]}}],"collection":[{"href":"https:\/\/grandepremio.com\/es\/wp-json\/wp\/v2\/posts"}],"about":[{"href":"https:\/\/grandepremio.com\/es\/wp-json\/wp\/v2\/types\/post"}],"author":[{"embeddable":true,"href":"https:\/\/grandepremio.com\/es\/wp-json\/wp\/v2\/users\/31"}],"replies":[{"embeddable":true,"href":"https:\/\/grandepremio.com\/es\/wp-json\/wp\/v2\/comments?post=39632"}],"version-history":[{"count":4,"href":"https:\/\/grandepremio.com\/es\/wp-json\/wp\/v2\/posts\/39632\/revisions"}],"predecessor-version":[{"id":39638,"href":"https:\/\/grandepremio.com\/es\/wp-json\/wp\/v2\/posts\/39632\/revisions\/39638"}],"wp:featuredmedia":[{"embeddable":true,"href":"https:\/\/grandepremio.com\/es\/wp-json\/wp\/v2\/media\/1020312757"}],"wp:attachment":[{"href":"https:\/\/grandepremio.com\/es\/wp-json\/wp\/v2\/media?parent=39632"}],"wp:term":[{"taxonomy":"category","embeddable":true,"href":"https:\/\/grandepremio.com\/es\/wp-json\/wp\/v2\/categories?post=39632"},{"taxonomy":"post_tag","embeddable":true,"href":"https:\/\/grandepremio.com\/es\/wp-json\/wp\/v2\/tags?post=39632"},{"taxonomy":"42wp_author","embeddable":true,"href":"https:\/\/grandepremio.com\/es\/wp-json\/wp\/v2\/42wp_author?post=39632"}],"curies":[{"name":"wp","href":"https:\/\/api.w.org\/{rel}","templated":true}]}}