{"id":39683,"date":"2026-08-29T16:34:28","date_gmt":"2026-08-29T19:34:28","guid":{"rendered":"https:\/\/grandepremio.com\/es\/?p=39683"},"modified":"2026-08-29T16:34:29","modified_gmt":"2026-08-29T19:34:29","slug":"lluvia-retrasa-inicio-del-gp-de-milwaukee-1","status":"publish","type":"post","link":"https:\/\/grandepremio.com\/es\/indy\/lluvia-retrasa-inicio-del-gp-de-milwaukee-1\/","title":{"rendered":"La lluvia retrasa el inicio del GP de Milwaukee 1 y deja a la Indy en espera"},"content":{"rendered":"\n<p class=\"wp-block-paragraph\">La salida de la primera carrera de la doble ronda de la Indy en Milwaukee estaba programada para las 15:41 (hora de Buenos Aires, GMT -3) de este s\u00e1bado; sin embargo, debido a la lluvia, la categor\u00eda tuvo que posponer el inicio de la carrera y llevar los autos de regreso al garaje. A\u00fan no hay una fecha prevista para el inicio de la carrera, pero se les ha indicado a los equipos que regresen al pit lane a las 4:04 p. m.<\/p>\n\n\n\n<p class=\"wp-block-paragraph\">La posibilidad de lluvia ya hab\u00eda hecho que la Indy adelantara 10 minutos el horario de la carrera 1 en Milwaukee. Por eso, la se\u00f1al para encender los motores ser\u00eda a las 15:36 y la salida a las 15:41.<\/p>\n\n\n\n<p class=\"wp-block-paragraph\">\ud83d\udfe5&nbsp;<strong><em>\u00a1Todas las novedades te esperan en el canal de&nbsp;<\/em><\/strong><a href=\"https:\/\/www.youtube.com\/@GrandePremioES\"><em>YouTube<\/em><\/a><strong><em>&nbsp;de Grande Pr\u00eamio en Espa\u00f1ol!<\/em><\/strong>&nbsp;\ud83d\udfe8<\/p>\n\n\n\n<figure class=\"wp-block-embed is-type-video is-provider-youtube wp-block-embed-youtube wp-embed-aspect-16-9 wp-has-aspect-ratio\"><div class=\"wp-block-embed__wrapper\">\n<iframe loading=\"lazy\" title=\"COLAPINTO RENUEVA CON ALPINE PARA 2027\" width=\"500\" height=\"281\" src=\"https:\/\/www.youtube.com\/embed\/HvUBP_HOB-Q?feature=oembed\" frameborder=\"0\" allow=\"accelerometer; autoplay; clipboard-write; encrypted-media; gyroscope; picture-in-picture; web-share\" referrerpolicy=\"strict-origin-when-cross-origin\" allowfullscreen><\/iframe>\n<\/div><\/figure>\n\n\n\n<p class=\"wp-block-paragraph\">Sin embargo, minutos antes de que comenzara la transmisi\u00f3n internacional a las 15:30, la Indy volvi\u00f3 a la programaci\u00f3n original debido a una ligera llovizna. No obstante, al intensificarse la lluvia, la categor\u00eda pospuso la salida, a\u00fan sin una hora confirmada.<\/p>\n\n\n\n<p class=\"wp-block-paragraph\">Antes de anunciar el retraso en el inicio de la carrera, Indy puso en acci\u00f3n los autos de servicio para comenzar el proceso de secado de la pista, procedimiento que continu\u00f3 durante los minutos siguientes. Aunque la lluvia no era fuerte, fue suficiente para mojar el asfalto.<\/p>\n\n\n\n<figure class=\"wp-block-image size-large\"><img loading=\"lazy\" decoding=\"async\" width=\"1024\" height=\"768\" src=\"https:\/\/grandepremio.com\/es\/wp-content\/uploads\/2026\/08\/chuvapockrass-1024x768.jpg\" alt=\"\" class=\"wp-image-1020313280\" srcset=\"https:\/\/grandepremio.com\/wp-content\/uploads\/2026\/08\/chuvapockrass-1024x768.jpg 1024w, https:\/\/grandepremio.com\/wp-content\/uploads\/2026\/08\/chuvapockrass-300x225.jpg 300w, https:\/\/grandepremio.com\/wp-content\/uploads\/2026\/08\/chuvapockrass-768x576.jpg 768w, https:\/\/grandepremio.com\/wp-content\/uploads\/2026\/08\/chuvapockrass-1536x1152.jpg 1536w, https:\/\/grandepremio.com\/wp-content\/uploads\/2026\/08\/chuvapockrass-2048x1536.jpg 2048w, https:\/\/grandepremio.com\/wp-content\/uploads\/2026\/08\/chuvapockrass-1200x900.jpg 1200w, https:\/\/grandepremio.com\/wp-content\/uploads\/2026\/08\/chuvapockrass-150x113.jpg 150w\" sizes=\"(max-width: 1024px) 100vw, 1024px\" \/><figcaption class=\"wp-element-caption\">Indy tuvo que retrasar el horario del Gran Premio de Milwaukee 1 debido a la lluvia (Foto: Reproducci\u00f3n\/Bob Pockrass)<\/figcaption><\/figure>\n\n\n\n<p class=\"wp-block-paragraph\">Como no hay iluminaci\u00f3n artificial en el Milwaukee Mile, la carrera debe terminar antes de las 21:28, hora en la que se pone el sol. Pato O\u2019Ward se hizo con la pole position de la primera carrera de la doble ronda tras aprovechar las sanciones impuestas a \u00c1lex Palou, Scott McLaughlin y David Malukas por cambio de motor.<\/p>\n\n\n\n<p class=\"wp-block-paragraph\">\u23e9&nbsp;<strong><em>\u00a1Seguinos en redes por&nbsp;<\/em><\/strong><a href=\"https:\/\/twitter.com\/grandepremioES\"><em>Twitter&nbsp;<\/em><\/a><strong><em>e&nbsp;<\/em><\/strong><a href=\"https:\/\/www.instagram.com\/grandepremioes\/\"><em>Instagram!<br><\/em><\/a>\u23e9&nbsp;<strong><em>Adem\u00e1s, tenemos nuestro&nbsp;<\/em><\/strong><a href=\"https:\/\/whatsapp.com\/channel\/0029VaDZ5zb0gcfDxuwxBM05\"><em>canal de Whatsapp<\/em><\/a><strong><em>&nbsp;con toda la informaci\u00f3n al instante<\/em><\/strong>&nbsp;\ud83c\udfc1<\/p>\n\n\n\n<p class=\"wp-block-paragraph\">Grande Premio en Espa\u00f1ol te lleva a trav\u00e9s de todas las actividades de la doble ronda de la Indy 2026 en Milwaukee este fin de semana.<\/p>\n\n\n\n<p class=\"wp-block-paragraph\"><\/p>\n","protected":false},"excerpt":{"rendered":"<p>La Indy tuvo que posponer la salida del Gran Premio de Milwaukee 1 de este s\u00e1bado debido a la lluvia. A\u00fan no hay una fecha prevista para el inicio de la carrera<\/p>\n","protected":false},"author":35,"featured_media":1020313279,"comment_status":"closed","ping_status":"closed","sticky":false,"template":"","format":"standard","meta":{"42wp_featured_image_caption":"La lluvia retras\u00f3 el comienzo de la carrera 1 de la Indy en Milwaukee","42wp_featured_image_credits":"Indy","42wp_featured_video":"","42wp_featured_image_hidden":false,"42wp_authors_list":[{"id":14244,"location":"de Buenos Aires"}],"footnotes":""},"categories":[7],"tags":[12764,925,310],"42wp_author":[14244],"class_list":["post-39683","post","type-post","status-publish","format-standard","has-post-thumbnail","hentry","category-indy","tag-gp-de-milwaukee","tag-indy","tag-indycar","42wp_author-fabrisantini"],"_links":{"self":[{"href":"https:\/\/grandepremio.com\/es\/wp-json\/wp\/v2\/posts\/39683","targetHints":{"allow":["GET"]}}],"collection":[{"href":"https:\/\/grandepremio.com\/es\/wp-json\/wp\/v2\/posts"}],"about":[{"href":"https:\/\/grandepremio.com\/es\/wp-json\/wp\/v2\/types\/post"}],"author":[{"embeddable":true,"href":"https:\/\/grandepremio.com\/es\/wp-json\/wp\/v2\/users\/35"}],"replies":[{"embeddable":true,"href":"https:\/\/grandepremio.com\/es\/wp-json\/wp\/v2\/comments?post=39683"}],"version-history":[{"count":2,"href":"https:\/\/grandepremio.com\/es\/wp-json\/wp\/v2\/posts\/39683\/revisions"}],"predecessor-version":[{"id":39686,"href":"https:\/\/grandepremio.com\/es\/wp-json\/wp\/v2\/posts\/39683\/revisions\/39686"}],"wp:featuredmedia":[{"embeddable":true,"href":"https:\/\/grandepremio.com\/es\/wp-json\/wp\/v2\/media\/1020313279"}],"wp:attachment":[{"href":"https:\/\/grandepremio.com\/es\/wp-json\/wp\/v2\/media?parent=39683"}],"wp:term":[{"taxonomy":"category","embeddable":true,"href":"https:\/\/grandepremio.com\/es\/wp-json\/wp\/v2\/categories?post=39683"},{"taxonomy":"post_tag","embeddable":true,"href":"https:\/\/grandepremio.com\/es\/wp-json\/wp\/v2\/tags?post=39683"},{"taxonomy":"42wp_author","embeddable":true,"href":"https:\/\/grandepremio.com\/es\/wp-json\/wp\/v2\/42wp_author?post=39683"}],"curies":[{"name":"wp","href":"https:\/\/api.w.org\/{rel}","templated":true}]}}