{"id":39697,"date":"2026-08-30T08:37:11","date_gmt":"2026-08-30T11:37:11","guid":{"rendered":"https:\/\/grandepremio.com\/es\/?p=39697"},"modified":"2026-08-30T08:37:12","modified_gmt":"2026-08-30T11:37:12","slug":"quiles-vuelve-ganar-moto3-morelli-aragon-perrone","status":"publish","type":"post","link":"https:\/\/grandepremio.com\/es\/motogp\/quiles-vuelve-ganar-moto3-morelli-aragon-perrone\/","title":{"rendered":"Quiles supera a Almansa y vuelve a ganar en Moto3 tras su lesi\u00f3n; Morelli sube al podio en Arag\u00f3n; Perrone, 8\u00b0"},"content":{"rendered":"\n<p class=\"wp-block-paragraph\">Nadie puede con <strong>M\u00e1ximo Quiles<\/strong> en <strong>Moto3<\/strong>, que volvi\u00f3 a ganar despu\u00e9s de haberse lesionado hace tres semanas, y derrot\u00f3 sin problemas a David Almansa, autor de la pole el s\u00e1bado en el <strong>GP de Arag\u00f3n<\/strong>, mientras que <strong>Marco Morelli<\/strong> complet\u00f3 el podio con la otra moto del equipo Aspar. <\/p>\n\n\n\n<p class=\"wp-block-paragraph\">\u00c1lvaro Carpe, Brian Uriarte, Adri\u00e1n Cruces, Casey O&#8217;Gorman, <strong>Valent\u00edn Perrone<\/strong>, Guido Pini y Adri\u00e1n Fern\u00e1ndez completaram a lista dos dez primeiros colocados. El otro representante argentino tuvo una carrera m\u00e1s dif\u00edcil, no se pudo acercar al grupo de punta y tuvo que ceder una posici\u00f3n sobre Rico Salmela, su compa\u00f1ero, por una sanci\u00f3n de direcci\u00f3n de carrera. <\/p>\n\n\n\n<p class=\"wp-block-paragraph\"><strong>Campeonato<\/strong>: Quiles 256 puntos, Carpe 159, Almansa 154, Uriarte 138, Morelli 131, Perrone 103. La ventaja de M\u00e1ximo es de 97 puntos sobre su m\u00e1s inmediato rival y 102 sobre el tercero.<\/p>\n\n\n\n<p class=\"wp-block-paragraph\">\u23e9&nbsp;<strong><em>\u00a1Seguinos en redes por&nbsp;<\/em><\/strong><a href=\"https:\/\/twitter.com\/grandepremioES\"><em>Twitter&nbsp;<\/em><\/a><strong><em>e&nbsp;<\/em><\/strong><a href=\"https:\/\/www.instagram.com\/grandepremioes\/\"><em>Instagram!<br><\/em><\/a>\u23e9&nbsp;<strong><em>Adem\u00e1s, tenemos nuestro&nbsp;<\/em><\/strong><a href=\"https:\/\/whatsapp.com\/channel\/0029VaDZ5zb0gcfDxuwxBM05\"><em>canal de Whatsapp<\/em><\/a><strong><em>&nbsp;con toda la informaci\u00f3n al instante<\/em><\/strong>&nbsp;\ud83c\udfc1<\/p>\n\n\n\n<p class=\"wp-block-paragraph\">Moto3 volver\u00e1 a las pistas entre el 11 y el 13 de septiembre con el Gran Premio de San Marino y la Riviera di Rimini en el circuito de Misano, para la 14\u00b0 cita de la temporada 2026. <\/p>\n\n\n\n<figure class=\"wp-block-image size-large\"><img loading=\"lazy\" decoding=\"async\" width=\"1024\" height=\"683\" src=\"https:\/\/grandepremio.com\/br\/wp-content\/uploads\/2026\/08\/LG9_6953-1024x683.jpg\" alt=\"\" class=\"wp-image-1020313297\" srcset=\"https:\/\/grandepremio.com\/wp-content\/uploads\/2026\/08\/LG9_6953-1024x683.jpg 1024w, https:\/\/grandepremio.com\/wp-content\/uploads\/2026\/08\/LG9_6953-300x200.jpg 300w, https:\/\/grandepremio.com\/wp-content\/uploads\/2026\/08\/LG9_6953-768x512.jpg 768w, https:\/\/grandepremio.com\/wp-content\/uploads\/2026\/08\/LG9_6953-1536x1024.jpg 1536w, https:\/\/grandepremio.com\/wp-content\/uploads\/2026\/08\/LG9_6953-2048x1365.jpg 2048w, https:\/\/grandepremio.com\/wp-content\/uploads\/2026\/08\/LG9_6953-150x100.jpg 150w\" sizes=\"(max-width: 1024px) 100vw, 1024px\" \/><figcaption class=\"wp-element-caption\">David Almansa luch\u00f3 con Quiles, pero fue segundo en Arag\u00f3n (Foto: Reproducci\u00f3n\/MotoGP)<\/figcaption><\/figure>\n\n\n\n<p class=\"wp-block-paragraph\"><strong><u>As\u00ed se desarroll\u00f3 la carrera de Moto3 en Arag\u00f3n:<\/u><\/strong><\/p>\n\n\n\n<p class=\"wp-block-paragraph\"><strong>David Almansa<\/strong> movi\u00f3 bien en la largada y lideraba la carrera de Moto3 en el Motorland de Arag\u00f3n, escoltado bien cerca por M\u00e1ximo Quiles y Marco Morelli. Valent\u00edn Perrone se ubicaba 7\u00b0. La prueba se pact\u00f3 a 17 vueltas en un soleado d\u00eda en el circuito espa\u00f1ol, tal como fue el resto del fin de semana. De cara al desarrollo de la competencia, <strong>Brian Uriarte<\/strong> y Eddie O\u2019Shea deb\u00edan cumplir una vuelta larga de penalizaci\u00f3n por ir lento en el entrenamiento del viernes.<\/p>\n\n\n\n<p class=\"wp-block-paragraph\">Almansa los tra\u00eda muy juntos al pelot\u00f3n de punta y no se pod\u00eda despegar de los pilotos de Aspar, en tanto que Perrone se acercaba al grupo delantero. Morelli se fue ancho en la segunda vuelta y perdi\u00f3 dos posiciones. <strong>Nicola Carraro<\/strong> y <strong>Cormac Buchanan<\/strong> protagonizaron las primeras ca\u00eddas de la carrera, en el caso del australiano estaba en la curva 11 en el suelo despu\u00e9s del impacto.<\/p>\n\n\n\n<p class=\"wp-block-paragraph\">Uriarte cumpli\u00f3 con la sanci\u00f3n en la tercera vuelta, cay\u00f3 al d\u00e9cimo puesto, dejando a tres pilotos para pelear por la victoria: Almansa, Quiles y \u00c1lvaro Carpe. Morelli se ubicaba 4\u00b0 y Perrone retrocedi\u00f3 hasta el 9\u00b0. <strong>Jes\u00fas R\u00edos<\/strong> se cay\u00f3 en la curva 17 y tuvo una fuerte ca\u00edda, pero se pudo levantar nuevamente por sus propios medios.<\/p>\n\n\n\n<figure class=\"wp-block-video\"><video class=\"video-js vjs-big-play-centered\" data-gp-vjs=\"1\" controls src=\"https:\/\/grandepremio-portal.b-cdn.net\/2026\/08\/queda-jesus-rios-moto3-aragao.mp4\"><\/video><figcaption class=\"wp-element-caption\">Jesus R\u00edos sufri\u00f3 una fuerte ca\u00edda en el GP de Arag\u00f3n de Moto3 (V\u00eddeo: MotoGP)<\/figcaption><\/figure>\n\n\n\n<p class=\"wp-block-paragraph\">Morelli fue capaz de clavar el r\u00e9cord de vuelta en 1:56.6 y se acerc\u00f3 a los tres primeros y marcando una gran diferencia con el segundo pelot\u00f3n, que pas\u00f3 a liderarlo Uriarte en quinto, pero ya a dos segundos del piloto argentino. Valent\u00edn segu\u00eda colocado en noveno, sin poder progresar demasiado en siete vueltas cumplidas.<\/p>\n\n\n\n<p class=\"wp-block-paragraph\">Quiles super\u00f3 a Almansa en la vuelta 10 para ser el nuevo l\u00edder, siempre con Carpe en tercero y con Morelli en cuarto. Perrone super\u00f3 a O\u2019Gorman para subir al octavo puesto. El segundo pelot\u00f3n ya hab\u00eda quedado a 3 segundos, por lo cual los cuatro primeros iban a definir quien ganar\u00eda en Arag\u00f3n. Carpe y Almansa dejaron de pelearse entre ellos y se pusieron de acuerdo para darle caza a Quiles, y Morelli aprovech\u00f3 que el #83 qued\u00f3 expuesto en la frenada de la curva 14.<\/p>\n\n\n\n<p class=\"wp-block-paragraph\">Con Quiles escapado, Morelli se deshizo de Carpe a falta de dos vueltas y peleaba con Almansa por el segundo puesto, mientras que Perrone era 7\u00b0, enredado en el segundo pelot\u00f3n con Uriarte y Adri\u00e1n Cruces, y la direcci\u00f3n de carrera le impuso una sanci\u00f3n de ceder una posici\u00f3n a su compa\u00f1ero de equipo, <strong>Rico Salmela<\/strong>. El piloto del Intact se llev\u00f3 consigo al #97 para dar una \u00faltima lucha, tratando de capitalizar que el l\u00edder del campeonato de Moto3 se fue ancho en la curva 12 en la vuelta 16.<\/p>\n\n\n\n<figure class=\"wp-block-video\"><video class=\"video-js vjs-big-play-centered\" data-gp-vjs=\"1\" controls src=\"https:\/\/grandepremio-portal.b-cdn.net\/2026\/08\/aquiles-lider-moto3-aragao.mp4\"><\/video><figcaption class=\"wp-element-caption\">M\u00e1ximo Quiles super\u00f3 a David Almansa para ganar la carrera en el Motorland de Arag\u00f3n (V\u00eddeo: Reproducci\u00f3n\/MotoGP)<\/figcaption><\/figure>\n\n\n\n<p class=\"wp-block-paragraph\">Salmela se cay\u00f3 en la \u00faltima vuelta, pero pudo volver a la carrera, que era de Quiles, escapado de Almansa y de Morelli, que, finalmente, completaron el podio despu\u00e9s de las 17 vueltas completadas. Carpe, Uriarte, Cruces, O\u2019Gorman, Perrone, Pini y Adri\u00e1n Fern\u00e1ndez completaron los diez primeros.<\/p>\n\n\n\n<h2 class=\"wp-block-heading\">Moto3 2026-Resultado-GP de Arag\u00f3n:<\/h2>\n\n\n\n<figure class=\"wp-block-table is-style-stripes\"><table class=\"has-fixed-layout\"><tbody><tr><td>\u00a0Pos<\/td><td>Piloto<\/td><td>Equipo<\/td><td>Vtas\/Dif<\/td><\/tr><tr><td>1<\/td><td>M QUILES<\/td><td>CFMoto Aspar KTM<\/td><td>17 v<\/td><\/tr><tr><td>2<\/td><td>D ALMANSA<\/td><td>Intact GP KTM<\/td><td>+0.264<\/td><\/tr><tr><td>3<\/td><td>M MORELLI<\/td><td>CFMoto Aspar KTM<\/td><td>+0.715<\/td><\/tr><tr><td>4<\/td><td>A CARPE<\/td><td>Red Bull KTM Ajo<\/td><td>+2.900<\/td><\/tr><tr><td>5<\/td><td>A CRUCES<\/td><td>CIP Green Power KTM<\/td><td>+6.040<\/td><\/tr><tr><td>6<\/td><td>D ALMANSA<\/td><td>Intact GP KTM<\/td><td>+11.373<\/td><\/tr><tr><td>7<\/td><td>C O&#8217;GORMAN<\/td><td>Sic58 Honda<\/td><td>+11.509<\/td><\/tr><tr><td>8<\/td><td>V PERRONE<\/td><td>Red Bull KTM Tech3<\/td><td>+11.841<\/td><\/tr><tr><td>9<\/td><td>G PINI<\/td><td>Leopard Honda<\/td><td>+11.963<\/td><\/tr><tr><td>10<\/td><td>A FERN\u00c1NDEZ<\/td><td>Leopard Honda<\/td><td>+12.211<\/td><\/tr><tr><td>11<\/td><td>M BERTELLE<\/td><td>LevelUp MTA KTM<\/td><td>+12.322<\/td><\/tr><tr><td>12<\/td><td>H DANISH<\/td><td>MSi KTM<\/td><td>+14.284<\/td><\/tr><tr><td>13<\/td><td>J KELSO<\/td><td>Gryd Racing<\/td><td>+16.121<\/td><\/tr><tr><td>14<\/td><td>E O&#8217;SHEA<\/td><td>Gryd Racing<\/td><td>+22.903<\/td><\/tr><tr><td>15<\/td><td>S OGDEN<\/td><td>CIP Green Power KTM<\/td><td>+24.429<\/td><\/tr><tr><td>16<\/td><td>J ESTEBAN<\/td><td>LevelUp MTA KTM<\/td><td>+24.529<\/td><\/tr><tr><td>17<\/td><td>L RAMMERSTORFER<\/td><td>Sic58 Honda<\/td><td>+24.708<\/td><\/tr><tr><td>18<\/td><td>D GONZ\u00c1LEZ<\/td><td>Intact GP KTM<\/td><td>+24.965<\/td><\/tr><tr><td>19<\/td><td>R MOODLEY<\/td><td>Code Motorsports KTM<\/td><td>+25.140<\/td><\/tr><tr><td>20<\/td><td>V PRATAMA<\/td><td>Honda Team Asia<\/td><td>+30.197<\/td><\/tr><tr><td>21<\/td><td>R YAMANAKA<\/td><td>MSi KTM<\/td><td>+30.239<\/td><\/tr><tr><td>22<\/td><td>R SALMELA<\/td><td>Red Bull KTM Tech3<\/td><td>+41.128<\/td><\/tr><tr><td>23<\/td><td>Z MITANI<\/td><td>Honda Team Asia<\/td><td>+46.220<\/td><\/tr><tr><td>24<\/td><td>J R\u00cdOS<\/td><td>Snipers Team<\/td><td>Ab<\/td><\/tr><tr><td>25<\/td><td>D GONZ\u00c1LEZ<\/td><td>Intact GP KTM<\/td><td>Ab<\/td><\/tr><tr><td>26<\/td><td>C BUCHANAN<\/td><td>Code Motorsports KTM<\/td><td>Ab<\/td><\/tr><\/tbody><\/table><\/figure>\n","protected":false},"excerpt":{"rendered":"<p>M\u00e1ximo Quiles volvi\u00f3 tras la fractura de clav\u00edcula en Silverstone y venci\u00f3 nuevamente en Moto3 en el Gran Premio de Arag\u00f3n tras superar a David Almansa y a Marco Morelli, que complet\u00f3 el podio. Valent\u00edn Perrone tuvo una carrera m\u00e1s complicada y acab\u00f3 octavo. <\/p>\n","protected":false},"author":31,"featured_media":1020313206,"comment_status":"closed","ping_status":"closed","sticky":false,"template":"","format":"standard","meta":{"42wp_featured_image_caption":"M\u00e1ximo Quiles","42wp_featured_image_credits":"Aspar","42wp_featured_video":"","42wp_featured_image_hidden":false,"42wp_authors_list":[{"id":14237,"location":"de Buenos Aires"}],"footnotes":""},"categories":[8],"tags":[1571,12666,11777,1366],"42wp_author":[14237],"class_list":["post-39697","post","type-post","status-publish","format-standard","has-post-thumbnail","hentry","category-motogp","tag-gp-de-aragon","tag-marco-morelli","tag-maximo-quiles","tag-moto3","42wp_author-gabriel-garcia"],"_links":{"self":[{"href":"https:\/\/grandepremio.com\/es\/wp-json\/wp\/v2\/posts\/39697","targetHints":{"allow":["GET"]}}],"collection":[{"href":"https:\/\/grandepremio.com\/es\/wp-json\/wp\/v2\/posts"}],"about":[{"href":"https:\/\/grandepremio.com\/es\/wp-json\/wp\/v2\/types\/post"}],"author":[{"embeddable":true,"href":"https:\/\/grandepremio.com\/es\/wp-json\/wp\/v2\/users\/31"}],"replies":[{"embeddable":true,"href":"https:\/\/grandepremio.com\/es\/wp-json\/wp\/v2\/comments?post=39697"}],"version-history":[{"count":4,"href":"https:\/\/grandepremio.com\/es\/wp-json\/wp\/v2\/posts\/39697\/revisions"}],"predecessor-version":[{"id":39703,"href":"https:\/\/grandepremio.com\/es\/wp-json\/wp\/v2\/posts\/39697\/revisions\/39703"}],"wp:featuredmedia":[{"embeddable":true,"href":"https:\/\/grandepremio.com\/es\/wp-json\/wp\/v2\/media\/1020313206"}],"wp:attachment":[{"href":"https:\/\/grandepremio.com\/es\/wp-json\/wp\/v2\/media?parent=39697"}],"wp:term":[{"taxonomy":"category","embeddable":true,"href":"https:\/\/grandepremio.com\/es\/wp-json\/wp\/v2\/categories?post=39697"},{"taxonomy":"post_tag","embeddable":true,"href":"https:\/\/grandepremio.com\/es\/wp-json\/wp\/v2\/tags?post=39697"},{"taxonomy":"42wp_author","embeddable":true,"href":"https:\/\/grandepremio.com\/es\/wp-json\/wp\/v2\/42wp_author?post=39697"}],"curies":[{"name":"wp","href":"https:\/\/api.w.org\/{rel}","templated":true}]}}