{"id":39717,"date":"2026-08-30T11:07:29","date_gmt":"2026-08-30T14:07:29","guid":{"rendered":"https:\/\/grandepremio.com\/es\/?p=39717"},"modified":"2026-08-30T11:12:36","modified_gmt":"2026-08-30T14:12:36","slug":"como-campeonato-motogp-victoria-marc-marquez-gp-aragon","status":"publish","type":"post","link":"https:\/\/grandepremio.com\/es\/motogp\/como-campeonato-motogp-victoria-marc-marquez-gp-aragon\/","title":{"rendered":"\u00bfC\u00f3mo qued\u00f3 el campeonato de MotoGP tras la octava victoria de Marc M\u00e1rquez en el GP de Arag\u00f3n?"},"content":{"rendered":"\n<p class=\"wp-block-paragraph\">Ha pasado una fecha m\u00e1s en el campeonato 2026 de <strong>MotoGP<\/strong>, la 13\u00b0 cita del calendario en el<strong> GP de Arag\u00f3n<\/strong>, y los 37 puntos que sum\u00f3 <strong>Marc M\u00e1rquez<\/strong> al vencer en las dos carreras del fin de semana, le dieron un gran salto en la clasificaci\u00f3n: del cuarto puesto al segundo, a solo 19 unidades de Jorge Mart\u00edn, que sigue liderando el certamen.<\/p>\n\n\n\n<p class=\"wp-block-paragraph\"><strong>Marco Bezzecchi<\/strong> cay\u00f3 al tercer lugar con 232 puntos tras subir al podio en Arag\u00f3n, mientras que <strong>Francesco Bagnaia<\/strong> descendi\u00f3 a la octava casilla con 143 unidades al no sumar puntos durante el fin de semana. Ai Ogura tampoco sum\u00f3 puntos al estar ausente por lesi\u00f3n y cay\u00f3 al quinto puesto, detr\u00e1s de Fabio Di Giannantonio, que se ubica cuarto, a 48 puntos del espa\u00f1ol.<\/p>\n\n\n\n<p class=\"wp-block-paragraph\">El campeonato <a href=\"https:\/\/grandepremio.com\/es\/motogp\/\" target=\"_blank\" rel=\"noopener\">MotoGP<\/a> reanudar\u00e1 las acciones del <strong>11 al 13 de septiembre en el Aut\u00f3dromo de Misano<\/strong> para celebrar el Gran Premio de San Marino y la Riviera de Rimini, 14.\u00aa fecha de la temporada. La cobertura estar\u00e1 a cargo de <strong>GRANDE PR\u00caMIO<\/strong> <strong>en espa\u00f1ol<\/strong>.<\/p>\n\n\n\n<h3 class=\"wp-block-heading\">MOTOGP 2026-MUNDIAL DE PILOTOS TRAS EL GP DE ARAG\u00d3N<\/h3>\n\n\n\n<figure class=\"wp-block-table\"><table class=\"has-fixed-layout\"><thead><tr><td><strong>Pos.<\/strong><\/td><td><strong>Piloto<\/strong><\/td><td><strong>Equipo<\/strong><\/td><td><strong>Puntos<\/strong><\/td><td><strong>Diferencia<\/strong><\/td><\/tr><\/thead><tbody><tr><td><strong>1<\/strong><\/td><td><strong>Jorge Mart\u00edn<\/strong><\/td><td>Aprilia Racing<\/td><td><strong>256<\/strong><\/td><td>L\u00edder<\/td><\/tr><tr><td><strong>2<\/strong><\/td><td><strong>Marc M\u00e1rquez<\/strong><\/td><td>Ducati Lenovo Team<\/td><td><strong>237<\/strong><\/td><td>-19<\/td><\/tr><tr><td><strong>3<\/strong><\/td><td><strong>Marco Bezzecchi<\/strong><\/td><td>Aprilia Racing<\/td><td><strong>232<\/strong><\/td><td>-24<\/td><\/tr><tr><td><strong>4<\/strong><\/td><td>Fabio Di Giannantonio<\/td><td>Pertamina Enduro VR46 Racing Team<\/td><td><strong>208<\/strong><\/td><td>-48<\/td><\/tr><tr><td><strong>5<\/strong><\/td><td>Ai Ogura<\/td><td>SuperFile Trackhouse MotoGP Team<\/td><td><strong>203<\/strong><\/td><td>-53<\/td><\/tr><tr><td><strong>6<\/strong><\/td><td>Pedro Acosta<\/td><td>Red Bull KTM Factory Racing<\/td><td><strong>189<\/strong><\/td><td>-67<\/td><\/tr><tr><td><strong>7<\/strong><\/td><td>Ra\u00fal Fern\u00e1ndez<\/td><td>SuperFile Trackhouse MotoGP Team<\/td><td><strong>186<\/strong><\/td><td>-70<\/td><\/tr><tr><td><strong>8<\/strong><\/td><td>Francesco Bagnaia<\/td><td>Ducati Lenovo Team<\/td><td><strong>143<\/strong><\/td><td>-113<\/td><\/tr><tr><td><strong>9<\/strong><\/td><td>\u00c1lex M\u00e1rquez<\/td><td>BK8 Gresini Racing MotoGP<\/td><td><strong>128<\/strong><\/td><td>-128<\/td><\/tr><tr><td><strong>10<\/strong><\/td><td>Ferm\u00edn Aldeguer<\/td><td>BK8 Gresini Racing MotoGP<\/td><td><strong>90<\/strong><\/td><td>-166<\/td><\/tr><tr><td><strong>11<\/strong><\/td><td>Luca Marini<\/td><td>Honda HRC Castrol<\/td><td><strong>88<\/strong><\/td><td>-168<\/td><\/tr><tr><td><strong>12<\/strong><\/td><td>Enea Bastianini<\/td><td>Red Bull KTM Tech3<\/td><td><strong>84<\/strong><\/td><td>-172<\/td><\/tr><tr><td><strong>13<\/strong><\/td><td>Brad Binder<\/td><td>Red Bull KTM Factory Racing<\/td><td><strong>78<\/strong><\/td><td>-178<\/td><\/tr><tr><td><strong>14<\/strong><\/td><td>Diogo Moreira<\/td><td>Pro Honda LCR<\/td><td><strong>64<\/strong><\/td><td>-192<\/td><\/tr><tr><td><strong>15<\/strong><\/td><td>Fabio Quartararo<\/td><td>Monster Energy Yamaha MotoGP Team<\/td><td><strong>55<\/strong><\/td><td>-201<\/td><\/tr><tr><td><strong>16<\/strong><\/td><td>Franco Morbidelli<\/td><td>Pertamina Enduro VR46 Racing Team<\/td><td><strong>53<\/strong><\/td><td>-203<\/td><\/tr><tr><td><strong>17<\/strong><\/td><td>Johann Zarco<\/td><td>Castrol Honda LCR<\/td><td><strong>36<\/strong><\/td><td>-220<\/td><\/tr><tr><td><strong>18<\/strong><\/td><td>Joan Mir<\/td><td>Honda HRC Castrol<\/td><td><strong>33<\/strong><\/td><td>-223<\/td><\/tr><tr><td><strong>19<\/strong><\/td><td>Jack Miller<\/td><td>Prima Pramac Yamaha MotoGP<\/td><td><strong>28<\/strong><\/td><td>-228<\/td><\/tr><tr><td><strong>20<\/strong><\/td><td>\u00c1lex Rins<\/td><td>Monster Energy Yamaha MotoGP Team<\/td><td><strong>24<\/strong><\/td><td>-232<\/td><\/tr><tr><td><strong>21<\/strong><\/td><td>Toprak Razgatl\u0131o\u011flu<\/td><td>Prima Pramac Yamaha MotoGP<\/td><td><strong>14<\/strong><\/td><td>-242<\/td><\/tr><tr><td><strong>22<\/strong><\/td><td>Maverick Vi\u00f1ales<\/td><td>Red Bull KTM Tech3<\/td><td><strong>10<\/strong><\/td><td>-246<\/td><\/tr><tr><td><strong>23<\/strong><\/td><td>Iker Lecuona<\/td><td>BK8 Gresini Racing MotoGP<\/td><td><strong>9<\/strong><\/td><td>-247<\/td><\/tr><tr><td><strong>24<\/strong><\/td><td>Augusto Fern\u00e1ndez<\/td><td>Yamaha Factory Racing<\/td><td><strong>6<\/strong><\/td><td>-250<\/td><\/tr><tr><td><strong>25<\/strong><\/td><td>Pol Espargar\u00f3<\/td><td>Red Bull KTM Tech3<\/td><td><strong>3<\/strong><\/td><td>-253<\/td><\/tr><tr><td><strong>26<\/strong><\/td><td>Cal Crutchlow<\/td><td>Castrol Honda LCR<\/td><td><strong>0<\/strong><\/td><td>&#8211;<\/td><\/tr><tr><td><strong>27<\/strong><\/td><td>Jonas Folger<\/td><td>Red Bull KTM Tech3<\/td><td><strong>0<\/strong><\/td><td>&#8211;<\/td><\/tr><tr><td><strong>28<\/strong><\/td><td>Lorenzo Savadori<\/td><td>SuperFile Trackhouse MotoGP Team<\/td><td><strong>0<\/strong><\/td><td>&#8211;<\/td><\/tr><tr><td><strong>29<\/strong><\/td><td>Michele Pirro<\/td><td>BK8 Gresini Racing MotoGP<\/td><td><strong>0<\/strong><\/td><td>&#8211;<\/td><\/tr><\/tbody><\/table><\/figure>\n","protected":false},"excerpt":{"rendered":"<p>El triunfo en MotorLand permite al piloto de Ducati escalar al segundo lugar de la tabla general y recortar la diferencia a 19 puntos del l\u00edder, Jorge Mart\u00edn, que termin\u00f3 quinto en la carrera de este domingo.<\/p>\n","protected":false},"author":2,"featured_media":1020313323,"comment_status":"closed","ping_status":"closed","sticky":false,"template":"","format":"standard","meta":{"42wp_featured_image_caption":"Marc M\u00e1rquez escal\u00f3 al segundo puesto del Mundial tras sumar 37 puntos en el fin de semana","42wp_featured_image_credits":"AFP","42wp_featured_video":"","42wp_featured_image_hidden":false,"42wp_authors_list":[{"id":14237,"location":"de Buenos Aires"}],"footnotes":""},"categories":[8],"tags":[1571,14390,1293],"42wp_author":[14237],"class_list":["post-39717","post","type-post","status-publish","format-standard","has-post-thumbnail","hentry","category-motogp","tag-gp-de-aragon","tag-marc-marquez-4","tag-motogp","42wp_author-gabriel-garcia"],"_links":{"self":[{"href":"https:\/\/grandepremio.com\/es\/wp-json\/wp\/v2\/posts\/39717","targetHints":{"allow":["GET"]}}],"collection":[{"href":"https:\/\/grandepremio.com\/es\/wp-json\/wp\/v2\/posts"}],"about":[{"href":"https:\/\/grandepremio.com\/es\/wp-json\/wp\/v2\/types\/post"}],"author":[{"embeddable":true,"href":"https:\/\/grandepremio.com\/es\/wp-json\/wp\/v2\/users\/2"}],"replies":[{"embeddable":true,"href":"https:\/\/grandepremio.com\/es\/wp-json\/wp\/v2\/comments?post=39717"}],"version-history":[{"count":6,"href":"https:\/\/grandepremio.com\/es\/wp-json\/wp\/v2\/posts\/39717\/revisions"}],"predecessor-version":[{"id":39735,"href":"https:\/\/grandepremio.com\/es\/wp-json\/wp\/v2\/posts\/39717\/revisions\/39735"}],"wp:featuredmedia":[{"embeddable":true,"href":"https:\/\/grandepremio.com\/es\/wp-json\/wp\/v2\/media\/1020313323"}],"wp:attachment":[{"href":"https:\/\/grandepremio.com\/es\/wp-json\/wp\/v2\/media?parent=39717"}],"wp:term":[{"taxonomy":"category","embeddable":true,"href":"https:\/\/grandepremio.com\/es\/wp-json\/wp\/v2\/categories?post=39717"},{"taxonomy":"post_tag","embeddable":true,"href":"https:\/\/grandepremio.com\/es\/wp-json\/wp\/v2\/tags?post=39717"},{"taxonomy":"42wp_author","embeddable":true,"href":"https:\/\/grandepremio.com\/es\/wp-json\/wp\/v2\/42wp_author?post=39717"}],"curies":[{"name":"wp","href":"https:\/\/api.w.org\/{rel}","templated":true}]}}