{"id":39803,"date":"2026-08-31T14:05:09","date_gmt":"2026-08-31T17:05:09","guid":{"rendered":"https:\/\/grandepremio.com\/es\/?p=39803"},"modified":"2026-08-31T14:05:10","modified_gmt":"2026-08-31T17:05:10","slug":"buenos-aires-continua-progresion-obras-autodromo-f1","status":"publish","type":"post","link":"https:\/\/grandepremio.com\/es\/f1\/buenos-aires-continua-progresion-obras-autodromo-f1\/","title":{"rendered":"La ciudad de Buenos Aires contin\u00faa con la progresi\u00f3n de las obras en el aut\u00f3dromo con la mira puesta en la F1"},"content":{"rendered":"\n<p class=\"wp-block-paragraph\">Aunque no estaba previsto en el plan original de la modernizaci\u00f3n del <strong>Aut\u00f3dromo Oscar y Juan G\u00e1lvez<\/strong>, el <strong>Gobierno de la Ciudad de Buenos Aires<\/strong> public\u00f3 las primeras fotos de la extensi\u00f3n de la nueva recta con la que esperan alcanzar las medidas y est\u00e1ndares exigidos por la <strong>F\u00f3rmula 1<\/strong> para volver a albergar un evento de la categor\u00eda en Argentina por primera vez en casi 30 a\u00f1os. <\/p>\n\n\n\n<p class=\"wp-block-paragraph\">\ud83d\udfe5\u00a0<strong><em>\u00a1Todas las novedades te esperan en el canal de\u00a0<\/em><\/strong><a href=\"https:\/\/www.youtube.com\/@GrandePremioES\"><em>YouTube<\/em><\/a><strong><em>\u00a0de Grande Pr\u00eamio en Espa\u00f1ol!<\/em><\/strong>\u00a0\ud83d\udfe8<\/p>\n\n\n\n<p class=\"wp-block-paragraph\">Seg\u00fan manifestaron las autoridades porte\u00f1as en un comunicado, <strong><em>&#8220;la ampliaci\u00f3n del trazado en este sector permitir\u00e1 mejorar las condiciones del circuito&#8221;<\/em><\/strong>, y elogiaron el hecho de que la nueva pista, que se construir\u00e1 sobre la demolida tribuna de la horquilla y del kart\u00f3dromo internacional de Buenos Aires, estar\u00e1 lista con el fin de las obras a comienzos de 2027 para tener eventos deportivos internacionales, que es el objetivo del plan de remodelaci\u00f3n. <\/p>\n\n\n\n<p class=\"wp-block-paragraph\">Hay que mencionar que el \u00faltimo <strong>GP de Argentina<\/strong> de F1 fue en 1998, ganado por Michael Schumacher, y <strong>MotoGP<\/strong> visit\u00f3 el aut\u00f3dromo Oscar y Juan G\u00e1lvez en \u00faltima ocasi\u00f3n en 1999, luego se mud\u00f3 la carrera al aut\u00f3dromo de Termas de R\u00edo Hondo entre 2014 y 2025. Adem\u00e1s de toda la obra general de puesta en valor, se ha comenzado a trabajar en un nuevo kart\u00f3dromo, en una zona anexa al circuito porte\u00f1o, con el que se espera cumplir con la homologaci\u00f3n internacional.<\/p>\n\n\n\n<figure class=\"wp-block-embed is-type-video is-provider-youtube wp-block-embed-youtube wp-embed-aspect-16-9 wp-has-aspect-ratio\"><div class=\"wp-block-embed__wrapper\">\n<iframe loading=\"lazy\" title=\"COLAPINTO RENUEVA CON ALPINE PARA 2027\" width=\"500\" height=\"281\" src=\"https:\/\/www.youtube.com\/embed\/HvUBP_HOB-Q?feature=oembed\" frameborder=\"0\" allow=\"accelerometer; autoplay; clipboard-write; encrypted-media; gyroscope; picture-in-picture; web-share\" referrerpolicy=\"strict-origin-when-cross-origin\" allowfullscreen><\/iframe>\n<\/div><\/figure>\n\n\n\n<p class=\"wp-block-paragraph\">Fabi\u00e1n Turnes, el secretario de Deportes del Gobierno de la Ciudad de Buenos Aires, expres\u00f3: <strong>&#8220;Estamos transformando el Aut\u00f3dromo para que vuelva a estar a la altura de los grandes eventos internacionales. Esta obra nos permite extender el circuito y seguir avanzando hacia el objetivo de contar con una pista preparada para recibir, eventualmente, a la F\u00f3rmula 1 en Buenos Aires&#8221;.<\/strong><\/p>\n\n\n\n<p class=\"wp-block-paragraph\">Con la demolici\u00f3n de la horquilla y el traslado del kart\u00f3dromo, el aut\u00f3dromo de Buenos Aires recuperar\u00e1 una larga recta que se hab\u00eda recortado progresivamente y, sobre todo, por la \u00faltima visita de la F\u00f3rmula 1 al pa\u00eds, entre 1995 y 1998, algo que el nuevo dise\u00f1o ya contemplaba inicialmente, pero que se iba a ejecutar en una segunda etapa de la obra. El <em>&#8220;efecto Colapinto&#8221;<\/em> y la coyuntura internacional en Medio Oriente han movido a las autoridades de la capital argentina en esa direcci\u00f3n. <\/p>\n\n\n\n<p class=\"wp-block-paragraph\"><strong>&#8220;La demolici\u00f3n de la tribuna de la Horquilla representa as\u00ed un nuevo paso dentro de un proyecto de mayor alcance: recuperar el valor hist\u00f3rico del Aut\u00f3dromo, modernizar su infraestructura y proyectarlo hacia el futuro como uno de los grandes escenarios deportivos de la Ciudad&#8221;,<\/strong> concluyeron desde la ciudad de Buenos Aires en un comunicado.<\/p>\n\n\n\n<figure class=\"wp-block-image size-large\"><img loading=\"lazy\" decoding=\"async\" width=\"1024\" height=\"576\" src=\"https:\/\/grandepremio.com\/es\/wp-content\/uploads\/2026\/08\/WhatsApp-Image-2026-08-30-at-20.49.55-1024x576.jpeg\" alt=\"\" class=\"wp-image-1020313494\" srcset=\"https:\/\/grandepremio.com\/wp-content\/uploads\/2026\/08\/WhatsApp-Image-2026-08-30-at-20.49.55-1024x576.jpeg 1024w, https:\/\/grandepremio.com\/wp-content\/uploads\/2026\/08\/WhatsApp-Image-2026-08-30-at-20.49.55-300x169.jpeg 300w, https:\/\/grandepremio.com\/wp-content\/uploads\/2026\/08\/WhatsApp-Image-2026-08-30-at-20.49.55-768x432.jpeg 768w, https:\/\/grandepremio.com\/wp-content\/uploads\/2026\/08\/WhatsApp-Image-2026-08-30-at-20.49.55-1536x864.jpeg 1536w, https:\/\/grandepremio.com\/wp-content\/uploads\/2026\/08\/WhatsApp-Image-2026-08-30-at-20.49.55-1200x675.jpeg 1200w, https:\/\/grandepremio.com\/wp-content\/uploads\/2026\/08\/WhatsApp-Image-2026-08-30-at-20.49.55-150x84.jpeg 150w, https:\/\/grandepremio.com\/wp-content\/uploads\/2026\/08\/WhatsApp-Image-2026-08-30-at-20.49.55.jpeg 1600w\" sizes=\"(max-width: 1024px) 100vw, 1024px\" \/><figcaption class=\"wp-element-caption\">Se demoli\u00f3 la tribuna de la horquilla para avanzar en una recta larga acorde a las exigencias de la F1. (Foto: GCBA)<\/figcaption><\/figure>\n\n\n\n<p class=\"wp-block-paragraph\">\u23e9&nbsp;<strong><em>\u00a1Seguinos en redes por&nbsp;<\/em><\/strong><a href=\"https:\/\/twitter.com\/grandepremioES\"><em>Twitter&nbsp;<\/em><\/a><strong><em>e&nbsp;<\/em><\/strong><a href=\"https:\/\/www.instagram.com\/grandepremioes\/\"><em>Instagram!<br><\/em><\/a>\u23e9&nbsp;<strong><em>Adem\u00e1s, tenemos nuestro&nbsp;<\/em><\/strong><a href=\"https:\/\/whatsapp.com\/channel\/0029VaDZ5zb0gcfDxuwxBM05\"><em>canal de Whatsapp<\/em><\/a><strong><em>&nbsp;con toda la informaci\u00f3n al instante<\/em><\/strong>&nbsp;\ud83c\udfc1<\/p>\n\n\n\n<p class=\"wp-block-paragraph\">La F\u00f3rmula 1 regresar\u00e1 el pr\u00f3ximo fin de semana, entre el 4 y el 6 de septiembre, con el Gran Premio de Italia, en Monza, para la 13\u00b0 cita del campeonato 2026. <\/p>\n","protected":false},"excerpt":{"rendered":"<p>El Aut\u00f3dromo Oscar y Juan G\u00e1lvez de la capital argentina avanz\u00f3 con la demolici\u00f3n de la trbiuna de la horquilla para poder extender el dibujo proupuesto en el nuevo circuito para que se pueda adaptar a las exigencias de la F\u00f3rmula 1. <\/p>\n","protected":false},"author":31,"featured_media":1020313429,"comment_status":"closed","ping_status":"closed","sticky":false,"template":"","format":"standard","meta":{"42wp_featured_image_caption":"Se avanz\u00f3 en la demolici\u00f3n de una tribuna para extender el circuito propuesto para MotoGP. (Foto: GCBA)","42wp_featured_image_credits":"","42wp_featured_video":"","42wp_featured_image_hidden":false,"42wp_authors_list":[{"id":14237,"location":"de Buenos Aires"}],"footnotes":""},"categories":[5],"tags":[7735,179,1445],"42wp_author":[14237],"class_list":["post-39803","post","type-post","status-publish","format-standard","has-post-thumbnail","hentry","category-f1","tag-autodromo-oscar-y-juan-galvez","tag-formula-1","tag-gp-de-argentina","42wp_author-gabriel-garcia"],"_links":{"self":[{"href":"https:\/\/grandepremio.com\/es\/wp-json\/wp\/v2\/posts\/39803","targetHints":{"allow":["GET"]}}],"collection":[{"href":"https:\/\/grandepremio.com\/es\/wp-json\/wp\/v2\/posts"}],"about":[{"href":"https:\/\/grandepremio.com\/es\/wp-json\/wp\/v2\/types\/post"}],"author":[{"embeddable":true,"href":"https:\/\/grandepremio.com\/es\/wp-json\/wp\/v2\/users\/31"}],"replies":[{"embeddable":true,"href":"https:\/\/grandepremio.com\/es\/wp-json\/wp\/v2\/comments?post=39803"}],"version-history":[{"count":7,"href":"https:\/\/grandepremio.com\/es\/wp-json\/wp\/v2\/posts\/39803\/revisions"}],"predecessor-version":[{"id":39853,"href":"https:\/\/grandepremio.com\/es\/wp-json\/wp\/v2\/posts\/39803\/revisions\/39853"}],"wp:featuredmedia":[{"embeddable":true,"href":"https:\/\/grandepremio.com\/es\/wp-json\/wp\/v2\/media\/1020313429"}],"wp:attachment":[{"href":"https:\/\/grandepremio.com\/es\/wp-json\/wp\/v2\/media?parent=39803"}],"wp:term":[{"taxonomy":"category","embeddable":true,"href":"https:\/\/grandepremio.com\/es\/wp-json\/wp\/v2\/categories?post=39803"},{"taxonomy":"post_tag","embeddable":true,"href":"https:\/\/grandepremio.com\/es\/wp-json\/wp\/v2\/tags?post=39803"},{"taxonomy":"42wp_author","embeddable":true,"href":"https:\/\/grandepremio.com\/es\/wp-json\/wp\/v2\/42wp_author?post=39803"}],"curies":[{"name":"wp","href":"https:\/\/api.w.org\/{rel}","templated":true}]}}