{"id":39854,"date":"2026-08-31T14:29:23","date_gmt":"2026-08-31T17:29:23","guid":{"rendered":"https:\/\/grandepremio.com\/es\/?p=39854"},"modified":"2026-08-31T14:29:24","modified_gmt":"2026-08-31T17:29:24","slug":"zarco-celebra-regreso-motogp-gp-aragon-lesion","status":"publish","type":"post","link":"https:\/\/grandepremio.com\/es\/motogp\/zarco-celebra-regreso-motogp-gp-aragon-lesion\/","title":{"rendered":"Zarco celebra su \u201cincre\u00edble\u201d regreso a MotoGP en el GP de Arag\u00f3n tras su lesi\u00f3n: \u201cEstoy muy feliz\u201d"},"content":{"rendered":"\n<p class=\"wp-block-paragraph\">Uno de los regresos que se produjeron en el <strong>GP de Arag\u00f3n<\/strong> de <strong>MotoGP <\/strong>fue el de <strong>Johann Zarco<\/strong>, que estuvo ausente de la grilla desde su brutal accidente en el reinicio del GP de Catalunya disputado hace tres meses. Si bien el franc\u00e9s solo quer\u00eda cumplir con la sanci\u00f3n de una doble vuelta larga de penalizaci\u00f3n, se fue con muy buenas sensaciones en su regreso a las pistas.<\/p>\n\n\n\n<p class=\"wp-block-paragraph\">\ud83d\udfe5&nbsp;<strong><em>\u00a1Todas las novedades te esperan en el canal de&nbsp;<\/em><\/strong><a href=\"https:\/\/www.youtube.com\/@GrandePremioES\"><em>YouTube<\/em><\/a><strong><em>&nbsp;de Grande Pr\u00eamio en Espa\u00f1ol!<\/em><\/strong>&nbsp;\ud83d\udfe8<\/p>\n\n\n\n<p class=\"wp-block-paragraph\">Zarco fue sancionado por haber sido considerado culpable de haber tirado al piso a <strong>Francesco Bagnaia<\/strong> y <strong>Luca Marini<\/strong> en la curva 1 del circuito de Barcelona y termin\u00f3 con su pierna atrapada en la <strong>Ducati <\/strong>del italiano, sufriendo quemaduras y lesiones en los ligamentos. Aunque originalmente los m\u00e9dicos le hab\u00edan recomendado una cirug\u00eda, una quemadura permiti\u00f3 que los ligamentos sanaran, no pas\u00f3 por el quir\u00f3fano, y se subi\u00f3 a una moto por primera vez hace unas semanas.<\/p>\n\n\n\n<p class=\"wp-block-paragraph\">Tras haber sumado dos puntos, el 9\u00b0 puesto en la carrera sprint y el 15\u00b0 en la carrera principal en el Motorland de Arag\u00f3n, el piloto de LCR coment\u00f3: <strong>\u201cVine aqu\u00ed para cumplir la penalizaci\u00f3n de doble vuelta larga y recuperar las sensaciones con la moto. Ese era el objetivo. Ayer consegu\u00ed un punto y hoy otro, \u00a1es incre\u00edble! Disfrut\u00e9 mucho del fin de semana con el equipo. Los extra\u00f1\u00e9\u201d.<\/strong><\/p>\n\n\n\n<figure class=\"wp-block-embed is-type-video is-provider-youtube wp-block-embed-youtube wp-embed-aspect-16-9 wp-has-aspect-ratio\"><div class=\"wp-block-embed__wrapper\">\n<iframe loading=\"lazy\" title=\"COLAPINTO RENUEVA CON ALPINE PARA 2027\" width=\"500\" height=\"281\" src=\"https:\/\/www.youtube.com\/embed\/HvUBP_HOB-Q?feature=oembed\" frameborder=\"0\" allow=\"accelerometer; autoplay; clipboard-write; encrypted-media; gyroscope; picture-in-picture; web-share\" referrerpolicy=\"strict-origin-when-cross-origin\" allowfullscreen><\/iframe>\n<\/div><\/figure>\n\n\n\n<p class=\"wp-block-paragraph\">El franc\u00e9s dej\u00f3 en claro que quer\u00eda recuperar sensaciones m\u00e1s que apuntar a resultados en pista: <strong>\u201cUna de las cosas m\u00e1s importantes es que tuve sensaciones interesantes sobre la moto y pude dar informaci\u00f3n consistente y s\u00f3lida al equipo. A veces, cuando te pierdes algunas carreras, necesitas recuperar el ritmo en ese sentido, y no siempre es f\u00e1cil. Esta vez, todo fue bien, y logr\u00e9 recuperarlo desde el principio del fin de semana. Estoy muy contento de estar de vuelta y de haber tenido un fin de semana tan bueno\u201d.<\/strong><\/p>\n\n\n\n<p class=\"wp-block-paragraph\">\u23e9&nbsp;<strong><em>\u00a1Seguinos en redes por&nbsp;<\/em><\/strong><a href=\"https:\/\/twitter.com\/grandepremioES\"><em>Twitter&nbsp;<\/em><\/a><strong><em>e&nbsp;<\/em><\/strong><a href=\"https:\/\/www.instagram.com\/grandepremioes\/\"><em>Instagram!<br><\/em><\/a>\u23e9&nbsp;<strong><em>Adem\u00e1s, tenemos nuestro&nbsp;<\/em><\/strong><a href=\"https:\/\/whatsapp.com\/channel\/0029VaDZ5zb0gcfDxuwxBM05\"><em>canal de Whatsapp<\/em><\/a><strong><em>&nbsp;con toda la informaci\u00f3n al instante<\/em><\/strong>&nbsp;\ud83c\udfc1<\/p>\n\n\n\n<p class=\"wp-block-paragraph\">MotoGP regresa a la acci\u00f3n entre el 11 y el 13 de septiembre con el Gran Premio de San Marino y Riviera di Rimini, la 14.\u00aa prueba de la temporada 2026. GRANDE PR\u00caMIO cubrir\u00e1 la actividad en todo el fin de semana.<\/p>\n","protected":false},"excerpt":{"rendered":"<p>Johann Zarco destac\u00f3 que viaj\u00f3 a Arag\u00f3n para cumplir la sanci\u00f3n derivada del accidente en el GP de Catalu\u00f1a y recuperar la sensaci\u00f3n con la moto, pero se march\u00f3 contento por haber conseguido sumar puntos durante el fin de semana. <\/p>\n","protected":false},"author":31,"featured_media":1020313465,"comment_status":"closed","ping_status":"closed","sticky":false,"template":"","format":"standard","meta":{"42wp_featured_image_caption":"Johann Zarco (Foto: LCR)","42wp_featured_image_credits":"","42wp_featured_video":"","42wp_featured_image_hidden":false,"42wp_authors_list":[{"id":14237,"location":"de Buenos Aires"}],"footnotes":""},"categories":[8],"tags":[1571,1404,1293],"42wp_author":[14237],"class_list":["post-39854","post","type-post","status-publish","format-standard","has-post-thumbnail","hentry","category-motogp","tag-gp-de-aragon","tag-johann-zarco","tag-motogp","42wp_author-gabriel-garcia"],"_links":{"self":[{"href":"https:\/\/grandepremio.com\/es\/wp-json\/wp\/v2\/posts\/39854","targetHints":{"allow":["GET"]}}],"collection":[{"href":"https:\/\/grandepremio.com\/es\/wp-json\/wp\/v2\/posts"}],"about":[{"href":"https:\/\/grandepremio.com\/es\/wp-json\/wp\/v2\/types\/post"}],"author":[{"embeddable":true,"href":"https:\/\/grandepremio.com\/es\/wp-json\/wp\/v2\/users\/31"}],"replies":[{"embeddable":true,"href":"https:\/\/grandepremio.com\/es\/wp-json\/wp\/v2\/comments?post=39854"}],"version-history":[{"count":3,"href":"https:\/\/grandepremio.com\/es\/wp-json\/wp\/v2\/posts\/39854\/revisions"}],"predecessor-version":[{"id":39857,"href":"https:\/\/grandepremio.com\/es\/wp-json\/wp\/v2\/posts\/39854\/revisions\/39857"}],"wp:featuredmedia":[{"embeddable":true,"href":"https:\/\/grandepremio.com\/es\/wp-json\/wp\/v2\/media\/1020313465"}],"wp:attachment":[{"href":"https:\/\/grandepremio.com\/es\/wp-json\/wp\/v2\/media?parent=39854"}],"wp:term":[{"taxonomy":"category","embeddable":true,"href":"https:\/\/grandepremio.com\/es\/wp-json\/wp\/v2\/categories?post=39854"},{"taxonomy":"post_tag","embeddable":true,"href":"https:\/\/grandepremio.com\/es\/wp-json\/wp\/v2\/tags?post=39854"},{"taxonomy":"42wp_author","embeddable":true,"href":"https:\/\/grandepremio.com\/es\/wp-json\/wp\/v2\/42wp_author?post=39854"}],"curies":[{"name":"wp","href":"https:\/\/api.w.org\/{rel}","templated":true}]}}