{"id":39867,"date":"2026-08-31T15:52:05","date_gmt":"2026-08-31T18:52:05","guid":{"rendered":"https:\/\/grandepremio.com\/es\/?p=39867"},"modified":"2026-08-31T15:52:06","modified_gmt":"2026-08-31T18:52:06","slug":"antonelli-garantiza-mentalidad-diferente-gp-italia-complicado-2025","status":"publish","type":"post","link":"https:\/\/grandepremio.com\/es\/f1\/antonelli-garantiza-mentalidad-diferente-gp-italia-complicado-2025\/","title":{"rendered":"Antonelli garantiza una &#8220;mentalidad diferente&#8221; para el GP de Italia tras un debut complicado en 2025"},"content":{"rendered":"\n<p class=\"wp-block-paragraph\">Una<em> \u201cmentalidad diferente\u201d<\/em> es la que asegur\u00f3 que tendr\u00e1 este a\u00f1o <strong>Kimi Antonelli<\/strong> en su carrera <em>\u201ccomo local\u201d<\/em> en el <strong>GP de Italia<\/strong> de la <strong>F\u00f3rmula 1<\/strong>, luego de un debut el a\u00f1o pasado que tuvo much\u00edsimos problemas. En el campeonato, el piloto de <strong>Mercedes <\/strong>tiene una situaci\u00f3n inmejorable porque le lleva 59 puntos a George Russell y a Lewis Hamilton.<\/p>\n\n\n\n<p class=\"wp-block-paragraph\">\ud83d\udfe5&nbsp;<strong><em>\u00a1Todas las novedades te esperan en el canal de&nbsp;<\/em><\/strong><a href=\"https:\/\/www.youtube.com\/@GrandePremioES\"><em>YouTube<\/em><\/a><strong><em>&nbsp;de Grande Pr\u00eamio en Espa\u00f1ol!<\/em><\/strong>&nbsp;\ud83d\udfe8<\/p>\n\n\n\n<p class=\"wp-block-paragraph\">El a\u00f1o pasado, sin embargo, la realidad fue diferente. Antonelli tuvo una carrera complicada, recibiendo una penalizaci\u00f3n de 5 segundos por una disputa con <strong>Alexander Albon<\/strong>, excediendo los l\u00edmites de la pista y una amonestaci\u00f3n de la direcci\u00f3n de carrera. Al final, termin\u00f3 noveno y solo sum\u00f3 dos puntos. En 2024, se hab\u00eda subido al auto en la FP1 en su debut en un F1 y se estrell\u00f3 contra el muro en la curva Parab\u00f3lica.<\/p>\n\n\n\n<p class=\"wp-block-paragraph\">Durante una entrevista con el sitio oficial de la F1, Antonelli expres\u00f3 sus emociones ante la cita en Monza, en la que tendr\u00e1 todos los focos puestos por ser el piloto que m\u00e1s carreras gan\u00f3 hasta ahora en 2026: <strong>&#8220;Estoy muy emocionado, creo que habr\u00e1 un gran ambiente. Y ser\u00e1 muy diferente comparado con el a\u00f1o pasado&#8221;.<\/strong><\/p>\n\n\n\n<figure class=\"wp-block-embed is-type-video is-provider-youtube wp-block-embed-youtube wp-embed-aspect-16-9 wp-has-aspect-ratio\"><div class=\"wp-block-embed__wrapper\">\n<iframe loading=\"lazy\" title=\"COLAPINTO RENUEVA CON ALPINE PARA 2027\" width=\"500\" height=\"281\" src=\"https:\/\/www.youtube.com\/embed\/HvUBP_HOB-Q?feature=oembed\" frameborder=\"0\" allow=\"accelerometer; autoplay; clipboard-write; encrypted-media; gyroscope; picture-in-picture; web-share\" referrerpolicy=\"strict-origin-when-cross-origin\" allowfullscreen><\/iframe>\n<\/div><\/figure>\n\n\n\n<p class=\"wp-block-paragraph\"><strong>&#8220;Vengo con una actitud diferente, una mentalidad diferente. Y definitivamente siento que podr\u00e9 disfrutar mucho m\u00e1s del fin de semana. Tengo muchas ganas de volver&#8221;<\/strong>, concluy\u00f3.<\/p>\n\n\n\n<p class=\"wp-block-paragraph\">\u23e9&nbsp;<strong><em>\u00a1Seguinos en redes por&nbsp;<\/em><\/strong><a href=\"https:\/\/twitter.com\/grandepremioES\"><em>Twitter&nbsp;<\/em><\/a><strong><em>e&nbsp;<\/em><\/strong><a href=\"https:\/\/www.instagram.com\/grandepremioes\/\"><em>Instagram!<br><\/em><\/a>\u23e9&nbsp;<strong><em>Adem\u00e1s, tenemos nuestro&nbsp;<\/em><\/strong><a href=\"https:\/\/whatsapp.com\/channel\/0029VaDZ5zb0gcfDxuwxBM05\"><em>canal de Whatsapp<\/em><\/a><strong><em>&nbsp;con toda la informaci\u00f3n al instante<\/em><\/strong>&nbsp;\ud83c\udfc1<\/p>\n\n\n\n<p class=\"wp-block-paragraph\">La F\u00f3rmula 1 regresar\u00e1 la semana que viene, entre el 4 y el 6 de septiembre, con el Gran Premio de Italia a disputarse en el circuito de Monza.<\/p>\n","protected":false},"excerpt":{"rendered":"<p>Andrea Kimi Antonelli no tuvo el debut so\u00f1ado en el Gran Premio de Italia de 2025, pero ya en su segundo a\u00f1o en la F\u00f3rmula 1, liderando el campeonato, y el ambiente entre los aficionados, generan expectativas mucho m\u00e1s positivas para el piloto local.<\/p>\n","protected":false},"author":31,"featured_media":1020312991,"comment_status":"closed","ping_status":"closed","sticky":false,"template":"","format":"standard","meta":{"42wp_featured_image_caption":"Kimi Antonelli. Foto: Gabriel L\u00f3pez\/Grande Pr\u00eamio","42wp_featured_image_credits":"","42wp_featured_video":"","42wp_featured_image_hidden":false,"42wp_authors_list":[{"id":14237,"location":"de Buenos Aires"}],"footnotes":""},"categories":[5],"tags":[179,673,9072],"42wp_author":[14237],"class_list":["post-39867","post","type-post","status-publish","format-standard","has-post-thumbnail","hentry","category-f1","tag-formula-1","tag-gp-de-italia","tag-kimi-antonelli","42wp_author-gabriel-garcia"],"_links":{"self":[{"href":"https:\/\/grandepremio.com\/es\/wp-json\/wp\/v2\/posts\/39867","targetHints":{"allow":["GET"]}}],"collection":[{"href":"https:\/\/grandepremio.com\/es\/wp-json\/wp\/v2\/posts"}],"about":[{"href":"https:\/\/grandepremio.com\/es\/wp-json\/wp\/v2\/types\/post"}],"author":[{"embeddable":true,"href":"https:\/\/grandepremio.com\/es\/wp-json\/wp\/v2\/users\/31"}],"replies":[{"embeddable":true,"href":"https:\/\/grandepremio.com\/es\/wp-json\/wp\/v2\/comments?post=39867"}],"version-history":[{"count":4,"href":"https:\/\/grandepremio.com\/es\/wp-json\/wp\/v2\/posts\/39867\/revisions"}],"predecessor-version":[{"id":39871,"href":"https:\/\/grandepremio.com\/es\/wp-json\/wp\/v2\/posts\/39867\/revisions\/39871"}],"wp:featuredmedia":[{"embeddable":true,"href":"https:\/\/grandepremio.com\/es\/wp-json\/wp\/v2\/media\/1020312991"}],"wp:attachment":[{"href":"https:\/\/grandepremio.com\/es\/wp-json\/wp\/v2\/media?parent=39867"}],"wp:term":[{"taxonomy":"category","embeddable":true,"href":"https:\/\/grandepremio.com\/es\/wp-json\/wp\/v2\/categories?post=39867"},{"taxonomy":"post_tag","embeddable":true,"href":"https:\/\/grandepremio.com\/es\/wp-json\/wp\/v2\/tags?post=39867"},{"taxonomy":"42wp_author","embeddable":true,"href":"https:\/\/grandepremio.com\/es\/wp-json\/wp\/v2\/42wp_author?post=39867"}],"curies":[{"name":"wp","href":"https:\/\/api.w.org\/{rel}","templated":true}]}}