{"id":3996,"date":"2025-11-27T12:41:53","date_gmt":"2025-11-27T15:41:53","guid":{"rendered":"https:\/\/grandepremio.com\/es\/2025\/11\/27\/ross-brawn-expectativa-recuperacion-lewis-hamilton-ferrari\/"},"modified":"2025-11-27T12:41:56","modified_gmt":"2025-11-27T15:41:56","slug":"ross-brawn-expectativa-recuperacion-lewis-hamilton-ferrari","status":"publish","type":"post","link":"https:\/\/grandepremio.com\/es\/f1\/ross-brawn-expectativa-recuperacion-lewis-hamilton-ferrari\/","title":{"rendered":"Brawn espera una &#8220;pronta reacci\u00f3n&#8221; de Ferrari y destaca la &#8220;tenacidad&#8221; de Hamilton"},"content":{"rendered":"\n<p class=\"wp-block-paragraph\"><strong>Ross Brawn<\/strong> cree que <strong>Lewis Hamilton<\/strong> puede superar las dificultades de su primera temporada con <strong>Ferrari<\/strong>. El exdirector t\u00e9cnico de la escuder\u00eda italiana conf\u00eda en la determinaci\u00f3n del brit\u00e1nico, pero reconoce que la f\u00e1brica tambi\u00e9n tendr\u00e1 que adaptarse a la nueva normativa.<\/p>\n\n\n\n<p class=\"wp-block-paragraph\">\ud83d\udfe5&nbsp;<strong><em>\u00a1Todas las novedades te esperan en el canal de&nbsp;<\/em><\/strong><a href=\"https:\/\/www.youtube.com\/@GrandePremioES\"><em>YouTube<\/em><\/a><strong><em>&nbsp;de Grande Pr\u00eamio en Espa\u00f1ol!<\/em><\/strong>&nbsp;\ud83d\udfe8<\/p>\n\n\n\n<p class=\"wp-block-paragraph\"><strong>Brawn <\/strong>fue una pieza clave en los a\u00f1os de dominio de <strong>Ferrari <\/strong>con <strong>Michael Schumacher<\/strong> a principios de la d\u00e9cada de 2000, pero hoy en d\u00eda la casa de <strong>Maranello <\/strong>vive una realidad diferente. El \u00faltimo t\u00edtulo en el <strong>Mundial de Constructores<\/strong> data de 2008 y el \u00faltimo <strong>Mundial de Pilotos<\/strong> lo gan\u00f3 <strong>Kimi R\u00e4ikk\u00f6nen<\/strong> un a\u00f1o antes.<\/p>\n\n\n\n<p class=\"wp-block-paragraph\">Hoy en d\u00eda, <strong>Ferrari <\/strong>ocupa el cuarto lugar en el <strong>Mundial de Constructores<\/strong>, con 362 puntos, 394 menos que <strong>McLaren<\/strong>. En el <strong>Mundial de Pilotos, Charles Leclerc<\/strong> es el mejor posicionado, en quinto lugar, con <strong>Hamilton <\/strong>sexto, con 66 puntos menos que su compa\u00f1ero de equipo.<\/p>\n\n\n\n<p class=\"wp-block-paragraph\"><strong>Hamilton<\/strong> sali\u00f3 del <strong>GP de Las Vegas<\/strong> especialmente abatido y habl\u00f3 con des\u00e1nimo no solo de 2025, sino tambi\u00e9n del pr\u00f3ximo a\u00f1o. En la cadena inglesa <em>Sky Sports F1<\/em>, <strong>Lewis <\/strong>habl\u00f3 de la \u00abpeor temporada\u00bb de su carrera y destac\u00f3 que \u00abpor mucho que lo intente, las cosas siguen empeorando\u00bb.<\/p>\n\n\n\n<p class=\"wp-block-paragraph\">\u23e9&nbsp;<strong><em>\u00a1Seguinos en redes por&nbsp;<\/em><\/strong><a href=\"https:\/\/twitter.com\/grandepremioES\"><em>Twitter&nbsp;<\/em><\/a><strong><em>e&nbsp;<\/em><\/strong><a href=\"https:\/\/www.instagram.com\/grandepremioes\/\"><em>Instagram!<\/em><\/a><br>\u23e9&nbsp;<strong><em>Adem\u00e1s, tenemos nuestro&nbsp;<\/em><\/strong><a href=\"https:\/\/whatsapp.com\/channel\/0029VaDZ5zb0gcfDxuwxBM05\"><em>canal de Whatsapp<\/em><\/a><strong><em>&nbsp;con toda la informaci\u00f3n al instante<\/em><\/strong>&nbsp;\ud83c\udfc1<\/p>\n\n\n\n<figure class=\"wp-block-image size-full\"><img decoding=\"async\" src=\"https:\/\/grandepremio.com\/es\/wp-content\/uploads\/..\/gp_br_uploads\/2025\/11\/las-vegas-2025-f1-treinos-livres-ferrari-charles-leclerc-afp-01-3.jpg\" alt=\"\" class=\"wp-image-379224\"\/><figcaption class=\"wp-element-caption\">Ross Brawn espera una pronta reacci\u00f3n de Ferrari para regresar a los primeros planos de la F1 (Foto: AFP)<\/figcaption><\/figure>\n\n\n\n<p class=\"wp-block-paragraph\">Aun as\u00ed, <strong>Brawn<\/strong>, que ayud\u00f3 a convencer a <strong>Hamilton <\/strong>para que dejara <strong>McLaren <\/strong>y se uniera a <strong>Mercedes <\/strong>a finales de 2012, conf\u00eda en una reacci\u00f3n del #44.<\/p>\n\n\n\n<p class=\"wp-block-paragraph\">\u00ab<strong>Lewis <\/strong>es una persona muy decidida y ya ha demostrado su resistencia en el pasado, as\u00ed que no hay raz\u00f3n para que no lo consiga\u00bb, dijo <strong>Brawn <\/strong>en una entrevista con el sitio web de la <strong>F1<\/strong>. \u00abSolo espero que Ferrari se adapte a la nueva normativa\u00bb, a\u00f1adi\u00f3.<\/p>\n\n\n\n<p class=\"wp-block-paragraph\">La&nbsp;<strong>F1&nbsp;<\/strong>vuelve a la acci\u00f3n entre el 28 y 30 de noviembre con el&nbsp;<strong>GP de Qatar<\/strong>, ante\u00faltima fecha de la temporada 2025, que se disputar\u00e1 en el&nbsp;<strong>Circuito Internacional de Lusail<\/strong>. GRANDE PREMIO en ESPA\u00d1OL realizar\u00e1 una cobertura completa del evento.<\/p>\n\n\n\n<figure class=\"wp-block-embed is-type-video is-provider-youtube wp-block-embed-youtube wp-embed-aspect-16-9 wp-has-aspect-ratio\"><div class=\"wp-block-embed__wrapper\">\n<iframe loading=\"lazy\" title=\"VERSTAPPEN Y LA UTOP\u00cdA POSIBLE DEL PENTACAMPEONATO\" width=\"500\" height=\"281\" src=\"https:\/\/www.youtube.com\/embed\/3rZA7LrB9Zc?feature=oembed\" frameborder=\"0\" allow=\"accelerometer; autoplay; clipboard-write; encrypted-media; gyroscope; picture-in-picture; web-share\" referrerpolicy=\"strict-origin-when-cross-origin\" allowfullscreen><\/iframe>\n<\/div><\/figure>\n","protected":false},"excerpt":{"rendered":"<p>Ross Brawn destac\u00f3 que Lewis Hamilton siempre fue muy decidido y, por eso, cree que puede dar un giro a su situaci\u00f3n en la F1. Sin embargo, el exdirectivo subray\u00f3 que Ferrari debe acertar con la nueva normativa.<\/p>\n","protected":false},"author":0,"featured_media":1010380179,"comment_status":"closed","ping_status":"closed","sticky":false,"template":"","format":"standard","meta":{"42wp_featured_image_caption":"","42wp_featured_image_credits":"","42wp_featured_video":"","42wp_featured_image_hidden":false,"42wp_authors_list":[],"footnotes":""},"categories":[5],"tags":[181,1710,185,179,8059,1488,199,570,9647],"42wp_author":[14239],"class_list":["post-3996","post","type-post","status-publish","format-standard","has-post-thumbnail","hentry","category-f1","tag-f1","tag-f1-2025","tag-ferrari","tag-formula-1","tag-formula-1-2025","tag-grande-premio","tag-lewis-hamilton","tag-ross-brawn","tag-temporada-2025-f1","42wp_author-jp-otrosky"],"_links":{"self":[{"href":"https:\/\/grandepremio.com\/es\/wp-json\/wp\/v2\/posts\/3996","targetHints":{"allow":["GET"]}}],"collection":[{"href":"https:\/\/grandepremio.com\/es\/wp-json\/wp\/v2\/posts"}],"about":[{"href":"https:\/\/grandepremio.com\/es\/wp-json\/wp\/v2\/types\/post"}],"replies":[{"embeddable":true,"href":"https:\/\/grandepremio.com\/es\/wp-json\/wp\/v2\/comments?post=3996"}],"version-history":[{"count":0,"href":"https:\/\/grandepremio.com\/es\/wp-json\/wp\/v2\/posts\/3996\/revisions"}],"wp:featuredmedia":[{"embeddable":true,"href":"https:\/\/grandepremio.com\/es\/wp-json\/wp\/v2\/media\/1010380179"}],"wp:attachment":[{"href":"https:\/\/grandepremio.com\/es\/wp-json\/wp\/v2\/media?parent=3996"}],"wp:term":[{"taxonomy":"category","embeddable":true,"href":"https:\/\/grandepremio.com\/es\/wp-json\/wp\/v2\/categories?post=3996"},{"taxonomy":"post_tag","embeddable":true,"href":"https:\/\/grandepremio.com\/es\/wp-json\/wp\/v2\/tags?post=3996"},{"taxonomy":"42wp_author","embeddable":true,"href":"https:\/\/grandepremio.com\/es\/wp-json\/wp\/v2\/42wp_author?post=3996"}],"curies":[{"name":"wp","href":"https:\/\/api.w.org\/{rel}","templated":true}]}}