{"id":39999,"date":"2026-09-02T11:00:00","date_gmt":"2026-09-02T14:00:00","guid":{"rendered":"https:\/\/grandepremio.com\/es\/?p=39999"},"modified":"2026-09-02T12:14:34","modified_gmt":"2026-09-02T15:14:34","slug":"pol-espargaro-analiza-los-test-con-pirelli-es-un-cambio-mas-drastico-que-el-de-2016","status":"publish","type":"post","link":"https:\/\/grandepremio.com\/es\/motogp\/pol-espargaro-analiza-los-test-con-pirelli-es-un-cambio-mas-drastico-que-el-de-2016\/","title":{"rendered":"Pol Espargar\u00f3 analiza los test con Pirelli: &#8220;Es un cambio m\u00e1s dr\u00e1stico que el de 2016&#8221;"},"content":{"rendered":"\n<h3 class=\"wp-block-heading\">Puntos Claves<\/h3>\n\n\n\n<ul class=\"wp-block-list\">\n<li><strong>Pol Espargar\u00f3 calific\u00f3 el cambio de Michelin a Pirelli como una transformaci\u00f3n dr\u00e1stica<\/strong>, superior a la transici\u00f3n de Bridgestone a Michelin vivida en 2016.<\/li>\n\n\n\n<li><strong>Los competidores provenientes de Moto2 y del Mundial de Superbike contar\u00e1n con ventaja<\/strong>, al estar ya familiarizados com la construcci\u00f3n de las gomas italianas.<\/li>\n\n\n\n<li><strong>Pilotos como Nicol\u00f2 Bulega, Daniel Holgado, David Alonso e Izan Guevara se beneficiar\u00e1n<\/strong> en su adaptaci\u00f3n de cara a la nueva era de prototipos de 850cc.<\/li>\n<\/ul>\n\n\n\n<p class=\"wp-block-paragraph\">La transici\u00f3n t\u00e9cnica que enfrentar\u00e1 la MotoGP en 2027 promete alterar el orden competitivo de la grilla. Adem\u00e1s de la introducci\u00f3n de los nuevos motores de 850cc, el ingreso de Pirelli como proveedor exclusivo de neum\u00e1ticos en reemplazo de Michelin representar\u00e1 un desaf\u00edo mayor para la parrilla actual.<\/p>\n\n\n\n<p class=\"wp-block-paragraph\">As\u00ed lo advirti\u00f3 Pol Espargar\u00f3, probador de KTM, quien ha participado activamente en las jornadas de desarrollo del nuevo prototipo de la marca austr\u00edaca sobre el compuesto italiano. Tras rodar con el material, el #44 sostuvo que los competidores que ascienden desde categor\u00edas donde Pirelli opera como suministrador \u00fanico tendr\u00e1n un camino de adaptaci\u00f3n mucho m\u00e1s simple.<\/p>\n\n\n\n<p class=\"wp-block-paragraph\">Espargar\u00f3 detall\u00f3 el alcance que tendr\u00e1 esta reconfiguraci\u00f3n t\u00e9cnica en comparaci\u00f3n con ciclos anteriores de la categor\u00eda reina.<\/p>\n\n\n\n<p class=\"wp-block-paragraph\">&#8220;En 2027 todo va a cambiar con Pirelli. Los pilotos de Moto2 y del Mundial de Superbike tendr\u00e1n ventaja. Tengo la sensaci\u00f3n de que los pilotos actuales no perciben realmente el tama\u00f1o del cambio que se avecina&#8221;, explic\u00f3 Espargar\u00f3.<\/p>\n\n\n\n<figure class=\"wp-block-image size-large\"><img loading=\"lazy\" decoding=\"async\" width=\"1024\" height=\"683\" src=\"https:\/\/grandepremio.com\/br\/wp-content\/uploads\/2026\/09\/SI202608290542-1024x683.jpg\" alt=\"\" class=\"wp-image-1020313520\" srcset=\"https:\/\/grandepremio.com\/wp-content\/uploads\/2026\/09\/SI202608290542-1024x683.jpg 1024w, https:\/\/grandepremio.com\/wp-content\/uploads\/2026\/09\/SI202608290542-300x200.jpg 300w, https:\/\/grandepremio.com\/wp-content\/uploads\/2026\/09\/SI202608290542-768x512.jpg 768w, https:\/\/grandepremio.com\/wp-content\/uploads\/2026\/09\/SI202608290542-1536x1024.jpg 1536w, https:\/\/grandepremio.com\/wp-content\/uploads\/2026\/09\/SI202608290542-2048x1365.jpg 2048w, https:\/\/grandepremio.com\/wp-content\/uploads\/2026\/09\/SI202608290542-150x100.jpg 150w\" sizes=\"(max-width: 1024px) 100vw, 1024px\" \/><figcaption class=\"wp-element-caption\">Pol Espargar\u00f3 ha liderado los ensayos con neum\u00e1ticos Pirelli sobre la KTM de 850cc (Foto: Red Bull Content Pool)<\/figcaption><\/figure>\n\n\n\n<p class=\"wp-block-paragraph\">El espa\u00f1ol contrapuso el escenario actual con el relevo del a\u00f1o 2016: &#8220;El cambio a Pirelli ser\u00e1 mucho m\u00e1s dr\u00e1stico que el de Bridgestone a Michelin en 2016. Los pilotos que vienen de Moto2 y del Mundial de Superbike tendr\u00e1n una ventaja enorme&#8221;.<\/p>\n\n\n\n<p class=\"wp-block-paragraph\">Nombres como Daniel Holgado, David Alonso e Izan Guevara ya tienen confirmada su graduaci\u00f3n a la categor\u00eda reina. A ellos se sumar\u00eda Nicol\u00f2 Bulega \u2014actual referente de Ducati en el WorldSBK\u2014, quien adem\u00e1s de su bagaje con el neum\u00e1tico italiano ha participado en las pruebas iniciales de la Desmosedici GP27.<\/p>\n\n\n\n<p class=\"wp-block-paragraph\">La <a target=\"_blank\" rel=\"noopener\" href=\"https:\/\/grandepremio.com\/es\/motogp\/\">MotoGP<\/a> reanudar\u00e1 las actividades del <strong>11 al 13 de septiembre en Misano<\/strong> con el Gran Premio de San Marino, 14.\u00aa fecha de la temporada 2026. La cobertura estar\u00e1 a cargo de <em>GRANDE PR\u00caMIO<\/em>.<\/p>\n\n\n\n<h3 class=\"wp-block-heading\">Preguntas Frecuentes<\/h3>\n\n\n\n<p class=\"wp-block-paragraph\"><strong>1. \u00bfCu\u00e1ndo asumir\u00e1 Pirelli como proveedor oficial de neum\u00e1ticos en la MotoGP?<\/strong><\/p>\n\n\n\n<p class=\"wp-block-paragraph\">Pirelli tomar\u00e1 el relevo de Michelin como suministrador \u00fanico a partir de la <strong>temporada 2027<\/strong>.<\/p>\n\n\n\n<p class=\"wp-block-paragraph\"><strong>2. \u00bfPor qu\u00e9 Pol Espargar\u00f3 considera que los pilotos de Moto2 y WSBK tendr\u00e1n ventaja?<\/strong><\/p>\n\n\n\n<p class=\"wp-block-paragraph\">Porque llevan <strong>a\u00f1os compitiendo y desarrollando sensaciones<\/strong> con las estructuras y compuestos de la marca italiana.<\/p>\n\n\n\n<p class=\"wp-block-paragraph\"><strong>3. \u00bfCu\u00e1ndo se disputar\u00e1 la pr\u00f3xima fecha de la MotoGP 2026?<\/strong><\/p>\n\n\n\n<p class=\"wp-block-paragraph\">El Gran Premio de San Marino en Misano se correr\u00e1 del <strong>11 al 13 de septiembre de 2026<\/strong>.<\/p>\n\n\n\n<p class=\"wp-block-paragraph\"><\/p>\n\n\n\n<p class=\"wp-block-paragraph\"><\/p>\n","protected":false},"excerpt":{"rendered":"<p>El piloto de pruebas de KTM asegur\u00f3 que la parrilla actual no dimensiona el impacto que tendr\u00e1 la llegada del fabricante italiano como proveedor \u00fanico en 2027<\/p>\n","protected":false},"author":2,"featured_media":1020313534,"comment_status":"closed","ping_status":"closed","sticky":false,"template":"","format":"standard","meta":{"42wp_featured_image_caption":"Espargar\u00f3 ha liderado los ensayos con neum\u00e1ticos Pirelli sobre la KTM de 850cc ","42wp_featured_image_credits":"Red Bull Content Pool","42wp_featured_video":"","42wp_featured_image_hidden":false,"42wp_authors_list":[],"footnotes":""},"categories":[8],"tags":[7876,8959,14387,14394,13235,14392,1564],"42wp_author":[14225],"class_list":["post-39999","post","type-post","status-publish","format-standard","has-post-thumbnail","hentry","category-motogp","tag-daniel-holgado","tag-david-alonso","tag-izan-guevara-2","tag-ktm-motogp","tag-nicolo-bulega-3","tag-pirelli-motogp","tag-pol-espargaro","42wp_author-juliana-tesser"],"_links":{"self":[{"href":"https:\/\/grandepremio.com\/es\/wp-json\/wp\/v2\/posts\/39999","targetHints":{"allow":["GET"]}}],"collection":[{"href":"https:\/\/grandepremio.com\/es\/wp-json\/wp\/v2\/posts"}],"about":[{"href":"https:\/\/grandepremio.com\/es\/wp-json\/wp\/v2\/types\/post"}],"author":[{"embeddable":true,"href":"https:\/\/grandepremio.com\/es\/wp-json\/wp\/v2\/users\/2"}],"replies":[{"embeddable":true,"href":"https:\/\/grandepremio.com\/es\/wp-json\/wp\/v2\/comments?post=39999"}],"version-history":[{"count":1,"href":"https:\/\/grandepremio.com\/es\/wp-json\/wp\/v2\/posts\/39999\/revisions"}],"predecessor-version":[{"id":40000,"href":"https:\/\/grandepremio.com\/es\/wp-json\/wp\/v2\/posts\/39999\/revisions\/40000"}],"wp:featuredmedia":[{"embeddable":true,"href":"https:\/\/grandepremio.com\/es\/wp-json\/wp\/v2\/media\/1020313534"}],"wp:attachment":[{"href":"https:\/\/grandepremio.com\/es\/wp-json\/wp\/v2\/media?parent=39999"}],"wp:term":[{"taxonomy":"category","embeddable":true,"href":"https:\/\/grandepremio.com\/es\/wp-json\/wp\/v2\/categories?post=39999"},{"taxonomy":"post_tag","embeddable":true,"href":"https:\/\/grandepremio.com\/es\/wp-json\/wp\/v2\/tags?post=39999"},{"taxonomy":"42wp_author","embeddable":true,"href":"https:\/\/grandepremio.com\/es\/wp-json\/wp\/v2\/42wp_author?post=39999"}],"curies":[{"name":"wp","href":"https:\/\/api.w.org\/{rel}","templated":true}]}}