{"id":40042,"date":"2026-09-03T08:07:09","date_gmt":"2026-09-03T11:07:09","guid":{"rendered":"https:\/\/grandepremio.com\/es\/?p=40042"},"modified":"2026-09-03T08:09:07","modified_gmt":"2026-09-03T11:09:07","slug":"oward-reconoce-la-superioridad-de-palou-en-la-indy-hace-magia-con-el-auto","status":"publish","type":"post","link":"https:\/\/grandepremio.com\/es\/indy\/oward-reconoce-la-superioridad-de-palou-en-la-indy-hace-magia-con-el-auto\/","title":{"rendered":"O&#8217;Ward reconoce la superioridad de Palou en la Indy: &#8220;Hace magia con el auto&#8221;"},"content":{"rendered":"\n<h3 class=\"wp-block-heading\">Puntos clave<\/h3>\n\n\n\n<ul class=\"wp-block-list\">\n<li><strong>O&#8217;Ward admiti\u00f3 que Palou est\u00e1 un paso adelante<\/strong> y destac\u00f3 la capacidad del espa\u00f1ol para hacer &#8220;magia&#8221; incluso cuando Ganassi no tiene el mejor auto.<\/li>\n\n\n\n<li><strong>Palou conquist\u00f3 su quinto t\u00edtulo de Indy<\/strong> en Milwaukee, mientras que O&#8217;Ward gan\u00f3 las dos carreras de la fecha doble.<\/li>\n\n\n\n<li><strong>O&#8217;Ward pelea por el subcampeonato<\/strong> con Kyle Kirkwood y Christian Lundgaard, separados por apenas tres puntos antes de Laguna Seca.<\/li>\n<\/ul>\n\n\n\n<p class=\"wp-block-paragraph\"><strong>Pato O&#8217;Ward reconoci\u00f3 la superioridad de \u00c1lex Palou en Indy.<\/strong> Despu\u00e9s del quinto campeonato del piloto de Ganassi, el mexicano destac\u00f3 que no siempre el espa\u00f1ol tiene el mejor equipamiento, pero <strong>consigue hacer magia con el auto<\/strong>. Adem\u00e1s, <strong>admiti\u00f3 que se siente un paso <\/strong><strong>atr\u00e1s en todas las fechas<\/strong>.<\/p>\n\n\n\n<p class=\"wp-block-paragraph\">Palou domin\u00f3 la Indy en los \u00faltimos a\u00f1os, por medio de una notable consistencia. Y en la temporada 2026, el representante de Ganassi volvi\u00f3 a construir una ventaja considerable sobre sus rivales a lo largo del a\u00f1o y lleg\u00f3 a la fecha doble de Milwaukee necesitando muy pocos puntos para conquistar el quinto t\u00edtulo de la categor\u00eda. <strong><a href=\"https:\/\/grandepremio.com\/es\/indy\/palou-quintuple-campeon-indycar-oward-doblete-milwaukee\/\" data-type=\"link\" data-id=\"https:\/\/grandepremio.com\/es\/indy\/palou-quintuple-campeon-indycar-oward-doblete-milwaukee\/\">El d\u00e9cimo puesto en la primera carrera fue suficiente para que se consagrara campe\u00f3n el \u00faltimo fin de semana.<\/a><\/strong><\/p>\n\n\n\n<p class=\"wp-block-paragraph\">O&#8217;Ward, que gan\u00f3 las dos carreras en Milwaukee, resalt\u00f3 que siempre siente que est\u00e1 un paso por detr\u00e1s de Palou y destac\u00f3 que el espa\u00f1ol hace magia.<\/p>\n\n\n\n<figure class=\"wp-block-image size-large\"><img loading=\"lazy\" decoding=\"async\" width=\"1024\" height=\"683\" src=\"https:\/\/grandepremio.com\/br\/wp-content\/uploads\/2026\/08\/Snap-On-Makers-and-Fixers-250-at-the-Milwaukee-Mile-Friday_-August-28_-2026_Large-Image-Without-Watermark_m164003-1024x683.jpg\" alt=\"\" class=\"wp-image-1020313158\" srcset=\"https:\/\/grandepremio.com\/wp-content\/uploads\/2026\/08\/Snap-On-Makers-and-Fixers-250-at-the-Milwaukee-Mile-Friday_-August-28_-2026_Large-Image-Without-Watermark_m164003-1024x683.jpg 1024w, https:\/\/grandepremio.com\/wp-content\/uploads\/2026\/08\/Snap-On-Makers-and-Fixers-250-at-the-Milwaukee-Mile-Friday_-August-28_-2026_Large-Image-Without-Watermark_m164003-300x200.jpg 300w, https:\/\/grandepremio.com\/wp-content\/uploads\/2026\/08\/Snap-On-Makers-and-Fixers-250-at-the-Milwaukee-Mile-Friday_-August-28_-2026_Large-Image-Without-Watermark_m164003-768x512.jpg 768w, https:\/\/grandepremio.com\/wp-content\/uploads\/2026\/08\/Snap-On-Makers-and-Fixers-250-at-the-Milwaukee-Mile-Friday_-August-28_-2026_Large-Image-Without-Watermark_m164003-1536x1024.jpg 1536w, https:\/\/grandepremio.com\/wp-content\/uploads\/2026\/08\/Snap-On-Makers-and-Fixers-250-at-the-Milwaukee-Mile-Friday_-August-28_-2026_Large-Image-Without-Watermark_m164003-2048x1365.jpg 2048w, https:\/\/grandepremio.com\/wp-content\/uploads\/2026\/08\/Snap-On-Makers-and-Fixers-250-at-the-Milwaukee-Mile-Friday_-August-28_-2026_Large-Image-Without-Watermark_m164003-150x100.jpg 150w\" sizes=\"(max-width: 1024px) 100vw, 1024px\" \/><figcaption class=\"wp-element-caption\">Pato O&#8217;Ward reconoci\u00f3 la superioridad de \u00c1lex Palou en la Indy (Foto: IndyCar)<\/figcaption><\/figure>\n\n\n\n<p class=\"wp-block-paragraph\">&#8220;Aunque fue muy dif\u00edcil para nosotros llegar hasta ac\u00e1, siento que siempre estamos un paso por detr\u00e1s. Palou y Ganassi entregan resultados y ejecutan bien. No tienen el mejor equipamiento en todas las situaciones, pero <strong>\u00c1lex hace cosas realmente m\u00e1gicas con el auto<\/strong>&#8220;, destac\u00f3 el piloto de McLaren.<\/p>\n\n\n\n<p class=\"wp-block-paragraph\">O&#8217;Ward tambi\u00e9n se\u00f1al\u00f3 que el espa\u00f1ol es humano y comete errores, pero es capaz de compensar los resultados negativos inmediatamente despu\u00e9s.<\/p>\n\n\n\n<p class=\"wp-block-paragraph\">&#8220;Obviamente, Palou es humano. Comete errores como cualquier otro piloto. Sin embargo, por la cantidad de veces que se equivoca, siempre consigue compensarlo con una victoria. Es en esos momentos cuando realmente te das cuenta de que tienes un problema&#8221;, complet\u00f3.<\/p>\n\n\n\n<p class=\"wp-block-paragraph\">En gran momento en el tramo final de Indy 2026, el mexicano pelea por el subcampeonato con Kyle Kirkwood, de Andretti, y su compa\u00f1ero de McLaren, Christian Lundgaard. <strong>Los tres est\u00e1n separados por apenas tres puntos.<\/strong><\/p>\n\n\n\n<p class=\"wp-block-paragraph\">Indy concluir\u00e1 la temporada 2026 el pr\u00f3ximo fin de semana, entre el 4 y el 6 de septiembre, con el <strong>GP de Laguna Seca<\/strong>.<\/p>\n\n\n\n<h3 class=\"wp-block-heading\">Preguntas frecuentes<\/h3>\n\n\n\n<p class=\"wp-block-paragraph\"><strong>\u00bfQu\u00e9 dijo Pato O&#8217;Ward sobre \u00c1lex Palou?<\/strong><br>O&#8217;Ward reconoci\u00f3 que siente que Palou est\u00e1 un paso por delante en todas las fechas y destac\u00f3 su capacidad para conseguir grandes resultados incluso cuando Ganassi no tiene el mejor auto.<\/p>\n\n\n\n<p class=\"wp-block-paragraph\"><strong>\u00bfCu\u00e1ntos t\u00edtulos de Indy gan\u00f3 \u00c1lex Palou?<\/strong><br>Con el campeonato de 2026, Palou consigui\u00f3 su <strong>quinto t\u00edtulo de Indy<\/strong>.<\/p>\n\n\n\n<p class=\"wp-block-paragraph\"><strong>\u00bfQui\u00e9nes pelean por el subcampeonato de Indy 2026?<\/strong><br>Pato O&#8217;Ward, Kyle Kirkwood y Christian Lundgaard luchan por el segundo puesto del campeonato y llegan a Laguna Seca separados por apenas tres puntos.<\/p>\n\n\n\n<figure class=\"wp-block-image size-large\"><img loading=\"lazy\" decoding=\"async\" width=\"1024\" height=\"576\" src=\"https:\/\/grandepremio.com\/es\/wp-content\/uploads\/2026\/08\/Horarios-Italia-1024x576.jpg\" alt=\"\" class=\"wp-image-1020313479\" srcset=\"https:\/\/grandepremio.com\/wp-content\/uploads\/2026\/08\/Horarios-Italia-1024x576.jpg 1024w, https:\/\/grandepremio.com\/wp-content\/uploads\/2026\/08\/Horarios-Italia-300x169.jpg 300w, https:\/\/grandepremio.com\/wp-content\/uploads\/2026\/08\/Horarios-Italia-768x432.jpg 768w, https:\/\/grandepremio.com\/wp-content\/uploads\/2026\/08\/Horarios-Italia-1536x864.jpg 1536w, https:\/\/grandepremio.com\/wp-content\/uploads\/2026\/08\/Horarios-Italia-1200x675.jpg 1200w, https:\/\/grandepremio.com\/wp-content\/uploads\/2026\/08\/Horarios-Italia-150x84.jpg 150w, https:\/\/grandepremio.com\/wp-content\/uploads\/2026\/08\/Horarios-Italia.jpg 1920w\" sizes=\"(max-width: 1024px) 100vw, 1024px\" \/><figcaption class=\"wp-element-caption\">Arte: Ignacio Bogado \/ Grande Premio en Espa\u00f1ol<\/figcaption><\/figure>\n","protected":false},"excerpt":{"rendered":"<p>Pato O&#8217;Ward destac\u00f3 el nivel de \u00c1lex Palou y resalt\u00f3 que el espa\u00f1ol &#8220;hace magia con el auto&#8221;, aun cuando no cuenta con el mejor conjunto. El mexicano admiti\u00f3 que se sinti\u00f3 atr\u00e1s de su rival en todas las carreras.  <\/p>\n","protected":false},"author":15,"featured_media":1020313436,"comment_status":"closed","ping_status":"closed","sticky":false,"template":"","format":"standard","meta":{"42wp_featured_image_caption":"Pato O'Ward elogi\u00f3 el desempe\u00f1o de \u00c1lex Palou, m\u00faltiple campe\u00f3n en la Indy.","42wp_featured_image_credits":"IndyCar","42wp_featured_video":"","42wp_featured_image_hidden":false,"42wp_authors_list":[{"id":14223,"location":""}],"footnotes":""},"categories":[7],"tags":[393,925,3632,1419],"42wp_author":[14223],"class_list":["post-40042","post","type-post","status-publish","format-standard","has-post-thumbnail","hentry","category-indy","tag-alex-palou","tag-indy","tag-indy-2026","tag-pato-oward","42wp_author-esteban-nieto"],"_links":{"self":[{"href":"https:\/\/grandepremio.com\/es\/wp-json\/wp\/v2\/posts\/40042","targetHints":{"allow":["GET"]}}],"collection":[{"href":"https:\/\/grandepremio.com\/es\/wp-json\/wp\/v2\/posts"}],"about":[{"href":"https:\/\/grandepremio.com\/es\/wp-json\/wp\/v2\/types\/post"}],"author":[{"embeddable":true,"href":"https:\/\/grandepremio.com\/es\/wp-json\/wp\/v2\/users\/15"}],"replies":[{"embeddable":true,"href":"https:\/\/grandepremio.com\/es\/wp-json\/wp\/v2\/comments?post=40042"}],"version-history":[{"count":2,"href":"https:\/\/grandepremio.com\/es\/wp-json\/wp\/v2\/posts\/40042\/revisions"}],"predecessor-version":[{"id":40045,"href":"https:\/\/grandepremio.com\/es\/wp-json\/wp\/v2\/posts\/40042\/revisions\/40045"}],"wp:featuredmedia":[{"embeddable":true,"href":"https:\/\/grandepremio.com\/es\/wp-json\/wp\/v2\/media\/1020313436"}],"wp:attachment":[{"href":"https:\/\/grandepremio.com\/es\/wp-json\/wp\/v2\/media?parent=40042"}],"wp:term":[{"taxonomy":"category","embeddable":true,"href":"https:\/\/grandepremio.com\/es\/wp-json\/wp\/v2\/categories?post=40042"},{"taxonomy":"post_tag","embeddable":true,"href":"https:\/\/grandepremio.com\/es\/wp-json\/wp\/v2\/tags?post=40042"},{"taxonomy":"42wp_author","embeddable":true,"href":"https:\/\/grandepremio.com\/es\/wp-json\/wp\/v2\/42wp_author?post=40042"}],"curies":[{"name":"wp","href":"https:\/\/api.w.org\/{rel}","templated":true}]}}