{"id":40084,"date":"2026-09-03T12:29:09","date_gmt":"2026-09-03T15:29:09","guid":{"rendered":"https:\/\/grandepremio.com\/es\/?p=40084"},"modified":"2026-09-03T12:29:10","modified_gmt":"2026-09-03T15:29:10","slug":"alonso-critica-aston-martin-a-pesar-progreso-f1-2026","status":"publish","type":"post","link":"https:\/\/grandepremio.com\/es\/f1\/alonso-critica-aston-martin-a-pesar-progreso-f1-2026\/","title":{"rendered":"Alonso critica a Aston Martin a pesar del progreso en 2026: &#8220;No podemos estar contentos con el 9\u00b0 puesto&#8221;"},"content":{"rendered":"\n<p class=\"wp-block-paragraph\">Tras haber logrado el mejor resultado de la temporada 2026 del equipo <strong>Aston Martin<\/strong> con el noveno puesto en el GP de Pa\u00edses Bajos, <strong>Fernando Alonso<\/strong> dijo que no se conforma con eso y que quiere mucho m\u00e1s en la previa del <strong>GP de Italia<\/strong> de <strong>F\u00f3rmula 1<\/strong> y remarc\u00f3 que Monza ser\u00e1 una prueba de fuego para la unidad de potencia de <strong>Honda<\/strong>.<\/p>\n\n\n\n<p class=\"wp-block-paragraph\">\ud83d\udfe5&nbsp;<strong><em>\u00a1Todas las novedades te esperan en el canal de&nbsp;<\/em><\/strong><a href=\"https:\/\/www.youtube.com\/@GrandePremioES\"><em>YouTube<\/em><\/a><strong><em>&nbsp;de Grande Pr\u00eamio en Espa\u00f1ol!<\/em><\/strong>&nbsp;\ud83d\udfe8<\/p>\n\n\n\n<p class=\"wp-block-paragraph\"><strong>\u201cNo podemos conformarnos con un noveno puesto, y creo que nadie en el equipo est\u00e1 satisfecho. Fue un gran incentivo para todos saber que, al menos, vamos por el buen camino, porque hemos cambiado muchas cosas en el coche desde Budapest; sabemos que estamos alcanzando un nivel mucho mejor en las curva<\/strong>s\u201d, afirm\u00f3 Alonso, reconociendo los avances realizados desde Hungr\u00eda, pero que tienen que estar mucho m\u00e1s arriba en la grilla de la F1.<\/p>\n\n\n\n<p class=\"wp-block-paragraph\"><strong>\u201cEsto nos dio esperanzas de que, si continuamos con esta filosof\u00eda, estrategia y ritmo de desarrollo, seremos uno de los coches m\u00e1s r\u00e1pidos en las curvas. As\u00ed que hemos completado una etapa\u201d<\/strong>, recalc\u00f3, aunque critic\u00f3 que no vio evoluci\u00f3n en las prestaciones del motor.<\/p>\n\n\n\n<figure class=\"wp-block-embed is-type-video is-provider-youtube wp-block-embed-youtube wp-embed-aspect-16-9 wp-has-aspect-ratio\"><div class=\"wp-block-embed__wrapper\">\n<iframe loading=\"lazy\" title=\"COLAPINTO RENUEVA CON ALPINE PARA 2027\" width=\"500\" height=\"281\" src=\"https:\/\/www.youtube.com\/embed\/HvUBP_HOB-Q?feature=oembed\" frameborder=\"0\" allow=\"accelerometer; autoplay; clipboard-write; encrypted-media; gyroscope; picture-in-picture; web-share\" referrerpolicy=\"strict-origin-when-cross-origin\" allowfullscreen><\/iframe>\n<\/div><\/figure>\n\n\n\n<p class=\"wp-block-paragraph\"><strong>\u201cRespecto al motor, creo que en Zandvoort, para ser honesto, no hubo una gran evoluci\u00f3n. El manejo fue un problema y la potencia extra fue dif\u00edcil de sentir, pero quiz\u00e1s Monza sea una verdadera prueba. A\u00fan queda mucho camino por recorrer\u201d<\/strong>, concluy\u00f3.<\/p>\n\n\n\n<p class=\"wp-block-paragraph\">\u23e9&nbsp;<strong><em>\u00a1Seguinos en redes por&nbsp;<\/em><\/strong><a href=\"https:\/\/twitter.com\/grandepremioES\"><em>Twitter&nbsp;<\/em><\/a><strong><em>e&nbsp;<\/em><\/strong><a href=\"https:\/\/www.instagram.com\/grandepremioes\/\"><em>Instagram!<br><\/em><\/a>\u23e9&nbsp;<strong><em>Adem\u00e1s, tenemos nuestro&nbsp;<\/em><\/strong><a href=\"https:\/\/whatsapp.com\/channel\/0029VaDZ5zb0gcfDxuwxBM05\"><em>canal de Whatsapp<\/em><\/a><strong><em>&nbsp;con toda la informaci\u00f3n al instante<\/em><\/strong>&nbsp;\ud83c\udfc1<\/p>\n\n\n\n<p class=\"wp-block-paragraph\">La F\u00f3rmula 1 regresar\u00e1 entre el 4 y el 6 de septiembre, con el Gran Premio de Italia a disputarse en el circuito de Monza, para la 13\u00b0 cita de la temporada 2026.<\/p>\n","protected":false},"excerpt":{"rendered":"<p>Fernando Alonso destac\u00f3 el avance del auto en las curvas, pero exige un rendimiento superior al noveno puesto obtenido en el Gran Premio de Pa\u00edses Bajos y el piloto de Aston Martin ve a Monza como una prueba para el motor Honda.<\/p>\n","protected":false},"author":31,"featured_media":1020312304,"comment_status":"closed","ping_status":"closed","sticky":false,"template":"","format":"standard","meta":{"42wp_featured_image_caption":"Fernando Alonso. (Foto: Reproducci\u00f3n)","42wp_featured_image_credits":"","42wp_featured_video":"","42wp_featured_image_hidden":false,"42wp_authors_list":[{"id":14237,"location":"de Buenos Aires"}],"footnotes":""},"categories":[5],"tags":[209,184,179],"42wp_author":[14237],"class_list":["post-40084","post","type-post","status-publish","format-standard","has-post-thumbnail","hentry","category-f1","tag-aston-martin","tag-fernando-alonso","tag-formula-1","42wp_author-gabriel-garcia"],"_links":{"self":[{"href":"https:\/\/grandepremio.com\/es\/wp-json\/wp\/v2\/posts\/40084","targetHints":{"allow":["GET"]}}],"collection":[{"href":"https:\/\/grandepremio.com\/es\/wp-json\/wp\/v2\/posts"}],"about":[{"href":"https:\/\/grandepremio.com\/es\/wp-json\/wp\/v2\/types\/post"}],"author":[{"embeddable":true,"href":"https:\/\/grandepremio.com\/es\/wp-json\/wp\/v2\/users\/31"}],"replies":[{"embeddable":true,"href":"https:\/\/grandepremio.com\/es\/wp-json\/wp\/v2\/comments?post=40084"}],"version-history":[{"count":4,"href":"https:\/\/grandepremio.com\/es\/wp-json\/wp\/v2\/posts\/40084\/revisions"}],"predecessor-version":[{"id":40088,"href":"https:\/\/grandepremio.com\/es\/wp-json\/wp\/v2\/posts\/40084\/revisions\/40088"}],"wp:featuredmedia":[{"embeddable":true,"href":"https:\/\/grandepremio.com\/es\/wp-json\/wp\/v2\/media\/1020312304"}],"wp:attachment":[{"href":"https:\/\/grandepremio.com\/es\/wp-json\/wp\/v2\/media?parent=40084"}],"wp:term":[{"taxonomy":"category","embeddable":true,"href":"https:\/\/grandepremio.com\/es\/wp-json\/wp\/v2\/categories?post=40084"},{"taxonomy":"post_tag","embeddable":true,"href":"https:\/\/grandepremio.com\/es\/wp-json\/wp\/v2\/tags?post=40084"},{"taxonomy":"42wp_author","embeddable":true,"href":"https:\/\/grandepremio.com\/es\/wp-json\/wp\/v2\/42wp_author?post=40084"}],"curies":[{"name":"wp","href":"https:\/\/api.w.org\/{rel}","templated":true}]}}