{"id":40132,"date":"2026-09-04T07:23:39","date_gmt":"2026-09-04T10:23:39","guid":{"rendered":"https:\/\/grandepremio.com\/es\/?p=40132"},"modified":"2026-09-04T07:23:41","modified_gmt":"2026-09-04T10:23:41","slug":"la-formula-1-acuerda-con-los-equipos-reducir-la-distancia-de-las-carreras-a-partir-de-2027","status":"publish","type":"post","link":"https:\/\/grandepremio.com\/es\/f1\/la-formula-1-acuerda-con-los-equipos-reducir-la-distancia-de-las-carreras-a-partir-de-2027\/","title":{"rendered":"La F\u00f3rmula 1 acuerda con los equipos reducir la distancia de las carreras a partir de 2027"},"content":{"rendered":"\n<h2 class=\"wp-block-heading\">Resumen de la noticia<\/h2>\n\n\n\n<ul class=\"wp-block-list\">\n<li><strong>Los equipos de F\u00f3rmula 1 acordaron reducir alrededor de un 5% la distancia de los Grandes Premios a partir de 2027<\/strong>, de unos 305 a aproximadamente 290 kil\u00f3metros.<\/li>\n\n\n\n<li>La medida est\u00e1 relacionada con <strong>el aumento de la contribuci\u00f3n del motor de combusti\u00f3n y un mayor flujo de combustible<\/strong>, que elevar\u00e1n el consumo de las unidades de potencia.<\/li>\n\n\n\n<li><strong>El acuerdo todav\u00eda debe completar el proceso reglamentario<\/strong>, mientras que el GP de M\u00f3naco mantendr\u00eda su distancia especial de unos 260 kil\u00f3metros.<\/li>\n<\/ul>\n\n\n\n<p class=\"wp-block-paragraph\">La <strong>F\u00f3rmula 1 aspira a disputar carreras m\u00e1s cortas para 2027<\/strong>. Seg\u00fan inform\u00f3 <em>AutoRacer<\/em> y posteriormente <em>Motorsport.com<\/em>, los equipos acordaron reducir alrededor de un 5% la distancia promedio de los Grandes Premios, de unos 305 a aproximadamente 290 kil\u00f3metros.<\/p>\n\n\n\n<p class=\"wp-block-paragraph\">La medida responde a los cambios previstos en las <strong>unidades de potencia de 2027<\/strong>, que dar\u00e1n mayor protagonismo al motor de combusti\u00f3n y permitir\u00e1n un flujo de combustible m\u00e1s elevado. Esto aumentar\u00e1 el consumo, pero ampliar la capacidad de los dep\u00f3sitos obligar\u00eda a modificar elementos de los autos que ya est\u00e1n siendo desarrollados bajo el reglamento de 2026.<\/p>\n\n\n\n<p class=\"wp-block-paragraph\">Por eso, <strong>reducir la distancia de las carreras permitir\u00e1 aprovechar la potencia adicional sin exigir grandes cambios en el chasis ni en la posibilidad de desarrollar<\/strong><strong> las m\u00e1quinas<\/strong>.<\/p>\n\n\n\n<h3 class=\"wp-block-heading\">M\u00e1s potencia del motor de combusti\u00f3n implica mayor consumo<\/h3>\n\n\n\n<p class=\"wp-block-paragraph\">El cambio forma parte de los ajustes realizados para la segunda temporada del actual reglamento de unidades de potencia. Despu\u00e9s de un 2026 marcado por la elevada importancia de la energ\u00eda el\u00e9ctrica, <strong>la F1 busca aumentar progresivamente el peso del motor de combusti\u00f3n en el rendimiento de los monoplazas<\/strong>.<\/p>\n\n\n\n<p class=\"wp-block-paragraph\">Para conseguirlo, ser\u00e1 necesario permitir una mayor cantidad de combustible a trav\u00e9s del motor. Esto, naturalmente, incrementar\u00e1 el consumo durante una carrera.<\/p>\n\n\n\n<p class=\"wp-block-paragraph\">El problema est\u00e1 en que los monoplazas de 2027 ya se encuentran en una fase avanzada de desarrollo. <strong>Aumentar considerablemente la capacidad de los dep\u00f3sitos de combustible obligar\u00eda a modificar elementos estructurales del coche<\/strong>, como el chasis y de varios componentes de la carrocer\u00eda.<\/p>\n\n\n\n<p class=\"wp-block-paragraph\">Adem\u00e1s del costo econ\u00f3mico, ese camino podr\u00eda generar un efecto contrario al objetivo de mantener los monoplazas ligeros y eficientes.<\/p>\n\n\n\n<p class=\"wp-block-paragraph\">Por ello, <strong>reducir la distancia de las carreras ofrece una soluci\u00f3n m\u00e1s sencilla<\/strong>: los coches podr\u00e1n utilizar una mayor cantidad de combustible por vuelta sin necesitar dep\u00f3sitos significativamente m\u00e1s grandes para completar la distancia total de un Gran Premio.<\/p>\n\n\n\n<h3 class=\"wp-block-heading\">Las carreras ser\u00e1n m\u00e1s cortas, pero los coches podr\u00e1n mantener un ritmo mayor<\/h3>\n\n\n\n<p class=\"wp-block-paragraph\">La reducci\u00f3n de la distancia no significa necesariamente que la F\u00f3rmula 1 vaya a ofrecer carreras menos exigentes desde el punto de vista del rendimiento.<\/p>\n\n\n\n<p class=\"wp-block-paragraph\">Con una mayor participaci\u00f3n del motor de combusti\u00f3n y un menor peso relativo de la gesti\u00f3n de energ\u00eda, <strong>los pilotos deber\u00edan poder mantener un nivel de rendimiento m\u00e1s elevado durante una mayor parte de la carrera<\/strong>.<\/p>\n\n\n\n<p class=\"wp-block-paragraph\">La situaci\u00f3n supone un cambio respecto a los primeros Grandes Premios de la nueva generaci\u00f3n de monoplazas, en los que la gesti\u00f3n de la energ\u00eda el\u00e9ctrica se convirti\u00f3 en uno de los principales factores estrat\u00e9gicos.<\/p>\n\n\n\n<p class=\"wp-block-paragraph\">Al reducirse la distancia total, los equipos podr\u00e1n aprovechar mejor la potencia adicional disponible sin tener que comprometer tanto el ritmo para ahorrar combustible.<\/p>\n\n\n\n<p class=\"wp-block-paragraph\">El objetivo, por tanto, es alcanzar un equilibrio entre <strong>mayor potencia, mayor consumo y una distancia de carrera que siga siendo compatible con los autos ya dise\u00f1ados<\/strong>.<\/p>\n\n\n\n<h3 class=\"wp-block-heading\">M\u00f3naco mantiene un tratamiento especial<\/h3>\n\n\n\n<p class=\"wp-block-paragraph\">El <strong>GP de M\u00f3naco<\/strong> continuar\u00e1 teniendo una consideraci\u00f3n diferente debido a las caracter\u00edsticas de su circuito.<\/p>\n\n\n\n<p class=\"wp-block-paragraph\">La carrera en el Principado ya est\u00e1 limitada a unos 260 km, muy por debajo de los aproximadamente 305 km que sirven como referencia para el resto del calendario. Su trazado callejero y las menores exigencias de energ\u00eda hacen que no exista la misma necesidad de aplicar la reducci\u00f3n prevista para las dem\u00e1s pruebas.<\/p>\n\n\n\n<p class=\"wp-block-paragraph\">Por ahora, las informaciones disponibles apuntan a que <strong>M\u00f3naco mantendr\u00e1 su distancia especial<\/strong>, mientras que el resto de los Grandes Premios se situar\u00eda en alrededor de los 290 kil\u00f3metros.<\/p>\n\n\n\n<h3 class=\"wp-block-heading\">El cambio todav\u00eda necesita aprobaci\u00f3n formal<\/h3>\n\n\n\n<p class=\"wp-block-paragraph\">Aunque los equipos ya dieron su respaldo a la propuesta, <strong>la reducci\u00f3n de la distancia todav\u00eda no forma parte de manera definitiva del reglamento deportivo de 2027<\/strong>.<\/p>\n\n\n\n<p class=\"wp-block-paragraph\">Motorsport.com y The Race se\u00f1alan que el acuerdo debe continuar el proceso formal correspondiente. La modificaci\u00f3n tendr\u00e1 que ser presentada a la <strong>F1 Commission<\/strong> y, posteriormente, ratificada por el <strong>Consejo Mundial de Automovilismo de la FIA<\/strong>.<\/p>\n\n\n\n<p class=\"wp-block-paragraph\">Por lo tanto, lo correcto actualmente es hablar de <strong>un acuerdo alcanzado por los equipos para reducir la distancia<\/strong>, y no de una regla que ya haya sido formalmente aprobada.<\/p>\n\n\n\n<p class=\"wp-block-paragraph\">La propuesta tambi\u00e9n podr\u00eda tener car\u00e1cter inicialmente temporal, ya que nace como respuesta al ajuste realizado en las unidades de potencia para 2027. Dependiendo de c\u00f3mo evolucionen los motores y del impacto de futuras modificaciones en el flujo de combustible, la F\u00f3rmula 1 podr\u00eda decidir mantener o revisar la nueva distancia en los a\u00f1os siguientes.<\/p>\n\n\n\n<p class=\"wp-block-paragraph\">En t\u00e9rminos pr\u00e1cticos, <strong>los Grandes Premios de 2027 ser\u00edan aproximadamente tres vueltas m\u00e1s cortos en la mayor\u00eda de los circuitos<\/strong>, aunque el n\u00famero exacto de vueltas depender\u00e1 de la longitud de cada trazado.<\/p>\n\n\n\n<p class=\"wp-block-paragraph\">La <strong>F\u00f3rmula 1 disputa este fin de semana, del 4 al 6 de septiembre, el GP de Italia en Monza<\/strong>, decimotercera cita efectiva de la temporada 2026. <strong>GRANDE PR\u00caMIO<\/strong> cubrir\u00e1 de manera completa este fin de semana.<\/p>\n\n\n\n<h2 class=\"wp-block-heading\">Preguntas frecuentes<\/h2>\n\n\n\n<h3 class=\"wp-block-heading\">\u00bfCu\u00e1nto se reducir\u00e1 la distancia de las carreras de F1 en 2027?<\/h3>\n\n\n\n<p class=\"wp-block-paragraph\">La propuesta respaldada por los equipos contempla reducir la distancia promedio de <strong>unos 305 km a aproximadamente 290 km<\/strong>, una disminuci\u00f3n cercana al 5%.<\/p>\n\n\n\n<h3 class=\"wp-block-heading\">\u00bfPor qu\u00e9 la F1 quiere carreras m\u00e1s cortas en 2027?<\/h3>\n\n\n\n<p class=\"wp-block-paragraph\">La principal raz\u00f3n es <strong>el aumento de la potencia y del flujo de combustible asociado al motor de combusti\u00f3n<\/strong>. Esto incrementar\u00e1 el consumo y podr\u00eda exigir dep\u00f3sitos m\u00e1s grandes. Reducir la distancia permite afrontar ese problema sin redise\u00f1ar profundamente los monoplazas.<\/p>\n\n\n\n<h3 class=\"wp-block-heading\">\u00bfEl cambio ya est\u00e1 aprobado oficialmente?<\/h3>\n\n\n\n<p class=\"wp-block-paragraph\"><strong>Todav\u00eda no.<\/strong> Los equipos respaldaron la propuesta, pero la modificaci\u00f3n debe pasar por la F1 Commission y posteriormente ser ratificada por el Consejo Mundial de Automovilismo de la FIA antes de incorporarse formalmente al reglamento de 2027.<\/p>\n\n\n\n<p class=\"wp-block-paragraph\"><\/p>\n","protected":false},"excerpt":{"rendered":"<p>Los Grandes Premios pasar\u00e1n de unos 305 km a alrededor de 290 km como consecuencia del aumento de la potencia del motor de combusti\u00f3n y del mayor consumo de combustible previsto para 2027<\/p>\n","protected":false},"author":2,"featured_media":1020312840,"comment_status":"closed","ping_status":"closed","sticky":false,"template":"","format":"standard","meta":{"42wp_featured_image_caption":"Los equipos de la F\u00f3rmula 1 acordaron reducir alrededor de un 5% la distancia de los Grandes Premios a partir de 2027","42wp_featured_image_credits":"Haas","42wp_featured_video":"","42wp_featured_image_hidden":false,"42wp_authors_list":[{"id":14223,"location":""}],"footnotes":""},"categories":[5],"tags":[3367,179,13835,14411],"42wp_author":[14223],"class_list":["post-40132","post","type-post","status-publish","format-standard","has-post-thumbnail","hentry","category-f1","tag-f1-2027","tag-formula-1","tag-reglamento-f1","tag-unidades-de-potencia-2","42wp_author-esteban-nieto"],"_links":{"self":[{"href":"https:\/\/grandepremio.com\/es\/wp-json\/wp\/v2\/posts\/40132","targetHints":{"allow":["GET"]}}],"collection":[{"href":"https:\/\/grandepremio.com\/es\/wp-json\/wp\/v2\/posts"}],"about":[{"href":"https:\/\/grandepremio.com\/es\/wp-json\/wp\/v2\/types\/post"}],"author":[{"embeddable":true,"href":"https:\/\/grandepremio.com\/es\/wp-json\/wp\/v2\/users\/2"}],"replies":[{"embeddable":true,"href":"https:\/\/grandepremio.com\/es\/wp-json\/wp\/v2\/comments?post=40132"}],"version-history":[{"count":2,"href":"https:\/\/grandepremio.com\/es\/wp-json\/wp\/v2\/posts\/40132\/revisions"}],"predecessor-version":[{"id":40145,"href":"https:\/\/grandepremio.com\/es\/wp-json\/wp\/v2\/posts\/40132\/revisions\/40145"}],"wp:featuredmedia":[{"embeddable":true,"href":"https:\/\/grandepremio.com\/es\/wp-json\/wp\/v2\/media\/1020312840"}],"wp:attachment":[{"href":"https:\/\/grandepremio.com\/es\/wp-json\/wp\/v2\/media?parent=40132"}],"wp:term":[{"taxonomy":"category","embeddable":true,"href":"https:\/\/grandepremio.com\/es\/wp-json\/wp\/v2\/categories?post=40132"},{"taxonomy":"post_tag","embeddable":true,"href":"https:\/\/grandepremio.com\/es\/wp-json\/wp\/v2\/tags?post=40132"},{"taxonomy":"42wp_author","embeddable":true,"href":"https:\/\/grandepremio.com\/es\/wp-json\/wp\/v2\/42wp_author?post=40132"}],"curies":[{"name":"wp","href":"https:\/\/api.w.org\/{rel}","templated":true}]}}