{"id":40256,"date":"2026-09-04T15:02:02","date_gmt":"2026-09-04T18:02:02","guid":{"rendered":"https:\/\/grandepremio.com\/es\/?p=40256"},"modified":"2026-09-04T15:02:03","modified_gmt":"2026-09-04T18:02:03","slug":"antonelli-destaca-ferrari-principal-rival-gp-italia","status":"publish","type":"post","link":"https:\/\/grandepremio.com\/es\/f1\/antonelli-destaca-ferrari-principal-rival-gp-italia\/","title":{"rendered":"Antonelli destaca un &#8220;paso adelante&#8221; y elige a Ferrari como su principal rival en el Gran Premio de Italia"},"content":{"rendered":"\n<p class=\"wp-block-paragraph\">Si bien <strong>Mercedes <\/strong>encabez\u00f3 la tabla de tiempos de la FP2 del <strong>GP de Italia<\/strong> de <strong>F\u00f3rmula 1,<\/strong> el l\u00edder del campeonato, <strong>Kimi Antonelli<\/strong>, dijo que el rival m\u00e1s fuerte que ve para la pelea por la pole de ma\u00f1ana es el equipo Ferrari, que fue segundo con Charles Leclerc en Monza.<\/p>\n\n\n\n<p class=\"wp-block-paragraph\">\ud83d\udfe5&nbsp;<strong><em>\u00a1Todas las novedades te esperan en el canal de&nbsp;<\/em><\/strong><a href=\"https:\/\/www.youtube.com\/@GrandePremioES\"><em>YouTube<\/em><\/a><strong><em>&nbsp;de Grande Pr\u00eamio en Espa\u00f1ol!<\/em><\/strong>&nbsp;\ud83d\udfe8<\/p>\n\n\n\n<p class=\"wp-block-paragraph\">Antonelli habl\u00f3 con la cadena brit\u00e1nica <em>Sky Sports<\/em> sobre el trabajo de hoy en su carrera <em>\u2018como local\u2019:<\/em> <strong>\u201cEs incre\u00edble estar aqu\u00ed, todo el apoyo ha sido asombroso. Hoy fue un d\u00eda un poco diferente al habitual, mucho m\u00e1s enfocado en el ritmo de carrera. Fue un poco extra\u00f1o, no voy a mentir, pero en general, un buen d\u00eda. Recopilamos muchos datos y ahora esperamos con ilusi\u00f3n los pr\u00f3ximos d\u00edas\u201d.<\/strong><\/p>\n\n\n\n<p class=\"wp-block-paragraph\"><strong>&#8220;Es un circuito donde se pueden hacer muchas cosas diferentes. La simulaci\u00f3n de carrera de hoy fue interesante. Estuvimos detr\u00e1s de Red Bull para ver qu\u00e9 hac\u00edan diferente, d\u00f3nde usaban la energ\u00eda en comparaci\u00f3n con nosotros, c\u00f3mo se posicionaban. Fue muy interesante y, s\u00ed, por eso creo que recopilamos muchos datos y ahora esperamos con ilusi\u00f3n la carrera de ma\u00f1ana&#8221;<\/strong>, a\u00f1adi\u00f3.<\/p>\n\n\n\n<figure class=\"wp-block-embed is-type-video is-provider-youtube wp-block-embed-youtube wp-embed-aspect-16-9 wp-has-aspect-ratio\"><div class=\"wp-block-embed__wrapper\">\n<iframe loading=\"lazy\" title=\"GP DE ITALIA 2026 - LA PREVIA\" width=\"500\" height=\"281\" src=\"https:\/\/www.youtube.com\/embed\/wKg-mtjlkmM?feature=oembed\" frameborder=\"0\" allow=\"accelerometer; autoplay; clipboard-write; encrypted-media; gyroscope; picture-in-picture; web-share\" referrerpolicy=\"strict-origin-when-cross-origin\" allowfullscreen><\/iframe>\n<\/div><\/figure>\n\n\n\n<p class=\"wp-block-paragraph\"><strong>&#8220;Ferrari ha dado un paso adelante con el nuevo motor y ahora las velocidades son iguales, as\u00ed que sabemos lo bien que se comporta su coche en las curvas. Sin duda, ma\u00f1ana habr\u00e1 una lucha muy re\u00f1ida por la pole&#8221;,<\/strong> concluy\u00f3.<\/p>\n\n\n\n<p class=\"wp-block-paragraph\">\u23e9&nbsp;<strong><em>\u00a1Seguinos en redes por&nbsp;<\/em><\/strong><a href=\"https:\/\/twitter.com\/grandepremioES\"><em>Twitter&nbsp;<\/em><\/a><strong><em>e&nbsp;<\/em><\/strong><a href=\"https:\/\/www.instagram.com\/grandepremioes\/\"><em>Instagram!<br><\/em><\/a>\u23e9&nbsp;<strong><em>Adem\u00e1s, tenemos nuestro&nbsp;<\/em><\/strong><a href=\"https:\/\/whatsapp.com\/channel\/0029VaDZ5zb0gcfDxuwxBM05\"><em>canal de Whatsapp<\/em><\/a><strong><em>&nbsp;con toda la informaci\u00f3n al instante<\/em><\/strong>&nbsp;\ud83c\udfc1<\/p>\n\n\n\n<p class=\"wp-block-paragraph\">La F\u00f3rmula 1 sigue este fin de semana con el Gran Premio de Italia en Monza con la FP3 el s\u00e1bado a las 7:30, hora de Buenos Aires, para la continuidad del 13\u00b0 evento de la temporada 2026.<\/p>\n","protected":false},"excerpt":{"rendered":"<p>Kimi Antonelli resalt\u00f3 el ritmo de Mercedes en Monza despu\u00e9s de los entrenamientos del viernes para el Gran Premio de Italia de F\u00f3rmula 1, pero admiti\u00f3 que la lucha por la pole position ser\u00e1 feroz con Ferrari.<\/p>\n","protected":false},"author":31,"featured_media":1020313654,"comment_status":"closed","ping_status":"closed","sticky":false,"template":"","format":"standard","meta":{"42wp_featured_image_caption":"Kimi Antonelli (Foto: Mercedes)","42wp_featured_image_credits":"","42wp_featured_video":"","42wp_featured_image_hidden":false,"42wp_authors_list":[{"id":14237,"location":"de Buenos Aires"}],"footnotes":""},"categories":[5],"tags":[179,673,9072,197],"42wp_author":[14237],"class_list":["post-40256","post","type-post","status-publish","format-standard","has-post-thumbnail","hentry","category-f1","tag-formula-1","tag-gp-de-italia","tag-kimi-antonelli","tag-mercedes","42wp_author-gabriel-garcia"],"_links":{"self":[{"href":"https:\/\/grandepremio.com\/es\/wp-json\/wp\/v2\/posts\/40256","targetHints":{"allow":["GET"]}}],"collection":[{"href":"https:\/\/grandepremio.com\/es\/wp-json\/wp\/v2\/posts"}],"about":[{"href":"https:\/\/grandepremio.com\/es\/wp-json\/wp\/v2\/types\/post"}],"author":[{"embeddable":true,"href":"https:\/\/grandepremio.com\/es\/wp-json\/wp\/v2\/users\/31"}],"replies":[{"embeddable":true,"href":"https:\/\/grandepremio.com\/es\/wp-json\/wp\/v2\/comments?post=40256"}],"version-history":[{"count":3,"href":"https:\/\/grandepremio.com\/es\/wp-json\/wp\/v2\/posts\/40256\/revisions"}],"predecessor-version":[{"id":40262,"href":"https:\/\/grandepremio.com\/es\/wp-json\/wp\/v2\/posts\/40256\/revisions\/40262"}],"wp:featuredmedia":[{"embeddable":true,"href":"https:\/\/grandepremio.com\/es\/wp-json\/wp\/v2\/media\/1020313654"}],"wp:attachment":[{"href":"https:\/\/grandepremio.com\/es\/wp-json\/wp\/v2\/media?parent=40256"}],"wp:term":[{"taxonomy":"category","embeddable":true,"href":"https:\/\/grandepremio.com\/es\/wp-json\/wp\/v2\/categories?post=40256"},{"taxonomy":"post_tag","embeddable":true,"href":"https:\/\/grandepremio.com\/es\/wp-json\/wp\/v2\/tags?post=40256"},{"taxonomy":"42wp_author","embeddable":true,"href":"https:\/\/grandepremio.com\/es\/wp-json\/wp\/v2\/42wp_author?post=40256"}],"curies":[{"name":"wp","href":"https:\/\/api.w.org\/{rel}","templated":true}]}}