{"id":40293,"date":"2026-09-04T17:19:39","date_gmt":"2026-09-04T20:19:39","guid":{"rendered":"https:\/\/grandepremio.com\/es\/?p=40293"},"modified":"2026-09-04T18:32:19","modified_gmt":"2026-09-04T21:32:19","slug":"red-bull-busca-respuestas-falta-equilibrio-autos-monza","status":"publish","type":"post","link":"https:\/\/grandepremio.com\/es\/f1\/red-bull-busca-respuestas-falta-equilibrio-autos-monza\/","title":{"rendered":"Red Bull busca respuestas a la falta de equilibrio de sus autos en Monza: &#8220;Tenemos decisiones que tomar&#8221;"},"content":{"rendered":"\n<p class=\"wp-block-paragraph\">No est\u00e1 siendo una temporada f\u00e1cil para el equipo <strong>Red Bull<\/strong> en el inicio de su asociaci\u00f3n con Ford para la provisi\u00f3n de las unidades de potencia de <strong>F\u00f3rmula 1<\/strong>. Es que, sumado al accidente de <strong>Max Verstappen<\/strong> en Zandvoort, el viernes en <strong>Monza <\/strong>no fue nada bueno, con el neerland\u00e9s noveno y a <strong>Liam Lawson<\/strong>, que sigue reemplazando a<strong> Isack Hadjar<\/strong>, en 12\u00b0 puesto de la FP2.<\/p>\n\n\n\n<p class=\"wp-block-paragraph\">\ud83d\udfe5&nbsp;<strong><em>\u00a1Todas las novedades te esperan en el canal de&nbsp;<\/em><\/strong><a href=\"https:\/\/www.youtube.com\/@GrandePremioES\"><em>YouTube<\/em><\/a><strong><em>&nbsp;de Grande Pr\u00eamio en Espa\u00f1ol!<\/em><\/strong>&nbsp;\ud83d\udfe8<\/p>\n\n\n\n<p class=\"wp-block-paragraph\">Pierre Wach\u00e9, el jefe t\u00e9cnico, retom\u00f3 las declaraciones de Verstappen sobre los problemas con el equilibrio del auto en los entrenamientos del <strong>GP de Italia<\/strong> y las fallas en la puesta a punto, admitiendo que la clasificaci\u00f3n de ma\u00f1ana ser\u00e1 muy complicada para ellos, sobre todo porque el RB22 demostr\u00f3 ser un mejor auto para las carreras.<\/p>\n\n\n\n<p class=\"wp-block-paragraph\"><strong>\u201cEsta ma\u00f1ana, comenzamos con Ayumu en lugar de Max y, una vez m\u00e1s, hizo un gran trabajo. Ten\u00eda mucho trabajo, con muchos datos que recopilar en las pruebas aerodin\u00e1micas, y luego intent\u00f3 orientar a Max en cuanto a la puesta a punto. Hizo un buen trabajo y sabemos que podemos contar con \u00e9l\u201d<\/strong>, comenz\u00f3 Wach\u00e9.<\/p>\n\n\n\n<figure class=\"wp-block-embed is-type-video is-provider-youtube wp-block-embed-youtube wp-embed-aspect-16-9 wp-has-aspect-ratio\"><div class=\"wp-block-embed__wrapper\">\n<iframe loading=\"lazy\" title=\"GP DE ITALIA 2026 - LA PREVIA\" width=\"500\" height=\"281\" src=\"https:\/\/www.youtube.com\/embed\/wKg-mtjlkmM?feature=oembed\" frameborder=\"0\" allow=\"accelerometer; autoplay; clipboard-write; encrypted-media; gyroscope; picture-in-picture; web-share\" referrerpolicy=\"strict-origin-when-cross-origin\" allowfullscreen><\/iframe>\n<\/div><\/figure>\n\n\n\n<p class=\"wp-block-paragraph\"><strong>\u201cCon Max de vuelta en el coche esta tarde, continuamos con las pruebas aerodin\u00e1micas para revisar algunos detalles, y creo que fuimos por buen camino. Luego tuvimos algunos problemas con el equilibrio del coche de Max, similares a los de Zandvoort, as\u00ed que debemos intentar comprender la causa. Analizamos varios aspectos, por lo que ahora debemos tomar decisiones para corregir los problemas de cara a ma\u00f1ana mediante la puesta a punto y los componentes del coche\u201d<\/strong>, explic\u00f3.<\/p>\n\n\n\n<p class=\"wp-block-paragraph\"><strong>\u201cPara Liam, fue otro d\u00eda productivo, y le vino bien tener m\u00e1s tiempo al volante que en los entrenamientos de Zandvoort. Esa continuidad entre sesiones es fundamental, y hoy volvi\u00f3 a hacer un excelente trabajo\u201d<\/strong>, elogi\u00f3 Wach\u00e9 al neozeland\u00e9s, que volvi\u00f3 a subirse al coche para reemplazar a Hadjar, que sigue recuper\u00e1ndose de su lesi\u00f3n en la mano.<\/p>\n\n\n\n<p class=\"wp-block-paragraph\"><strong>\u201cTenemos mucho trabajo por delante esta noche para intentar recortar distancias con los l\u00edderes antes de la clasificaci\u00f3n. Solemos tener m\u00e1s dificultades en las vueltas r\u00e1pidas y somos mejores en ritmo de carrera. As\u00ed que, veremos qu\u00e9 pasa ma\u00f1ana\u201d<\/strong>, concluy\u00f3.<\/p>\n\n\n\n<p class=\"wp-block-paragraph\">\u23e9&nbsp;<strong><em>\u00a1Seguinos en redes por&nbsp;<\/em><\/strong><a href=\"https:\/\/twitter.com\/grandepremioES\"><em>Twitter&nbsp;<\/em><\/a><strong><em>e&nbsp;<\/em><\/strong><a href=\"https:\/\/www.instagram.com\/grandepremioes\/\"><em>Instagram!<br><\/em><\/a>\u23e9&nbsp;<strong><em>Adem\u00e1s, tenemos nuestro&nbsp;<\/em><\/strong><a href=\"https:\/\/whatsapp.com\/channel\/0029VaDZ5zb0gcfDxuwxBM05\"><em>canal de Whatsapp<\/em><\/a><strong><em>&nbsp;con toda la informaci\u00f3n al instante<\/em><\/strong>&nbsp;\ud83c\udfc1<\/p>\n\n\n\n<p class=\"wp-block-paragraph\">La F\u00f3rmula 1 sigue este fin de semana con el Gran Premio de Italia en Monza con la FP3 el s\u00e1bado a las 7:30, hora de Buenos Aires, para la continuidad del 13\u00b0 evento de la temporada 2026.<\/p>\n","protected":false},"excerpt":{"rendered":"<p>Seg\u00fan Pierre Wach\u00e9, Red Bull tiene mucho trabajo por delante si quiere acercarse al ritmo de sus principales rivales en el resto del fin de semana del Gran Premio de Italia de F\u00f3rmula 1. <\/p>\n","protected":false},"author":2,"featured_media":1020313711,"comment_status":"closed","ping_status":"closed","sticky":false,"template":"","format":"standard","meta":{"42wp_featured_image_caption":"Max Verstappen","42wp_featured_image_credits":"Red Bull Content Pool","42wp_featured_video":"","42wp_featured_image_hidden":false,"42wp_authors_list":[{"id":14237,"location":"de Buenos Aires"}],"footnotes":""},"categories":[5],"tags":[179,249,206],"42wp_author":[14237],"class_list":["post-40293","post","type-post","status-publish","format-standard","has-post-thumbnail","hentry","category-f1","tag-formula-1","tag-max-verstappen","tag-red-bull","42wp_author-gabriel-garcia"],"_links":{"self":[{"href":"https:\/\/grandepremio.com\/es\/wp-json\/wp\/v2\/posts\/40293","targetHints":{"allow":["GET"]}}],"collection":[{"href":"https:\/\/grandepremio.com\/es\/wp-json\/wp\/v2\/posts"}],"about":[{"href":"https:\/\/grandepremio.com\/es\/wp-json\/wp\/v2\/types\/post"}],"author":[{"embeddable":true,"href":"https:\/\/grandepremio.com\/es\/wp-json\/wp\/v2\/users\/2"}],"replies":[{"embeddable":true,"href":"https:\/\/grandepremio.com\/es\/wp-json\/wp\/v2\/comments?post=40293"}],"version-history":[{"count":5,"href":"https:\/\/grandepremio.com\/es\/wp-json\/wp\/v2\/posts\/40293\/revisions"}],"predecessor-version":[{"id":40322,"href":"https:\/\/grandepremio.com\/es\/wp-json\/wp\/v2\/posts\/40293\/revisions\/40322"}],"wp:featuredmedia":[{"embeddable":true,"href":"https:\/\/grandepremio.com\/es\/wp-json\/wp\/v2\/media\/1020313711"}],"wp:attachment":[{"href":"https:\/\/grandepremio.com\/es\/wp-json\/wp\/v2\/media?parent=40293"}],"wp:term":[{"taxonomy":"category","embeddable":true,"href":"https:\/\/grandepremio.com\/es\/wp-json\/wp\/v2\/categories?post=40293"},{"taxonomy":"post_tag","embeddable":true,"href":"https:\/\/grandepremio.com\/es\/wp-json\/wp\/v2\/tags?post=40293"},{"taxonomy":"42wp_author","embeddable":true,"href":"https:\/\/grandepremio.com\/es\/wp-json\/wp\/v2\/42wp_author?post=40293"}],"curies":[{"name":"wp","href":"https:\/\/api.w.org\/{rel}","templated":true}]}}