{"id":40326,"date":"2026-09-04T18:58:18","date_gmt":"2026-09-04T21:58:18","guid":{"rendered":"https:\/\/grandepremio.com\/es\/?p=40326"},"modified":"2026-09-04T18:58:20","modified_gmt":"2026-09-04T21:58:20","slug":"piastri-reconoce-que-mclaren-no-tiene-el-ritmo-para-vencer-a-sus-rivales-en-monza","status":"publish","type":"post","link":"https:\/\/grandepremio.com\/es\/f1\/piastri-reconoce-que-mclaren-no-tiene-el-ritmo-para-vencer-a-sus-rivales-en-monza\/","title":{"rendered":"Piastri reconoce que McLaren no tiene el ritmo para vencer a sus rivales en Monza"},"content":{"rendered":"\n<h2 class=\"wp-block-heading\">Resumen de la noticia<\/h2>\n\n\n\n<ul class=\"wp-block-list\">\n<li><strong>Oscar Piastri termin\u00f3 11\u00ba en la FP1 y 6\u00ba en la FP2 del GP de Italia<\/strong>, todav\u00eda por detr\u00e1s de las principales referencias del viernes.<\/li>\n\n\n\n<li>El australiano admiti\u00f3 que <strong>McLaren a\u00fan no tiene el ritmo necesario para enfrentarse a sus rivales<\/strong>, pero destac\u00f3 la cantidad de datos recogidos durante los entrenamientos.<\/li>\n\n\n\n<li>Piastri espera que el equipo pueda extraer m\u00e1s rendimiento durante la noche y aprovechar la FP3 para llegar mejor preparado a la clasificaci\u00f3n.<\/li>\n<\/ul>\n\n\n\n<p class=\"wp-block-paragraph\">Oscar Piastri reconoci\u00f3 que <strong>McLaren todav\u00eda est\u00e1 por debajo del nivel de rendimiento necesario para luchar contra sus principales rivales en el GP de Italia<\/strong>, 13\u00aa cita de la temporada 2026 de F\u00f3rmula 1. Sin embargo, el australiano termin\u00f3 el primer d\u00eda de actividad en Monza con confianza en que el an\u00e1lisis de los datos permita al equipo dar un paso adelante.<\/p>\n\n\n\n<p class=\"wp-block-paragraph\">El piloto del McLaren #81 comenz\u00f3 el viernes con el <strong>11\u00ba puesto en la FP1<\/strong>, gracias a un tiempo de 1min24s184, a 1s176 del Ferrari de Charles Leclerc, que lider\u00f3 la sesi\u00f3n. La situaci\u00f3n mejor\u00f3 en la segunda pr\u00e1ctica: Piastri marc\u00f3 1min23s028 y subi\u00f3 al <strong>6\u00ba lugar<\/strong>, aunque qued\u00f3 a 0s469 de George Russell, l\u00edder con Mercedes.<\/p>\n\n\n\n<p class=\"wp-block-paragraph\">La jornada dej\u00f3 a McLaren con una referencia clara del trabajo que todav\u00eda debe realizar. De hecho, el propio equipo ya reconoci\u00f3 que <strong>la pole position ser\u00e1 dif\u00edcil de alcanzar en Monza<\/strong> y que todav\u00eda existen aspectos relacionados con la gesti\u00f3n de energ\u00eda que necesitan ser optimizados.<\/p>\n\n\n\n<p class=\"wp-block-paragraph\">\u201c<strong>El primer d\u00eda en Monza ha terminado. Hemos aprendido una cantidad razonable de cosas y recopilado muchos datos, lo que nos da una base s\u00f3lida para trabajar durante la noche<\/strong>\u201d, comenz\u00f3 Piastri.<\/p>\n\n\n\n<p class=\"wp-block-paragraph\">El australiano destac\u00f3, adem\u00e1s, que el equipo todav\u00eda tiene margen para mejorar el comportamiento del MCL40 antes de la clasificaci\u00f3n.<\/p>\n\n\n\n<p class=\"wp-block-paragraph\">\u201c<strong>Todav\u00eda tenemos mucho por aprender y maximizar, ya que no tenemos el ritmo que necesitamos en este momento. Nos concentraremos en desbloquear m\u00e1s rendimiento durante la noche y veremos qu\u00e9 m\u00e1s podemos sacar de la FP3 de cara a la clasificaci\u00f3n<\/strong>\u201d, concluy\u00f3.<\/p>\n\n\n\n<p class=\"wp-block-paragraph\">El escenario de Monza supone una prueba particularmente importante para McLaren despu\u00e9s de las victorias de Lando Norris en <strong>Hungr\u00eda y Pa\u00edses Bajos<\/strong>, ya que el trazado italiano exige una configuraci\u00f3n de baja carga aerodin\u00e1mica y una elevada eficiencia en las largas rectas. El equipo tambi\u00e9n llev\u00f3 a Monza modificaciones espec\u00edficas en el aler\u00f3n trasero y el piso para reducir la resistencia aerodin\u00e1mica.<\/p>\n\n\n\n<p class=\"wp-block-paragraph\">Mientras Piastri termin\u00f3 6\u00ba, <strong>Lando Norris fue 4\u00ba en la FP2<\/strong>, por detr\u00e1s de Russell, Leclerc y Kimi Antonelli. El resultado mantiene a McLaren dentro de la pelea, aunque el rendimiento mostrado el viernes sugiere que Ferrari y Mercedes pueden partir con una ventaja inicial en la lucha por las primeras posiciones.<\/p>\n\n\n\n<p class=\"wp-block-paragraph\">Con la clasificaci\u00f3n todav\u00eda por disputarse, Piastri y McLaren tendr\u00e1n la FP3 como \u00faltima oportunidad para ajustar el MCL40 antes de definir la parrilla de salida. Todos los horarios y transmisiones para Am\u00e9rica y Espa\u00f1a est\u00e1n disponibles en la gu\u00eda del <a href=\"https:\/\/grandepremio.com\/es\/f1\/gp-de-italia-2026-todos-los-horarios-para-ver-a-colapinto-en-f1\/?utm_source=chatgpt.com\"><strong>GP de Italia 2026<\/strong><\/a> de <strong>GRANDE PR\u00caMIO<\/strong>.<\/p>\n\n\n\n<h2 class=\"wp-block-heading\">Preguntas frecuentes (FAQ)<\/h2>\n\n\n\n<p class=\"wp-block-paragraph\"><strong>1. \u00bfCu\u00e1ndo es la clasificaci\u00f3n del GP de Italia 2026 de F1?<\/strong><br>La clasificaci\u00f3n del GP de Italia se disputa el s\u00e1bado 5 de septiembre en Monza. Ser\u00e1 la sesi\u00f3n que definir\u00e1 la parrilla de salida para la carrera del domingo.<\/p>\n\n\n\n<p class=\"wp-block-paragraph\"><strong>2. \u00bfEn qu\u00e9 posici\u00f3n largar\u00e1 Oscar Piastri en el GP de Italia 2026?<\/strong><br>La posici\u00f3n de salida de Piastri todav\u00eda depender\u00e1 del resultado de la clasificaci\u00f3n. El piloto de McLaren termin\u00f3 6\u00ba en la FP2 del viernes y buscar\u00e1 mejorar su posici\u00f3n durante la sesi\u00f3n del s\u00e1bado.<\/p>\n\n\n\n<p class=\"wp-block-paragraph\"><strong>3. \u00bfD\u00f3nde ver el GP de Italia 2026 de F\u00f3rmula 1?<\/strong><br>La carrera se disputa el domingo 6 de septiembre en Monza. Los horarios y las transmisiones para Espa\u00f1a y los principales pa\u00edses de Am\u00e9rica est\u00e1n detallados en la gu\u00eda del GP de Italia publicada por <strong>GRANDE PR\u00caMIO<\/strong>.<\/p>\n","protected":false},"excerpt":{"rendered":"<p>Oscar Piastri termin\u00f3 el viernes del GP de Italia fuera del top-5 y reconoci\u00f3 que McLaren todav\u00eda necesita encontrar rendimiento, aunque destac\u00f3 la cantidad de datos recopilados en Monza<\/p>\n","protected":false},"author":2,"featured_media":1020313698,"comment_status":"closed","ping_status":"closed","sticky":false,"template":"","format":"standard","meta":{"42wp_featured_image_caption":"Piastri alerta sobre el ritmo de McLaren en el GP de Italia","42wp_featured_image_credits":"McLaren","42wp_featured_video":"","42wp_featured_image_hidden":false,"42wp_authors_list":[],"footnotes":""},"categories":[5],"tags":[1680,179,14361,269,645,278],"42wp_author":[14408],"class_list":["post-40326","post","type-post","status-publish","format-standard","has-post-thumbnail","hentry","category-f1","tag-f1-2026","tag-formula-1","tag-gp-de-italia-2026","tag-mclaren","tag-monza","tag-oscar-piastri","42wp_author-vicente-soella"],"_links":{"self":[{"href":"https:\/\/grandepremio.com\/es\/wp-json\/wp\/v2\/posts\/40326","targetHints":{"allow":["GET"]}}],"collection":[{"href":"https:\/\/grandepremio.com\/es\/wp-json\/wp\/v2\/posts"}],"about":[{"href":"https:\/\/grandepremio.com\/es\/wp-json\/wp\/v2\/types\/post"}],"author":[{"embeddable":true,"href":"https:\/\/grandepremio.com\/es\/wp-json\/wp\/v2\/users\/2"}],"replies":[{"embeddable":true,"href":"https:\/\/grandepremio.com\/es\/wp-json\/wp\/v2\/comments?post=40326"}],"version-history":[{"count":1,"href":"https:\/\/grandepremio.com\/es\/wp-json\/wp\/v2\/posts\/40326\/revisions"}],"predecessor-version":[{"id":40327,"href":"https:\/\/grandepremio.com\/es\/wp-json\/wp\/v2\/posts\/40326\/revisions\/40327"}],"wp:featuredmedia":[{"embeddable":true,"href":"https:\/\/grandepremio.com\/es\/wp-json\/wp\/v2\/media\/1020313698"}],"wp:attachment":[{"href":"https:\/\/grandepremio.com\/es\/wp-json\/wp\/v2\/media?parent=40326"}],"wp:term":[{"taxonomy":"category","embeddable":true,"href":"https:\/\/grandepremio.com\/es\/wp-json\/wp\/v2\/categories?post=40326"},{"taxonomy":"post_tag","embeddable":true,"href":"https:\/\/grandepremio.com\/es\/wp-json\/wp\/v2\/tags?post=40326"},{"taxonomy":"42wp_author","embeddable":true,"href":"https:\/\/grandepremio.com\/es\/wp-json\/wp\/v2\/42wp_author?post=40326"}],"curies":[{"name":"wp","href":"https:\/\/api.w.org\/{rel}","templated":true}]}}