{"id":40349,"date":"2026-09-04T20:00:52","date_gmt":"2026-09-04T23:00:52","guid":{"rendered":"https:\/\/grandepremio.com\/es\/?p=40349"},"modified":"2026-09-04T20:00:53","modified_gmt":"2026-09-04T23:00:53","slug":"sancionados-y-exclusion-clasificaciones-f2-f3-monza","status":"publish","type":"post","link":"https:\/\/grandepremio.com\/es\/f2\/sancionados-y-exclusion-clasificaciones-f2-f3-monza\/","title":{"rendered":"Sancionados y exclusi\u00f3n tras las clasificaciones que disputaron la F\u00f3rmula 2 y F\u00f3rmula 3 en Monza"},"content":{"rendered":"\n<p class=\"wp-block-paragraph\">Es habitual que haya esperar varias horas despu\u00e9s de la clasificaci\u00f3n de <strong>F\u00f3rmula 2<\/strong> y <strong>F\u00f3rmula 3<\/strong> para determinar las grillas de partida para las carreras del fin de semana. En el caso de la ronda en <strong>Monza<\/strong>, en la primera de estas categor\u00edas se produjeron varios sancionados por ir m\u00e1s lento de lo debido en la sesi\u00f3n cronometrada.<\/p>\n\n\n\n<p class=\"wp-block-paragraph\">\ud83d\udfe5&nbsp;<strong><em>\u00a1Todas las novedades te esperan en el canal de&nbsp;<\/em><\/strong><a href=\"https:\/\/www.youtube.com\/@GrandePremioES\"><em>YouTube<\/em><\/a><strong><em>&nbsp;de Grande Pr\u00eamio en Espa\u00f1ol!<\/em><\/strong>&nbsp;\ud83d\udfe8<\/p>\n\n\n\n<p class=\"wp-block-paragraph\"><strong>Nikola Tsolov<\/strong>, Dino Beganovic, Noel Le\u00f3n, Sebasti\u00e1n Montoya, Kush Maini, Mari Boya y Gabriele Min\u00ec perdieron tres posiciones en la parrilla de salida para las dos carreras de este fin de semana. El l\u00edder del campeonato bloque\u00f3 la vuelta del colombiano, por esto qued\u00f3 reclasificado en la novena posici\u00f3n.<\/p>\n\n\n\n<p class=\"wp-block-paragraph\">Montoya tampoco se libr\u00f3 de la penalizaci\u00f3n por permanecer en el centro de la pista entre las curvas 10 y 11, al igual que Beganovic, Le\u00f3n y Maini. Esto se debe a que, seg\u00fan los comisarios de la Federaci\u00f3n Internacional del Autom\u00f3vil (<strong>FIA<\/strong>),<strong><em> &#8220;los pilotos que no est\u00e1n en vuelta r\u00e1pida deben hacer todo lo posible por evitar la trazada ideal&#8221;<\/em><\/strong>. Boya tambi\u00e9n iba lento en curva 10, y por esto se sum\u00f3 a la lista de sancionados de la entidad.<\/p>\n\n\n\n<p class=\"wp-block-paragraph\">Finalmente, Min\u00ec, que actualmente ocupa el segundo lugar en el campeonato y se hab\u00eda clasificado en la und\u00e9cima posici\u00f3n, tambi\u00e9n perdi\u00f3 tres posiciones en la parrilla por obstaculizar a Cian Shields durante la sesi\u00f3n. Esto promovi\u00f3 varios puestos a <strong>Nicol\u00e1s Varrone<\/strong> para ambas carreras y ma\u00f1ana largar\u00e1 13\u00b0, en lugar del 17\u00b0 que hab\u00eda obtenido en la pista.<\/p>\n\n\n\n<figure class=\"wp-block-image size-full\"><img loading=\"lazy\" decoding=\"async\" width=\"1024\" height=\"682\" src=\"https:\/\/grandepremio.com\/es\/wp-content\/uploads\/2026\/09\/imagem_2026-09-04_191027127.png\" alt=\"\" class=\"wp-image-1020313766\" srcset=\"https:\/\/grandepremio.com\/wp-content\/uploads\/2026\/09\/imagem_2026-09-04_191027127.png 1024w, https:\/\/grandepremio.com\/wp-content\/uploads\/2026\/09\/imagem_2026-09-04_191027127-300x200.png 300w, https:\/\/grandepremio.com\/wp-content\/uploads\/2026\/09\/imagem_2026-09-04_191027127-768x512.png 768w, https:\/\/grandepremio.com\/wp-content\/uploads\/2026\/09\/imagem_2026-09-04_191027127-150x100.png 150w\" sizes=\"(max-width: 1024px) 100vw, 1024px\" \/><figcaption class=\"wp-element-caption\">Matteo De Palo fue excluido despu\u00e9s de la clasificaci\u00f3n de F3 en Monza. (Foto: Reproducci\u00f3n)<\/figcaption><\/figure>\n\n\n\n<p class=\"wp-block-paragraph\"><strong><u>De Palo, excluido<\/u><\/strong><\/p>\n\n\n\n<p class=\"wp-block-paragraph\">Tras la clasificaci\u00f3n de la F\u00f3rmula 3, <strong>Matteo de Palo<\/strong> fue descalificado porque los comisarios t\u00e9cnicos de la FIA detectaron que la altura del difusor del coche del equipo <strong>Trident <\/strong>estaba por debajo del m\u00ednimo estipulado, que es de <em>3mm<\/em>. De esta manera, largar\u00e1 desde la \u00faltima posici\u00f3n en ambas carreras del fin de semana.<\/p>\n\n\n\n<p class=\"wp-block-paragraph\">De Palo hab\u00eda marcado el mejor tiempo en el Grupo 1 de la clasificaci\u00f3n y habr\u00eda largado segundo de no ser por la exclusi\u00f3n. Esto gener\u00f3 cambios en el clasificador y en las grillas, dado que <strong>Mattia Colnaghi<\/strong> ser\u00e1 s\u00e9ptimo en la carrera sprint. De acuerdo con la categor\u00eda, Brando Badoer ser\u00e1 quien largue primero en la prueba de ma\u00f1ana.<\/p>\n\n\n\n<p class=\"wp-block-paragraph\">\u23e9&nbsp;<strong><em>\u00a1Seguinos en redes por&nbsp;<\/em><\/strong><a href=\"https:\/\/twitter.com\/grandepremioES\"><em>Twitter&nbsp;<\/em><\/a><strong><em>e&nbsp;<\/em><\/strong><a href=\"https:\/\/www.instagram.com\/grandepremioes\/\"><em>Instagram!<br><\/em><\/a>\u23e9&nbsp;<strong><em>Adem\u00e1s, tenemos nuestro&nbsp;<\/em><\/strong><a href=\"https:\/\/whatsapp.com\/channel\/0029VaDZ5zb0gcfDxuwxBM05\"><em>canal de Whatsapp<\/em><\/a><strong><em>&nbsp;con toda la informaci\u00f3n al instante<\/em><\/strong>&nbsp;\ud83c\udfc1<\/p>\n\n\n\n<p class=\"wp-block-paragraph\">La F3 correr\u00e1 su carrera sprint a las 3:15, hora de Buenos Aires, mientras que la F2 lo har\u00e1 m\u00e1s tarde, a las 9:15. Cobertura de GRANDE PREMIO en espa\u00f1ol.<\/p>\n\n\n\n<figure class=\"wp-block-embed is-type-video is-provider-youtube wp-block-embed-youtube wp-embed-aspect-16-9 wp-has-aspect-ratio\"><div class=\"wp-block-embed__wrapper\">\n<iframe loading=\"lazy\" title=\"GP DE ITALIA 2026 - LA PREVIA\" width=\"500\" height=\"281\" src=\"https:\/\/www.youtube.com\/embed\/wKg-mtjlkmM?feature=oembed\" frameborder=\"0\" allow=\"accelerometer; autoplay; clipboard-write; encrypted-media; gyroscope; picture-in-picture; web-share\" referrerpolicy=\"strict-origin-when-cross-origin\" allowfullscreen><\/iframe>\n<\/div><\/figure>\n","protected":false},"excerpt":{"rendered":"<p>Nikola Tsolov y Gabriele Min\u00ed fueron algunos de los pilotos sancionados por incidentes en pista en la clasificaci\u00f3n de F\u00f3rmula 2 en Monza, mientras que Matteo de Palo fue excluido, pero de la tanda disputada por la F\u00f3rmula 3. <\/p>\n","protected":false},"author":31,"featured_media":1001091498,"comment_status":"closed","ping_status":"closed","sticky":false,"template":"","format":"standard","meta":{"42wp_featured_image_caption":"Nikola Tsolov. (Foto: Reproducci\u00f3n)","42wp_featured_image_credits":"","42wp_featured_video":"","42wp_featured_image_hidden":false,"42wp_authors_list":[{"id":14237,"location":"de Buenos Aires"}],"footnotes":""},"categories":[3],"tags":[211,1128,645,4588],"42wp_author":[14237],"class_list":["post-40349","post","type-post","status-publish","format-standard","has-post-thumbnail","hentry","category-f2","tag-formula-2","tag-formula-3","tag-monza","tag-nikola-tsolov","42wp_author-gabriel-garcia"],"_links":{"self":[{"href":"https:\/\/grandepremio.com\/es\/wp-json\/wp\/v2\/posts\/40349","targetHints":{"allow":["GET"]}}],"collection":[{"href":"https:\/\/grandepremio.com\/es\/wp-json\/wp\/v2\/posts"}],"about":[{"href":"https:\/\/grandepremio.com\/es\/wp-json\/wp\/v2\/types\/post"}],"author":[{"embeddable":true,"href":"https:\/\/grandepremio.com\/es\/wp-json\/wp\/v2\/users\/31"}],"replies":[{"embeddable":true,"href":"https:\/\/grandepremio.com\/es\/wp-json\/wp\/v2\/comments?post=40349"}],"version-history":[{"count":4,"href":"https:\/\/grandepremio.com\/es\/wp-json\/wp\/v2\/posts\/40349\/revisions"}],"predecessor-version":[{"id":40353,"href":"https:\/\/grandepremio.com\/es\/wp-json\/wp\/v2\/posts\/40349\/revisions\/40353"}],"wp:featuredmedia":[{"embeddable":true,"href":"https:\/\/grandepremio.com\/es\/wp-json\/wp\/v2\/media\/1001091498"}],"wp:attachment":[{"href":"https:\/\/grandepremio.com\/es\/wp-json\/wp\/v2\/media?parent=40349"}],"wp:term":[{"taxonomy":"category","embeddable":true,"href":"https:\/\/grandepremio.com\/es\/wp-json\/wp\/v2\/categories?post=40349"},{"taxonomy":"post_tag","embeddable":true,"href":"https:\/\/grandepremio.com\/es\/wp-json\/wp\/v2\/tags?post=40349"},{"taxonomy":"42wp_author","embeddable":true,"href":"https:\/\/grandepremio.com\/es\/wp-json\/wp\/v2\/42wp_author?post=40349"}],"curies":[{"name":"wp","href":"https:\/\/api.w.org\/{rel}","templated":true}]}}