{"id":4071,"date":"2025-11-23T05:13:50","date_gmt":"2025-11-23T08:13:50","guid":{"rendered":"https:\/\/grandepremio.com\/es\/2025\/11\/23\/fernando-alonso-aston-martin-gp-las-vegas-f1-2025\/"},"modified":"2025-11-23T07:26:22","modified_gmt":"2025-11-23T10:26:22","slug":"fernando-alonso-aston-martin-gp-las-vegas-f1-2025","status":"publish","type":"post","link":"https:\/\/grandepremio.com\/es\/f1\/fernando-alonso-aston-martin-gp-las-vegas-f1-2025\/","title":{"rendered":"Alonso cuestiona al &#8220;inseguro&#8221; circuito de Las Vegas y exige un cambio en el calendario"},"content":{"rendered":"\n<p class=\"wp-block-paragraph\"><strong>Fernando Alonso<\/strong> no escatim\u00f3 cr\u00edticas hacia el <strong>Gran Premio de Las Vegas<\/strong>. Tras terminar en decimotercer lugar, el bicampe\u00f3n arremeti\u00f3 contra el asfalto del circuito urbano y calific\u00f3 las condiciones como \u00abal l\u00edmite de lo inseguro\u00bb, adem\u00e1s de cuestionar la elecci\u00f3n de la fecha para finales de noviembre y la proximidad con el <strong>Gran Premio de Qatar<\/strong>.<\/p>\n\n\n\n<p class=\"wp-block-paragraph\">\ud83d\udfe5&nbsp;<strong><em>\u00a1Todas las novedades te esperan en el canal de&nbsp;<\/em><\/strong><a href=\"https:\/\/www.youtube.com\/@GrandePremioES\"><em>YouTube<\/em><\/a><strong><em>&nbsp;de Grande Pr\u00eamio en Espa\u00f1ol!<\/em><\/strong>&nbsp;\ud83d\udfe8<\/p>\n\n\n\n<figure class=\"wp-block-embed is-type-video is-provider-youtube wp-block-embed-youtube wp-embed-aspect-16-9 wp-has-aspect-ratio\"><div class=\"wp-block-embed__wrapper\">\n<iframe loading=\"lazy\" title=\"VERSTAPPEN GANA, NORRIS EXCLUIDO: CAMPEONATO ABIERTO EN F1\" width=\"500\" height=\"281\" src=\"https:\/\/www.youtube.com\/embed\/bTgECHjpX5o?feature=oembed\" frameborder=\"0\" allow=\"accelerometer; autoplay; clipboard-write; encrypted-media; gyroscope; picture-in-picture; web-share\" referrerpolicy=\"strict-origin-when-cross-origin\" allowfullscreen><\/iframe>\n<\/div><\/figure>\n\n\n\n<p class=\"wp-block-paragraph\"><strong>Alonso <\/strong>sali\u00f3 s\u00e9ptimo tras una excelente clasificaci\u00f3n bajo la lluvia, pero padeci\u00f3 la falta de rendimiento de <strong>Aston Martin<\/strong> en pista seca. Perdi\u00f3 posiciones ya en la primera curva y, a lo largo de la carrera, fue adelantado por rivales que retrasaron sus paradas y por los dos coches de <strong>Haas<\/strong>, terminando una carrera sin ritmo.<\/p>\n\n\n\n<p class=\"wp-block-paragraph\">\u00abNo ten\u00edamos velocidad. Ya hab\u00eda sido muy complicado en los entrenamientos libres y, salvo la clasificaci\u00f3n bajo la lluvia, nunca fuimos lo suficientemente r\u00e1pidos como para merecer puntos. Nos faltaba velocidad en recta, era dif\u00edcil luchar. Lo volveremos a intentar la pr\u00f3xima semana\u00bb, explic\u00f3.<\/p>\n\n\n\n<p class=\"wp-block-paragraph\">\u00abMi inicio fue bueno, pero <strong>Lawson <\/strong>se meti\u00f3 por dentro y nos sac\u00f3 a <strong>Piastri, Leclerc<\/strong> y a m\u00ed de la pista. No s\u00e9 si lo investigaron. El coche estaba intacto, pero simplemente no hab\u00eda ritmo\u00bb, continu\u00f3.<\/p>\n\n\n\n<p class=\"wp-block-paragraph\"><strong>Alonso<\/strong>, sin embargo, lanz\u00f3 sus cr\u00edticas m\u00e1s duras para el circuito. El espa\u00f1ol afirm\u00f3 que el asfalto de <strong>Las Vegas<\/strong> no cumple con los est\u00e1ndares m\u00ednimos de la F\u00f3rmula 1 y que el bajo agarre pone en riesgo a los pilotos.<\/p>\n\n\n\n<p class=\"wp-block-paragraph\">\u23e9&nbsp;<strong><em>\u00a1Seguinos en redes por&nbsp;<\/em><\/strong><a href=\"https:\/\/twitter.com\/grandepremioES\"><em>Twitter&nbsp;<\/em><\/a><strong><em>e&nbsp;<\/em><\/strong><a href=\"https:\/\/www.instagram.com\/grandepremioes\/\"><em>Instagram!<br><\/em><\/a>\u23e9&nbsp;<strong><em>Adem\u00e1s, tenemos nuestro&nbsp;<\/em><\/strong><a href=\"https:\/\/whatsapp.com\/channel\/0029VaDZ5zb0gcfDxuwxBM05\"><em>canal de Whatsapp<\/em><\/a><strong><em>&nbsp;con toda la informaci\u00f3n al instante<\/em><\/strong>&nbsp;\ud83c\udfc1<\/p>\n\n\n\n<figure class=\"wp-block-image size-full\"><img decoding=\"async\" src=\"https:\/\/grandepremio.com\/es\/wp-content\/uploads\/..\/gp_br_uploads\/2025\/11\/las-vegas-2025-f1-classificacao-sauber-nico-hulkenberg-03.jpg\" alt=\"\" class=\"wp-image-379339\"\/><figcaption class=\"wp-element-caption\">Fernando Alonso cuestiona la celebraci\u00f3n del GP de Las Vegas en noviembre (Foto: Sauber)<\/figcaption><\/figure>\n\n\n\n<p class=\"wp-block-paragraph\">\u00abEl circuito es divertido porque es r\u00e1pido, pero el tipo de asfalto no cumple con los est\u00e1ndares de la <strong>F1<\/strong>. Es muy resbaladizo, no podemos poner los neum\u00e1ticos a la temperatura adecuada, no hay agarre y es extremadamente ondulado. Correr aqu\u00ed roza lo inseguro.\u00bb, critic\u00f3.<\/p>\n\n\n\n<p class=\"wp-block-paragraph\">Por \u00faltimo, tambi\u00e9n cuestion\u00f3 la l\u00f3gica de celebrar una carrera en <strong>Las Vegas<\/strong> tan tarde en la temporada, solo siete d\u00edas antes de la fecha de <strong>Qatar<\/strong>. Reiter\u00f3 que entiende los motivos comerciales, pero pidi\u00f3 que se reflexionara al respecto.<\/p>\n\n\n\n<p class=\"wp-block-paragraph\">\u00abLa posici\u00f3n en el calendario es muy dif\u00edcil para nosotros. Hay una gran diferencia horaria, viajes largos, corrimos en <strong>Brasil <\/strong>hace dos semanas y ahora vamos directamente a <strong>Qatar <\/strong>con 17 horas de vuelo y 13 de diferencia horaria. Ning\u00fan otro deporte en el mundo aceptar\u00eda algo as\u00ed\u00bb, dispar\u00f3.<\/p>\n\n\n\n<p class=\"wp-block-paragraph\">\u00abDicen que lo hacemos porque es el fin de semana m\u00e1s tranquilo de <strong>Las Vegas<\/strong>, antes del <strong>D\u00eda de Acci\u00f3n de Gracias<\/strong>. Si es as\u00ed, deber\u00edamos correr en <strong>M\u00f3naco <\/strong>en febrero porque tambi\u00e9n es m\u00e1s tranquilo. Hay cosas en las que tenemos que pensar\u00bb, concluy\u00f3.<\/p>\n\n\n\n<p class=\"wp-block-paragraph\">La&nbsp;<strong>F1&nbsp;<\/strong>vuelve a la acci\u00f3n entre el 28 y 30 de noviembre con el&nbsp;<strong>GP de Qatar<\/strong>, ante\u00faltima fecha de la temporada 2025, que se disputar\u00e1 en el&nbsp;<strong>Circuito Internacional de Lusail<\/strong>. GRANDE PREMIO en ESPA\u00d1OL realizar\u00e1 una cobertura completa del evento.<\/p>\n\n\n\n<p class=\"wp-block-paragraph\"><\/p>\n","protected":false},"excerpt":{"rendered":"<p>Fernando Alonso critic\u00f3 duramente las condiciones del asfalto y pidi\u00f3 a la Federaci\u00f3n Internacional de Automovilismo (FIA) que cambie la fecha del GP de Las Vegas en el calendario de la F1<\/p>\n","protected":false},"author":0,"featured_media":1001036728,"comment_status":"closed","ping_status":"closed","sticky":false,"template":"","format":"standard","meta":{"42wp_featured_image_caption":"","42wp_featured_image_credits":"","42wp_featured_video":"","42wp_featured_image_hidden":false,"42wp_authors_list":[],"footnotes":""},"categories":[5],"tags":[209,181,1710,184,179,8059,13216,1488,9647],"42wp_author":[14239],"class_list":["post-4071","post","type-post","status-publish","format-standard","has-post-thumbnail","hentry","category-f1","tag-aston-martin","tag-f1","tag-f1-2025","tag-fernando-alonso","tag-formula-1","tag-formula-1-2025","tag-gp-de-las-vegas-2025","tag-grande-premio","tag-temporada-2025-f1","42wp_author-jp-otrosky"],"_links":{"self":[{"href":"https:\/\/grandepremio.com\/es\/wp-json\/wp\/v2\/posts\/4071","targetHints":{"allow":["GET"]}}],"collection":[{"href":"https:\/\/grandepremio.com\/es\/wp-json\/wp\/v2\/posts"}],"about":[{"href":"https:\/\/grandepremio.com\/es\/wp-json\/wp\/v2\/types\/post"}],"replies":[{"embeddable":true,"href":"https:\/\/grandepremio.com\/es\/wp-json\/wp\/v2\/comments?post=4071"}],"version-history":[{"count":0,"href":"https:\/\/grandepremio.com\/es\/wp-json\/wp\/v2\/posts\/4071\/revisions"}],"wp:featuredmedia":[{"embeddable":true,"href":"https:\/\/grandepremio.com\/es\/wp-json\/wp\/v2\/media\/1001036728"}],"wp:attachment":[{"href":"https:\/\/grandepremio.com\/es\/wp-json\/wp\/v2\/media?parent=4071"}],"wp:term":[{"taxonomy":"category","embeddable":true,"href":"https:\/\/grandepremio.com\/es\/wp-json\/wp\/v2\/categories?post=4071"},{"taxonomy":"post_tag","embeddable":true,"href":"https:\/\/grandepremio.com\/es\/wp-json\/wp\/v2\/tags?post=4071"},{"taxonomy":"42wp_author","embeddable":true,"href":"https:\/\/grandepremio.com\/es\/wp-json\/wp\/v2\/42wp_author?post=4071"}],"curies":[{"name":"wp","href":"https:\/\/api.w.org\/{rel}","templated":true}]}}